{"id":526230,"date":"2025-11-11T02:42:24","date_gmt":"2025-11-11T02:42:24","guid":{"rendered":"https:\/\/www.europesays.com\/fr\/526230\/"},"modified":"2025-11-11T02:42:24","modified_gmt":"2025-11-11T02:42:24","slug":"des-reunions-entre-femmes-pour-plus-degalite-conjugale","status":"publish","type":"post","link":"https:\/\/www.europesays.com\/fr\/526230\/","title":{"rendered":"Des r\u00e9unions entre femmes pour plus d\u2019\u00e9galit\u00e9 conjugale"},"content":{"rendered":"<p>Les in\u00e9galit\u00e9s persistent aussi dans le couple. <strong>\u00ab\u00a0Le sujet est central mais\u00a0tabou\u00a0!\u00a0\u00bb<\/strong> lance Pauline, venue assister \u00e0 une conf\u00e9rence sur le\u00a0couple et l\u2019argent\u00a0le 6\u00a0novembre 2025 \u00e0 Rennes. <strong>\u00ab\u00a0J\u2019ai grandi avec une m\u00e8re qui ne travaillait pas et d\u00e9pendait de mon p\u00e8re. \u00c0 l\u2019inverse, j\u2019ai tout fait pour gagner autant que mon mari\u00a0\u00bb,<\/strong> pr\u00e9cise cette m\u00e8re de trois\u00a0enfants.<\/p>\n<p><strong>\u00ab\u00a0On assume le choix de proposer des \u00e9v\u00e8nements pour les femmes, m\u00eame si \u00e7a fait d\u00e9bat\u00a0\u00bb,<\/strong> souligne Gwen, <a href=\"https:\/\/brest.maville.com\/actu\/actudet_-cartes.-l-ouest-est-il-le-champion-des-territoires-les-moins-inegalitaires-_52692-6837231_actu.Htm\" target=\"_self\" rel=\"noopener\">\u00e0 la t\u00eate du Curiosity club de Rennes qui organise la\u00a0conf\u00e9rence<\/a>. <strong>\u00ab\u00a0Certaines intervenantes ont refus\u00e9 de venir pour cette raison mais\u00a0on constate que la parole est plus libre entre femmes\u00a0\u00bb,<\/strong> argumente-t-elle. Et il y a une demande puisque l\u2019\u00e9v\u00e9nement affiche complet.<strong> \u00ab\u00a0On a d\u00fb refuser du monde\u00a0\u00bb,<\/strong> se r\u00e9jouit-elle.<\/p>\n<p><strong>\u00ab\u00a0Je suis venue car c\u2019est un \u00e9v\u00e9nement r\u00e9serv\u00e9 aux femmes,<\/strong> confirme Astrid, en recherche d\u2019emploi. <strong>Parler d\u2019argent en pr\u00e9sence d\u2019homme aurait \u00e9t\u00e9 un frein pour moi\u00a0\u00bb, <\/strong>ajoute celle qui se dit incomp\u00e9tente en mati\u00e8re de gestion financi\u00e8re.<\/p>\n<p>\u00ab\u00a0Le couple h\u00e9t\u00e9ro appauvrit les femmes\u00a0\u00bb<\/p>\n<p>Premier conseil\u00a0: <strong>\u00ab\u00a0Contrairement aux id\u00e9es re\u00e7ues\u00a0: quand on aime, on compte\u00a0\u00bb,<\/strong> avance Lucille Quillet, autrice du Prix \u00e0 payer. La conf\u00e9renci\u00e8re \u00e9voque, au nom des femmes, <strong>\u00ab\u00a0l\u2019argent que l\u2019on n\u2019aura jamais\u00a0\u00bb.<\/strong> Elle illustre son propos en \u00e9voquant des vacances \u00ab<strong>\u00a0classiques<\/strong>\u00a0\u00bb <a href=\"https:\/\/alencon.maville.com\/actu\/actudet_-l-inegalite-salariale-hommes-femmes-perdure-en-pays-de-la-loire-_13-6191001_actu.Htm\" target=\"_self\" rel=\"noopener\">o\u00f9 l\u2019homme \u2013 qui gagne plus dans 75\u00a0% des cas \u2013<\/a> finance les grosses d\u00e9penses pour une destination qu\u2019il choisit. La femme, qui avait imagin\u00e9 des vacances plus modestes, se sent reconnaissante\u2026 et compense en faisant davantage de t\u00e2ches domestiques <strong>\u00ab\u00a0gratuites\u00a0\u00bb.<\/strong> En plus, elle paie les \u00ab\u00a0\u00e0-c\u00f4t\u00e9s\u00a0\u00bb invisibles, qui lui reviennent parfois plus cher que les vacances initialement envisag\u00e9es.<\/p>\n<p>Plus globalement, dans un sch\u00e9ma classique, l\u2019homme se charge des d\u00e9penses importantes, comme l\u2019achat d\u2019une voiture, l\u00e0 o\u00f9 la femme s\u2019occupe des courses. <strong>\u00ab\u00a0En cas de s\u00e9paration l\u2019homme repart avec la voiture et la femme ses rouleaux de PQ\u00a0\u00bb,<\/strong> caricature volontairement Lucille Quillet pour qui<strong> \u00ab\u00a0le couple h\u00e9t\u00e9ro appauvrit les femmes\u00a0\u00bb.<\/strong><\/p>\n<p><strong>\u00ab\u00a0C\u2019est ultra-choquant\u00a0\u00bb,<\/strong> r\u00e9agit Charlotte. <strong>\u00ab\u00a0On ne peut pas abattre 500\u00a0ans de patriarcat en une d\u00e9cennie, surtout quand les hommes accaparent encore le pouvoir\u00a0!\u00a0\u00bb<\/strong> ajoute Claire.<\/p>\n<p>Pas une fatalit\u00e9<\/p>\n<p>Mais ce n\u2019est pas une fatalit\u00e9. <a href=\"https:\/\/rennes.maville.com\/actu\/actudet_-le-rythme-de-reduction-des-inegalites-hommes-femmes-a-ralenti-depuis-dix-ans-selon-une-etude-_54135-6573729_actu.Htm\" target=\"_self\" rel=\"noopener\">Pour plus d\u2019\u00e9galit\u00e9 conjugale<\/a>, le couple doit prendre le temps de tout mettre \u00e0 plat. Sans oublier les co\u00fbts invisibles, comme les d\u00e9penses purement f\u00e9minines (frais de gyn\u00e9cologie, d\u2019esth\u00e9tique,\u00a0etc.), le travail domestique, le temps pass\u00e9 \u00e0 s\u2019occuper des enfants.<\/p>\n<p>Les d\u00e9penses doivent aussi \u00eatre r\u00e9parties au prorata des revenus. <strong>\u00ab\u00a0Faire 50\/50\u00a0n\u2019est pas \u00e9quitable\u00a0\u00bb,<\/strong> pr\u00e9vient la coach professionnelle. Un compte commun aliment\u00e9 en fonction du salaire de chacun est juste. Il faut aussi se prot\u00e9ger mutuellement et le mariage est bien plus protecteur que le Pacs, rappelle-t-elle. Inciter les femmes \u00e0 ne plus culpabiliser et reprendre confiance \u00e9taient aussi les mots d\u2019ordre de la soir\u00e9e.<\/p>\n<p>Le message est pass\u00e9. Claire repart avec <strong>\u00ab\u00a0des arguments suppl\u00e9mentaires pour aborder plus sereinement le sujet\u00a0\u00bb<\/strong> avec son conjoint. M\u00eame enthousiasme de Juliette qui se sent arm\u00e9e pour <strong>\u00ab\u00a0mettre en place un compte joint \u00e9quitable\u00a0\u00bb<\/strong> mais aussi l\u00e9gitime pour <strong>\u00ab\u00a0n\u00e9gocier une augmentation\u00a0\u00bb.<\/strong><\/p>\n<p>\u00a0<\/p>\n<p>\u00a0<\/p>\n","protected":false},"excerpt":{"rendered":"Les in\u00e9galit\u00e9s persistent aussi dans le couple. \u00ab\u00a0Le sujet est central mais\u00a0tabou\u00a0!\u00a0\u00bb lance Pauline, venue assister \u00e0 une&hellip;\n","protected":false},"author":2,"featured_media":526231,"comment_status":"","ping_status":"","sticky":false,"template":"","format":"standard","meta":{"footnotes":""},"categories":[2821],"tags":[1111,11,829,36821,10660,1777,674,4651,1011,27,12,584,25,20892],"class_list":{"0":"post-526230","1":"post","2":"type-post","3":"status-publish","4":"format-standard","5":"has-post-thumbnail","7":"category-rennes","8":"tag-actu","9":"tag-actualites","10":"tag-bretagne","11":"tag-conjugale","12":"tag-egalite","13":"tag-eu","14":"tag-europe","15":"tag-femmes","16":"tag-fr","17":"tag-france","18":"tag-news","19":"tag-rennes","20":"tag-republique-francaise","21":"tag-reunions"},"share_on_mastodon":{"url":"https:\/\/pubeurope.com\/@fr\/115528764235483757","error":""},"_links":{"self":[{"href":"https:\/\/www.europesays.com\/fr\/wp-json\/wp\/v2\/posts\/526230","targetHints":{"allow":["GET"]}}],"collection":[{"href":"https:\/\/www.europesays.com\/fr\/wp-json\/wp\/v2\/posts"}],"about":[{"href":"https:\/\/www.europesays.com\/fr\/wp-json\/wp\/v2\/types\/post"}],"author":[{"embeddable":true,"href":"https:\/\/www.europesays.com\/fr\/wp-json\/wp\/v2\/users\/2"}],"replies":[{"embeddable":true,"href":"https:\/\/www.europesays.com\/fr\/wp-json\/wp\/v2\/comments?post=526230"}],"version-history":[{"count":0,"href":"https:\/\/www.europesays.com\/fr\/wp-json\/wp\/v2\/posts\/526230\/revisions"}],"wp:featuredmedia":[{"embeddable":true,"href":"https:\/\/www.europesays.com\/fr\/wp-json\/wp\/v2\/media\/526231"}],"wp:attachment":[{"href":"https:\/\/www.europesays.com\/fr\/wp-json\/wp\/v2\/media?parent=526230"}],"wp:term":[{"taxonomy":"category","embeddable":true,"href":"https:\/\/www.europesays.com\/fr\/wp-json\/wp\/v2\/categories?post=526230"},{"taxonomy":"post_tag","embeddable":true,"href":"https:\/\/www.europesays.com\/fr\/wp-json\/wp\/v2\/tags?post=526230"}],"curies":[{"name":"wp","href":"https:\/\/api.w.org\/{rel}","templated":true}]}}