{"id":526234,"date":"2025-11-11T02:44:56","date_gmt":"2025-11-11T02:44:56","guid":{"rendered":"https:\/\/www.europesays.com\/fr\/526234\/"},"modified":"2025-11-11T02:44:56","modified_gmt":"2025-11-11T02:44:56","slug":"un-commerce-bien-connu-des-strasbourgeois-va-ouvrir-dans-lancienne-cellule-du-magasin-boulanger","status":"publish","type":"post","link":"https:\/\/www.europesays.com\/fr\/526234\/","title":{"rendered":"Un commerce bien connu des Strasbourgeois va ouvrir dans l&rsquo;ancienne cellule du magasin Boulanger"},"content":{"rendered":"<p>            Par<br \/>\n        <strong><br \/>\n            <a href=\"https:\/\/actu.fr\/auteur\/ivan-capecchi\" title=\"Consulter tous les articles de Ivan CAPECCHI\" rel=\"nofollow noopener\" target=\"_blank\">Ivan CAPECCHI<\/a><br \/>\n        <\/strong><\/p>\n<p>        Publi\u00e9 le<\/p>\n<p>            6 nov. 2025 \u00e0 14h28<br \/>\n        ; mis \u00e0 jour le 6 nov. 2025 \u00e0 14h51    <\/p>\n<p>Ouvert en 2021, le <a href=\"https:\/\/actu.fr\/grand-est\/strasbourg_67482\/strasbourg-le-magasin-boulanger-du-centre-ville-ferme-definitivement-et-casse-les-prix_62108426.html#:~:text=Boulanger%2C%20l&#039;entreprise%20sp%C3%A9cialis%C3%A9e%20dans,%C3%A0%20La%20Vigie%20et%20Vendenheim.\" rel=\"nofollow noopener\" target=\"_blank\">magasin Boulanger de la rue du 22 Novembre<\/a> \u00e0 Strasbourg avait d\u00e9finitivement ferm\u00e9 le 1er\u00a0f\u00e9vrier 2025. Depuis, aucun <a href=\"https:\/\/actu.fr\/tag\/commerce\" rel=\"nofollow noopener\" target=\"_blank\">commerce<\/a> n\u2019y a pris place. Mais les choses vont tr\u00e8s bient\u00f4t \u00e9voluer sur ce point. On vous explique.<\/p>\n<p>Des travaux d\u2019envergure pr\u00e9vus dans la librairie Kl\u00e9ber<\/p>\n<p class=\" wall-content\">La c\u00e9l\u00e8bre <strong>Librairie Kl\u00e9ber<\/strong>, situ\u00e9e sur la place du m\u00eame nom \u00e0 Strasbourg, va faire l\u2019objet d\u2019importants <a href=\"https:\/\/actu.fr\/tag\/travaux\" rel=\"nofollow noopener\" target=\"_blank\">travaux<\/a> de r\u00e9novation et d\u2019agrandissement.<\/p>\n<p class=\" wall-content\">Objectif\u2009: <strong>moderniser les espaces, am\u00e9liorer l\u2019accueil du public et les conditions de travail des cinquante salari\u00e9s<\/strong>.<\/p>\n<p>Ville de Strasbourg et \u00e9ditions Gallimard se partagent les travaux<\/p>\n<p class=\" wall-content\">La Ville de Strasbourg, propri\u00e9taire du b\u00e2timent, m\u00e8nera une <strong>r\u00e9novation patrimoniale<\/strong>\u2009: r\u00e9fection de la toiture, remplacement de fen\u00eatres, mise en s\u00e9curit\u00e9, reprise des r\u00e9seaux et restauration de la fa\u00e7ade, tout en pr\u00e9servant l\u2019identit\u00e9 architecturale du lieu.<\/p>\n<p class=\" wall-content\">\u00c0 l\u2019int\u00e9rieur, les <strong>\u00e9ditions Gallimard<\/strong>, locataires, prendront en charge les <strong>am\u00e9nagements<\/strong>\u2009: nouveaux mobiliers, agencements, signal\u00e9tique, ascenseurs et espaces repens\u00e9s autour de trois niveaux. Le rez-de-chauss\u00e9e sera consacr\u00e9 \u00e0 la litt\u00e9rature, le premier \u00e9tage aux essais et arts, et le second \u00e0 la jeunesse et \u00e0 la bande dessin\u00e9e.<\/p>\n<p>La librairie Kl\u00e9ber va s\u2019installer dans les anciens locaux de Boulanger<\/p>\n<p class=\" wall-content\">Les travaux <strong>d\u00e9buteront d\u00e9but 2026<\/strong>.<\/p>\n<p>Votre r\u00e9gion, votre actu !<\/p>\n<p>Recevez chaque jour les infos qui comptent pour vous.<\/p>\n<p>\t<a href=\"https:\/\/actu.fr\/newsletter\" class=\"ac-btn ac-btn--corner ac-btn--medium ac-btn--blue800\" rel=\"nofollow noopener\" target=\"_blank\">S&rsquo;incrire<\/a><\/p>\n<p class=\" wall-content\">La librairie <strong>fermera ses portes le 31\u00a0d\u00e9cembre 2025<\/strong> pour <strong>s\u2019installer temporairement au 30 rue du 22 Novembre, dans les anciens locaux de Boulanger<\/strong>. Elle y <strong>rouvrira d\u00e8s le 15\u00a0janvier 2026<\/strong> et y poursuivra l\u2019ensemble de ses activit\u00e9s pendant la dur\u00e9e du chantier.<\/p>\n<p class=\" wall-content\">La r\u00e9ouverture du site r\u00e9nov\u00e9 est esp\u00e9r\u00e9e avant le d\u00e9but du <a href=\"https:\/\/actu.fr\/tag\/marche-de-noel-de-strasbourg\" rel=\"nofollow noopener\" target=\"_blank\">march\u00e9 de No\u00ebl<\/a> 2026.<\/p>\n<p class=\" wall-content\">Personnalisez votre actualit\u00e9 en ajoutant vos villes et m\u00e9dias en favori avec <a href=\"https:\/\/moncompte.actu.fr\" title=\"D\u00e9couvez Mon Actu\" rel=\"nofollow noopener\" data-trk=\"{&quot;cta&quot;:{&quot;action&quot;:&quot;https:\\\/\\\/moncompte.actu.fr&quot;,&quot;category&quot;:&quot;mon compte&quot;,&quot;from&quot;:&quot;article footer&quot;,&quot;name&quot;:&quot;Mon actu&quot;,&quot;type&quot;:&quot;cta&quot;}}\" target=\"_blank\">Mon Actu<\/a>.<\/p>\n","protected":false},"excerpt":{"rendered":"Par Ivan CAPECCHI Publi\u00e9 le 6 nov. 2025 \u00e0 14h28 ; mis \u00e0 jour le 6 nov. 2025&hellip;\n","protected":false},"author":2,"featured_media":526235,"comment_status":"","ping_status":"","sticky":false,"template":"","format":"standard","meta":{"footnotes":""},"categories":[2820],"tags":[1111,11,215,1777,674,1011,27,775,12,25,104,640,2086],"class_list":{"0":"post-526234","1":"post","2":"type-post","3":"status-publish","4":"format-standard","5":"has-post-thumbnail","7":"category-strasbourg","8":"tag-actu","9":"tag-actualites","10":"tag-commerce","11":"tag-eu","12":"tag-europe","13":"tag-fr","14":"tag-france","15":"tag-grand-est","16":"tag-news","17":"tag-republique-francaise","18":"tag-societe","19":"tag-strasbourg","20":"tag-travaux"},"share_on_mastodon":{"url":"https:\/\/pubeurope.com\/@fr\/115528775954507093","error":""},"_links":{"self":[{"href":"https:\/\/www.europesays.com\/fr\/wp-json\/wp\/v2\/posts\/526234","targetHints":{"allow":["GET"]}}],"collection":[{"href":"https:\/\/www.europesays.com\/fr\/wp-json\/wp\/v2\/posts"}],"about":[{"href":"https:\/\/www.europesays.com\/fr\/wp-json\/wp\/v2\/types\/post"}],"author":[{"embeddable":true,"href":"https:\/\/www.europesays.com\/fr\/wp-json\/wp\/v2\/users\/2"}],"replies":[{"embeddable":true,"href":"https:\/\/www.europesays.com\/fr\/wp-json\/wp\/v2\/comments?post=526234"}],"version-history":[{"count":0,"href":"https:\/\/www.europesays.com\/fr\/wp-json\/wp\/v2\/posts\/526234\/revisions"}],"wp:featuredmedia":[{"embeddable":true,"href":"https:\/\/www.europesays.com\/fr\/wp-json\/wp\/v2\/media\/526235"}],"wp:attachment":[{"href":"https:\/\/www.europesays.com\/fr\/wp-json\/wp\/v2\/media?parent=526234"}],"wp:term":[{"taxonomy":"category","embeddable":true,"href":"https:\/\/www.europesays.com\/fr\/wp-json\/wp\/v2\/categories?post=526234"},{"taxonomy":"post_tag","embeddable":true,"href":"https:\/\/www.europesays.com\/fr\/wp-json\/wp\/v2\/tags?post=526234"}],"curies":[{"name":"wp","href":"https:\/\/api.w.org\/{rel}","templated":true}]}}