{"id":526238,"date":"2025-11-11T02:47:22","date_gmt":"2025-11-11T02:47:22","guid":{"rendered":"https:\/\/www.europesays.com\/fr\/526238\/"},"modified":"2025-11-11T02:47:22","modified_gmt":"2025-11-11T02:47:22","slug":"quels-commerces-sont-ouverts-a-nice-et-dans-les-alpes-maritimes","status":"publish","type":"post","link":"https:\/\/www.europesays.com\/fr\/526238\/","title":{"rendered":"quels commerces sont ouverts \u00e0 Nice et dans les Alpes-Maritimes\u00a0?"},"content":{"rendered":"<p>            Par<br \/>\n        <strong><br \/>\n            <a href=\"https:\/\/actu.fr\/auteur\/arthur-frand\" title=\"Consulter tous les articles de Arthur Frand\" target=\"_blank\" rel=\"noopener\">Arthur Frand<\/a><br \/>\n        <\/strong><\/p>\n<p>        Publi\u00e9 le<\/p>\n<p>            10 nov. 2025 \u00e0 11h20        <\/p>\n<p>Vous avez pr\u00e9vu de faire vos courses ou du shopping ce mardi 11\u00a0novembre 2025\u2009? Vous pourrez sauf exception. L\u2019armistice de 1918 est comm\u00e9mor\u00e9 \u00e0 <a href=\"https:\/\/actu.fr\/nice\/\" target=\"_blank\" rel=\"noopener\">Nice<\/a> et dans tout le d\u00e9partement des <a href=\"https:\/\/actu.fr\/provence-alpes-cote-d-azur\/alpes-maritimes_06\" target=\"_blank\" rel=\"noopener\">Alpes-Maritimes<\/a>. Il s\u2019agit d\u2019un <strong>jour f\u00e9ri\u00e9<\/strong> dans tout l\u2019Hexagone.\u00a0Pourtant, les grands centres commerciaux de Nice et des alentours <strong>ouvriront leurs portes<\/strong> tout au long de la journ\u00e9e. actu Nice fait le point, site par site, avec les horaires pr\u00e9vus.<\/p>\n<p>Les grands centres commerciaux ouverts ce 11\u00a0novembre<\/p>\n<p class=\" wall-content\">Voici les centres commerciaux de la C\u00f4te d\u2019Azur qui <strong>accueilleront bien du public<\/strong>\u2009ce mardi 11\u00a0novembre 2025\u2009:<\/p>\n<ul class=\" wall-content\">\n<li>Nic\u00e9toile\u2009: ouvert de 11h \u00e0 19h,<\/li>\n<li>Galeries Lafayettes Nice Mass\u00e9na\u2009: ouvertes de 10h \u00e0 19h,<\/li>\n<li>Cap 3000 \u00e0 Saint-Laurent-du-Var\u2009: ouvert de 11h \u00e0 19h,<\/li>\n<li>Centre commercial Polygone Riviera \u00e0 Cagnes-sur-Mer\u2009: ouvert de 10h \u00e0 20h,<\/li>\n<li>Shopping Promenade Riviera\u2009: ouvert de 10h \u00e0 20h,<\/li>\n<li>Centre commercial TNL\u2009: ouvert de 10h \u00e0 19h,<\/li>\n<li>Centre commercial Nice Lingosti\u00e8re\u2009: ouvert de 10h \u00e0 19h,<\/li>\n<li>Leroy Merlin Nice Lingosti\u00e8re\u2009: ouvert de 9h \u00e0 20h,<\/li>\n<li>Auchan La Trinit\u00e9\u2009: ouvert de 9h30 \u00e0 19h,<\/li>\n<li>Nice Saint-Roch (E.Leclerc)\u2009: ouvert de 8h30 \u00e0 20h,<\/li>\n<li>Nice Saint-Isidore (E.Leclerc)\u2009: ouvert de 9h \u00e0 20h30,<\/li>\n<li>Ikea Nice Saint-Isidore\u2009: ouvert de 10h \u00e0 20h.<\/li>\n<\/ul>\n<p>Les boutiques ind\u00e9pendantes ferm\u00e9es sauf exception<\/p>\n<p class=\" wall-content\">En dehors des centres commerciaux mentionn\u00e9s ci-dessus, la plupart des petits commerces et boutiques ind\u00e9pendantes <strong>resteront bien ferm\u00e9s<\/strong> le 11\u00a0novembre. La d\u00e9cision d\u2019ouvrir revient aux g\u00e9rants des lieux.<\/p>\n<p class=\" wall-content\">Les magasins LIDL de Nice et des alentours n\u2019ont pas annonc\u00e9 d\u2019ouverture sp\u00e9ciale pour ce jour f\u00e9ri\u00e9. Il est conseill\u00e9 <strong>d\u2019anticiper vos achats<\/strong> en consultant les ouvertures au cas par cas.<\/p>\n<p class=\" wall-content\">Personnalisez votre actualit\u00e9 en ajoutant vos villes et m\u00e9dias en favori avec <a href=\"https:\/\/moncompte.actu.fr\" title=\"D\u00e9couvez Mon Actu\" rel=\"nofollow noopener\" data-trk=\"{&quot;cta&quot;:{&quot;action&quot;:&quot;https:\\\/\\\/moncompte.actu.fr&quot;,&quot;category&quot;:&quot;mon compte&quot;,&quot;from&quot;:&quot;article footer&quot;,&quot;name&quot;:&quot;Mon actu&quot;,&quot;type&quot;:&quot;cta&quot;}}\" target=\"_blank\">Mon Actu<\/a>.<\/p>\n","protected":false},"excerpt":{"rendered":"Par Arthur Frand Publi\u00e9 le 10 nov. 2025 \u00e0 11h20 Vous avez pr\u00e9vu de faire vos courses ou&hellip;\n","protected":false},"author":2,"featured_media":526239,"comment_status":"","ping_status":"","sticky":false,"template":"","format":"standard","meta":{"footnotes":""},"categories":[2819],"tags":[1111,11,215,1777,674,1011,27,39144,12,2401,882,25,104],"class_list":{"0":"post-526238","1":"post","2":"type-post","3":"status-publish","4":"format-standard","5":"has-post-thumbnail","7":"category-nice","8":"tag-actu","9":"tag-actualites","10":"tag-commerce","11":"tag-eu","12":"tag-europe","13":"tag-fr","14":"tag-france","15":"tag-jours-feries","16":"tag-news","17":"tag-nice","18":"tag-provence-alpes-cote-dazur","19":"tag-republique-francaise","20":"tag-societe"},"share_on_mastodon":{"url":"https:\/\/pubeurope.com\/@fr\/115528783894029824","error":""},"_links":{"self":[{"href":"https:\/\/www.europesays.com\/fr\/wp-json\/wp\/v2\/posts\/526238","targetHints":{"allow":["GET"]}}],"collection":[{"href":"https:\/\/www.europesays.com\/fr\/wp-json\/wp\/v2\/posts"}],"about":[{"href":"https:\/\/www.europesays.com\/fr\/wp-json\/wp\/v2\/types\/post"}],"author":[{"embeddable":true,"href":"https:\/\/www.europesays.com\/fr\/wp-json\/wp\/v2\/users\/2"}],"replies":[{"embeddable":true,"href":"https:\/\/www.europesays.com\/fr\/wp-json\/wp\/v2\/comments?post=526238"}],"version-history":[{"count":0,"href":"https:\/\/www.europesays.com\/fr\/wp-json\/wp\/v2\/posts\/526238\/revisions"}],"wp:featuredmedia":[{"embeddable":true,"href":"https:\/\/www.europesays.com\/fr\/wp-json\/wp\/v2\/media\/526239"}],"wp:attachment":[{"href":"https:\/\/www.europesays.com\/fr\/wp-json\/wp\/v2\/media?parent=526238"}],"wp:term":[{"taxonomy":"category","embeddable":true,"href":"https:\/\/www.europesays.com\/fr\/wp-json\/wp\/v2\/categories?post=526238"},{"taxonomy":"post_tag","embeddable":true,"href":"https:\/\/www.europesays.com\/fr\/wp-json\/wp\/v2\/tags?post=526238"}],"curies":[{"name":"wp","href":"https:\/\/api.w.org\/{rel}","templated":true}]}}