{"id":526242,"date":"2025-11-11T02:49:32","date_gmt":"2025-11-11T02:49:32","guid":{"rendered":"https:\/\/www.europesays.com\/fr\/526242\/"},"modified":"2025-11-11T02:49:32","modified_gmt":"2025-11-11T02:49:32","slug":"carquefou-la-voix-envoutante-de-walid-ben-selim","status":"publish","type":"post","link":"https:\/\/www.europesays.com\/fr\/526242\/","title":{"rendered":"Carquefou. La voix envo\u00fbtante de Walid Ben Selim"},"content":{"rendered":"<p>Trois questions \u00e0\u2026<\/p>\n<p><strong>Walid Ben Selim, <\/strong>chanteur et compositeur, sera sur la s\u00e8ne de l\u2019\u00e9cole de musique, samedi et dimanche, pour son concert Here and now. Il sera accompagn\u00e9 par la harpiste Marie-Marguerite Cano.<\/p>\n<p>Quelle est votre d\u00e9finition de la po\u00e9sie soufie\u00a0?<\/p>\n<p>C\u2019est un chemin d\u2019amour sur lequel nous marchons pour comprendre pourquoi nous tombons amoureux, pourquoi la vie nous a donn\u00e9 ce cadeau (parfois un fardeau) et nous essayons de r\u00e9pondre par la beaut\u00e9 du verbe, par l\u2019essence des souvenirs des premi\u00e8res sensations. La po\u00e9sie soufie, aborde l\u2019amour comme un sens total et une r\u00e9ponse \u00e0 la vie elle-m\u00eame.<\/p>\n<p>Comment vous avez d\u00e9couvert cette po\u00e9sie\u00a0?<\/p>\n<p>Gr\u00e2ce \u00e0 Darwich, qui dit, dans son po\u00e8me Le lanceur de d\u00e9s\u00a0: \u201cSoufis sont mes termes et charnelles, mes envies\u201d. Cela m\u2019a intrigu\u00e9 et j\u2019ai commenc\u00e9 \u00e0 creuser. D\u2019abord avec le Grand Ma\u00eetre Ibn Arabi, puis Hallaj, Telemsani et je suis tomb\u00e9 amoureux de leurs mots.<\/p>\n<p>Le rap et le soufi font bon m\u00e9nage\u00a0?<\/p>\n<p>Ils ne r\u00e9pondent pas aux m\u00eames aspirations, mais les deux sont \u00e0 nos expressions.<\/p>\n<p>Samedi 15\u00a0novembre, \u00e0 20\u00a0h\u00a045, <strong class=\"date\">et dimanche 16\u00a0novembre, <\/strong>\u00e0 15\u00a0h, concert \u00e0 l\u2019\u00e9cole de musique, 9, all\u00e9e Aim\u00e9e-Antoinette-Camus, dans le cadre de la saison culturelle du th\u00e9\u00e2tre de la Fleuriaye. R\u00e9servation\u00a0: t\u00e9l. 02\u00a028\u00a022\u00a024\u00a024, www.theatre-carquefou.fr.<\/p>\n<p>\u00a0<\/p>\n","protected":false},"excerpt":{"rendered":"Trois questions \u00e0\u2026 Walid Ben Selim, chanteur et compositeur, sera sur la s\u00e8ne de l\u2019\u00e9cole de musique, samedi&hellip;\n","protected":false},"author":2,"featured_media":526243,"comment_status":"","ping_status":"","sticky":false,"template":"","format":"standard","meta":{"footnotes":""},"categories":[2818],"tags":[1111,11,49698,3862,64573,1777,674,1011,27,766,12,2636,25,64575,858,64574],"class_list":{"0":"post-526242","1":"post","2":"type-post","3":"status-publish","4":"format-standard","5":"has-post-thumbnail","7":"category-nantes","8":"tag-actu","9":"tag-actualites","10":"tag-ben","11":"tag-carquefou","12":"tag-envoutante","13":"tag-eu","14":"tag-europe","15":"tag-fr","16":"tag-france","17":"tag-nantes","18":"tag-news","19":"tag-pays-de-la-loire","20":"tag-republique-francaise","21":"tag-selim","22":"tag-voix","23":"tag-walid"},"share_on_mastodon":{"url":"https:\/\/pubeurope.com\/@fr\/115528791961003092","error":""},"_links":{"self":[{"href":"https:\/\/www.europesays.com\/fr\/wp-json\/wp\/v2\/posts\/526242","targetHints":{"allow":["GET"]}}],"collection":[{"href":"https:\/\/www.europesays.com\/fr\/wp-json\/wp\/v2\/posts"}],"about":[{"href":"https:\/\/www.europesays.com\/fr\/wp-json\/wp\/v2\/types\/post"}],"author":[{"embeddable":true,"href":"https:\/\/www.europesays.com\/fr\/wp-json\/wp\/v2\/users\/2"}],"replies":[{"embeddable":true,"href":"https:\/\/www.europesays.com\/fr\/wp-json\/wp\/v2\/comments?post=526242"}],"version-history":[{"count":0,"href":"https:\/\/www.europesays.com\/fr\/wp-json\/wp\/v2\/posts\/526242\/revisions"}],"wp:featuredmedia":[{"embeddable":true,"href":"https:\/\/www.europesays.com\/fr\/wp-json\/wp\/v2\/media\/526243"}],"wp:attachment":[{"href":"https:\/\/www.europesays.com\/fr\/wp-json\/wp\/v2\/media?parent=526242"}],"wp:term":[{"taxonomy":"category","embeddable":true,"href":"https:\/\/www.europesays.com\/fr\/wp-json\/wp\/v2\/categories?post=526242"},{"taxonomy":"post_tag","embeddable":true,"href":"https:\/\/www.europesays.com\/fr\/wp-json\/wp\/v2\/tags?post=526242"}],"curies":[{"name":"wp","href":"https:\/\/api.w.org\/{rel}","templated":true}]}}