{"id":52625,"date":"2025-04-25T20:36:08","date_gmt":"2025-04-25T20:36:08","guid":{"rendered":"https:\/\/www.europesays.com\/fr\/52625\/"},"modified":"2025-04-25T20:36:08","modified_gmt":"2025-04-25T20:36:08","slug":"un-bebe-quitte-le-ventre-de-sa-mere-avant-dy-retourner-afin-quelle-puisse-etre-operee-dun-cancer-des-ovaires","status":"publish","type":"post","link":"https:\/\/www.europesays.com\/fr\/52625\/","title":{"rendered":"Un b\u00e9b\u00e9 \u00ab\u00a0quitte\u00a0\u00bb le ventre de sa m\u00e8re avant d&rsquo;y retourner afin qu&rsquo;elle puisse \u00eatre op\u00e9r\u00e9e d&rsquo;un cancer des ovaires"},"content":{"rendered":"<p>Lucy \u00e9tait enceinte de douze semaines quand l&rsquo;\u00e9chographiste s&rsquo;est rendu compte qu&rsquo;il y avait<strong> \u00ab\u00a0quelque chose\u00a0\u00bb sur son ovaire<\/strong>. Un cancer.<\/p>\n<p>Si le b\u00e9b\u00e9 de cette trentenaire britannique \u00e9tait en bonne sant\u00e9, le fait de mener \u00e0 terme la grossesse risquait de laisser la maladie se propager, <a href=\"https:\/\/www.20minutes.fr\/sante\/4150205-20250424-royaume-uni-raconte-histoire-bebe-deux-fois-cause-operation-rarissime-mere\" target=\"_blank\" rel=\"noopener nofollow\">relaient<\/a> nos confr\u00e8res de 20 minutes, reprenant <a href=\"https:\/\/www.bbc.com\/news\/articles\/cglx5gr998zo?at_medium=RSS+feed&amp;at_campaign=ynews&amp;utm_source=yahoo&amp;utm_medium=rss&amp;utm_campaign=news_feed&amp;utm_content=in_article_link\" target=\"_blank\" rel=\"noopener nofollow\">une information<\/a> de la BBC.\u00a0<\/p>\n<p>Une \u00e9quipe de m\u00e9decins\u00a0de l\u2019h\u00f4pital John Radcliffe d\u2019Oxford a d\u00e9cid\u00e9 de tenter <strong>une op\u00e9ration de plusieurs heures, tr\u00e8s rare dans le monde<\/strong>.<\/p>\n<p>Deux soignants ont tenu l&rsquo;ut\u00e9rus entre leurs mains<\/p>\n<p>\u00c9tant donn\u00e9 que l&rsquo;op\u00e9ration concernant les ovaires, <strong>il a fallu \u00ab\u00a0d\u00e9tacher\u00a0\u00bb l&rsquo;ut\u00e9rus tout en le laissant connect\u00e9 au corps de la maman<\/strong>.<\/p>\n<p>Pour cela, deux soignants ont tenu l&rsquo;organe entre leurs mains. Puis l&rsquo;ut\u00e9rus, et donc le b\u00e9b\u00e9, a \u00e9t\u00e9 remis \u00e0 sa place.\u00a0<\/p>\n<p>Quelques mois plus tard, <strong>un petit gar\u00e7on est n\u00e9<\/strong>, \u00ab\u00a0quittant\u00a0\u00bb le ventre de sa m\u00e8re pour de bon cette fois.\u00a0<\/p>\n","protected":false},"excerpt":{"rendered":"Lucy \u00e9tait enceinte de douze semaines quand l&rsquo;\u00e9chographiste s&rsquo;est rendu compte qu&rsquo;il y avait \u00ab\u00a0quelque chose\u00a0\u00bb sur son&hellip;\n","protected":false},"author":2,"featured_media":52626,"comment_status":"","ping_status":"","sticky":false,"template":"","format":"standard","meta":{"footnotes":""},"categories":[10],"tags":[11130,1011,27,72,71,41],"class_list":{"0":"post-52625","1":"post","2":"type-post","3":"status-publish","4":"format-standard","5":"has-post-thumbnail","7":"category-sante","8":"tag-belle-histoire","9":"tag-fr","10":"tag-france","11":"tag-health","12":"tag-sante","13":"tag-sciences"},"share_on_mastodon":{"url":"https:\/\/pubeurope.com\/@fr\/114400525284066970","error":""},"_links":{"self":[{"href":"https:\/\/www.europesays.com\/fr\/wp-json\/wp\/v2\/posts\/52625","targetHints":{"allow":["GET"]}}],"collection":[{"href":"https:\/\/www.europesays.com\/fr\/wp-json\/wp\/v2\/posts"}],"about":[{"href":"https:\/\/www.europesays.com\/fr\/wp-json\/wp\/v2\/types\/post"}],"author":[{"embeddable":true,"href":"https:\/\/www.europesays.com\/fr\/wp-json\/wp\/v2\/users\/2"}],"replies":[{"embeddable":true,"href":"https:\/\/www.europesays.com\/fr\/wp-json\/wp\/v2\/comments?post=52625"}],"version-history":[{"count":0,"href":"https:\/\/www.europesays.com\/fr\/wp-json\/wp\/v2\/posts\/52625\/revisions"}],"wp:featuredmedia":[{"embeddable":true,"href":"https:\/\/www.europesays.com\/fr\/wp-json\/wp\/v2\/media\/52626"}],"wp:attachment":[{"href":"https:\/\/www.europesays.com\/fr\/wp-json\/wp\/v2\/media?parent=52625"}],"wp:term":[{"taxonomy":"category","embeddable":true,"href":"https:\/\/www.europesays.com\/fr\/wp-json\/wp\/v2\/categories?post=52625"},{"taxonomy":"post_tag","embeddable":true,"href":"https:\/\/www.europesays.com\/fr\/wp-json\/wp\/v2\/tags?post=52625"}],"curies":[{"name":"wp","href":"https:\/\/api.w.org\/{rel}","templated":true}]}}