{"id":526260,"date":"2025-11-11T03:00:39","date_gmt":"2025-11-11T03:00:39","guid":{"rendered":"https:\/\/www.europesays.com\/fr\/526260\/"},"modified":"2025-11-11T03:00:39","modified_gmt":"2025-11-11T03:00:39","slug":"le-bureau-dune-magistrate-du-parquet-perquisitionne-par-ligpn","status":"publish","type":"post","link":"https:\/\/www.europesays.com\/fr\/526260\/","title":{"rendered":"le bureau d\u2019une magistrate du parquet perquisitionn\u00e9 par l\u2019IGPN"},"content":{"rendered":"<p>\n    Cette magistrate \u00e9tait charg\u00e9e de l\u2019op\u00e9ration \u00abTrident\u00bb men\u00e9e par l\u2019Office antistup\u00e9fiants pour capturer un narcotrafiquant via un conteneur rempli de coca\u00efne. La police des polices cherche \u00e0 comprendre comment la drogue s\u2019est \u00e9vapor\u00e9e sans qu\u2019aucune personne ne soit interpell\u00e9e.<\/p>\n<p class=\"fig-paragraph\">C\u2019est une t\u00e9moin cl\u00e9 du scandale qui met \u00e0 mal la r\u00e9putation de l\u2019<a href=\"http:\/\/www.lefigaro.fr\/marseille\/mimo-les-tontons-et-le-conteneur-de-cocaine-dans-les-coulisses-du-scandale-de-l-office-anti-stupefiants-de-marseille-20250711\" data-fig-type=\"NewsFlash\" data-gtm-custom-categorie=\"navigation\" data-gtm-custom-action=\"crossclick\" data-gtm-custom-label=\"Contextuel\" data-gtm-event=\"customEventSPE\" data-fig-domain=\"LEFIGARO\" target=\"_blank\" rel=\"noopener\">Office antistup\u00e9fiants de Marseille<\/a>. Elle pourrait prochainement avoir \u00e0 s\u2019expliquer devant les \u00abb\u0153uf-carottes\u00bb de l\u2019Inspection g\u00e9n\u00e9rale de la police nationale (IGPN) en charge de diss\u00e9quer ce scandale qui entra\u00eene hi\u00e9rarchies polici\u00e8re et judiciaire dans son sillage.<\/p>\n<p class=\"fig-paragraph\">Comme indiqu\u00e9 au Figaro par des sources concordantes, qui confirment une information de\u00a0<a href=\"https:\/\/www.nouvelobs.com\/justice\/20251107.OBS109541\/une-perquisition-menee-au-parquet-de-marseille-dans-l-enquete-sur-le-scandale-qui-eclabousse-l-ofast.html\" target=\"_blank\" rel=\"sponsored noopener\" data-gtm-custom-categorie=\"navigation\" data-gtm-custom-action=\"crossclick\" data-gtm-custom-label=\"Contextuel\" data-gtm-event=\"customEventSPE\">L\u2019Obs<\/a>, la \u00abpolice des polices\u00bb a investi le tribunal judiciaire de Marseille la semaine derni\u00e8re pour proc\u00e9der \u00e0 la perquisition du bureau de la magistrate Isabelle C., vice-procureur et chef de la section JIRS du parquet \u00e0 l\u2019\u00e9poque des faits, \u00e9tait alors en charge de la proc\u00e9dure \u00abTrident\u00bb. L\u2019op\u00e9ration d\u2019envergure visait \u00e0 capturer le narcotrafiquant\u00a0<a href=\"http:\/\/www.lefigaro.fr\/faits-divers\/l-un-des-plus-gros-trafiquants-de-drogue-de-marseille-interpelle-en-algerie-20230621\" data-fig-type=\"NewsFlash\" data-gtm-custom-categorie=\"navigation\" data-gtm-custom-action=\"crossclick\" data-gtm-custom-label=\"Contextuel\" data-gtm-event=\"customEventSPE\" data-fig-domain=\"LEFIGARO\" target=\"_blank\" rel=\"noopener\">Mohamed Djeha<\/a>\u00a0via une \u00ablivraison surveill\u00e9e\u00bb de plus de 360 kilos de coca\u00efne dans les Bouches-du-Rh\u00f4ne.<\/p>\n<p>                                    <a class=\"fig-a11y-skip a11y-hidden\" href=\"#fig-a11y-skip-main-inarticle\"><br \/>\n        Passer la publicit\u00e9<br \/>\n    <\/a><\/p>\n<p class=\"fig-paragraph\">Encadr\u00e9e par la JIRS de Marseille avec l\u2019appui de l\u2019Ofast de Nanterre, la proc\u00e9dure avait finalement tourn\u00e9 au fiasco. La drogue, arriv\u00e9e de Colombie par la mer sur le port de Marseille en mars 2023 avec la complaisance de la DEA am\u00e9ricaine, s\u2019\u00e9tait \u00e9vapor\u00e9e moins d\u2019un mois plus tard sans qu\u2019aucune personne ne soit interpell\u00e9e. \u00abMimo\u00bb et son clan avaient lev\u00e9 les voiles quelques jours apr\u00e8s l\u2019arriv\u00e9e du conteneur contamin\u00e9, \u00abcontraignant\u00bb les enqu\u00eateurs de l\u2019Ofast de Marseille \u00e0 trouver en urgence plusieurs \u00abacheteurs\u00bb de substitution afin d\u2019\u00e9couler la marchandise, le tout \u00aben dehors de tout contr\u00f4le hi\u00e9rarchique\u00bb.<\/p>\n<p>Trois policiers et deux commissaires mis en examen<\/p>\n<p class=\"fig-paragraph\">De forts soup\u00e7ons de corruption visant le groupe d\u2019enqu\u00eateurs charg\u00e9 du dossier ont ensuite \u00e9merg\u00e9, ce qui a motiv\u00e9 la hi\u00e9rarchie de l\u2019Ofast de Marseille \u00e0 signaler les faits \u00e0 l\u2019autorit\u00e9 judiciaire. Saisie au d\u00e9but de l\u2019ann\u00e9e 2024, l\u2019IGPN a auditionn\u00e9 plusieurs protagonistes de cette affaire tentaculaire qui inclue des policiers, des cadres et des \u00abindics\u00bb de la PJ marseillaise.<\/p>\n<p class=\"fig-paragraph\"><a href=\"http:\/\/www.lefigaro.fr\/marseille\/marseille-deux-policiers-de-l-office-anti-stupefiants-mis-en-examen-suite-a-des-soupcons-de-corruption-20250404\" data-fig-type=\"NewsFlash\" data-gtm-custom-categorie=\"navigation\" data-gtm-custom-action=\"crossclick\" data-gtm-custom-label=\"Contextuel\" data-gtm-event=\"customEventSPE\" data-fig-domain=\"LEFIGARO\" target=\"_blank\" rel=\"noopener\">Deux enqu\u00eateurs ont d\u00e9j\u00e0 \u00e9t\u00e9 mis en examen<\/a>\u00a0et plac\u00e9s en d\u00e9tention provisoire d\u00e9but avril dernier par la juridiction nationale de lutte contre la criminalit\u00e9 organis\u00e9e (Junalco) du parquet de Paris, notamment pour des faits d\u2019\u00abimportation et de trafic de stup\u00e9fiants en bande organis\u00e9e, de blanchiment, d\u2019association de malfaiteurs, de faux en \u00e9criture publique et d\u2019atteinte \u00e0 l\u2019intimit\u00e9 de la vie priv\u00e9e par fixation, enregistrement ou transmission de l\u2019image et des paroles d\u2019une personne\u00bb.<\/p>\n<p class=\"fig-paragraph\">Au mois de juin, un\u00a0<a href=\"http:\/\/www.lefigaro.fr\/marseille\/soupcons-de-corruption-a-l-office-anti-stupefiants-de-marseille-un-capitaine-de-police-mis-en-examen-20250616\" target=\"_blank\" data-fig-type=\"NewsFlash\" rel=\"noopener\" data-gtm-custom-categorie=\"navigation\" data-gtm-custom-action=\"crossclick\" data-gtm-custom-label=\"Contextuel\" data-gtm-event=\"customEventSPE\" data-fig-domain=\"LEFIGARO\">capitaine de police<\/a>\u00a0a \u00e9galement \u00e9t\u00e9 mis en examen et plac\u00e9 sous contr\u00f4le judiciaire. L\u2019ex-patronne de l\u2019antenne marseillaise de l\u2019Ofast et son adjoint ont eux \u00e9t\u00e9 plac\u00e9s en garde \u00e0 vue puis mis en examen des chefs de \u00abcomplicit\u00e9 de faux en \u00e9criture publique par personne d\u00e9positaire de l\u2019autorit\u00e9 publique\u00bb, \u00abcomplicit\u00e9 d\u2019atteinte \u00e0 l\u2019intimit\u00e9 de la vie priv\u00e9e par captation, enregistrement ou transmission de l\u2019image et des paroles d\u2019une personne\u00bb et \u00abr\u00e9v\u00e9lation d\u2019information sur une enqu\u00eate ou une instruction\u00bb, mais pas pour des faits d\u2019importation de stup\u00e9fiants en bande organis\u00e9e ou de corruption.<\/p>\n<p class=\"fig-paragraph\">L\u2019enqu\u00eate de l\u2019IGPN se poursuit et \u00e9clabousse d\u00e9sormais l\u2019autorit\u00e9 judiciaire marseillaise. Les enqu\u00eateurs cherchent notamment \u00e0 comprendre pourquoi sa magistrate, chevronn\u00e9e, n\u2019a pas ordonn\u00e9 la cl\u00f4ture des investigations plus t\u00f4t. Contact\u00e9 par Le Figaro, le parquet de Marseille n\u2019a pas souhait\u00e9 commenter cette perquisition.<\/p>\n","protected":false},"excerpt":{"rendered":"Cette magistrate \u00e9tait charg\u00e9e de l\u2019op\u00e9ration \u00abTrident\u00bb men\u00e9e par l\u2019Office antistup\u00e9fiants pour capturer un narcotrafiquant via un conteneur&hellip;\n","protected":false},"author":2,"featured_media":526261,"comment_status":"","ping_status":"","sticky":false,"template":"","format":"standard","meta":{"footnotes":""},"categories":[2814],"tags":[1111,11,1770,1777,674,1011,27,884,12,1072,882,25,887],"class_list":{"0":"post-526260","1":"post","2":"type-post","3":"status-publish","4":"format-standard","5":"has-post-thumbnail","7":"category-marseille","8":"tag-actu","9":"tag-actualites","10":"tag-corruption","11":"tag-eu","12":"tag-europe","13":"tag-fr","14":"tag-france","15":"tag-marseille","16":"tag-news","17":"tag-police","18":"tag-provence-alpes-cote-dazur","19":"tag-republique-francaise","20":"tag-trafic-de-drogue"},"share_on_mastodon":{"url":"https:\/\/pubeurope.com\/@fr\/115528835027246041","error":""},"_links":{"self":[{"href":"https:\/\/www.europesays.com\/fr\/wp-json\/wp\/v2\/posts\/526260","targetHints":{"allow":["GET"]}}],"collection":[{"href":"https:\/\/www.europesays.com\/fr\/wp-json\/wp\/v2\/posts"}],"about":[{"href":"https:\/\/www.europesays.com\/fr\/wp-json\/wp\/v2\/types\/post"}],"author":[{"embeddable":true,"href":"https:\/\/www.europesays.com\/fr\/wp-json\/wp\/v2\/users\/2"}],"replies":[{"embeddable":true,"href":"https:\/\/www.europesays.com\/fr\/wp-json\/wp\/v2\/comments?post=526260"}],"version-history":[{"count":0,"href":"https:\/\/www.europesays.com\/fr\/wp-json\/wp\/v2\/posts\/526260\/revisions"}],"wp:featuredmedia":[{"embeddable":true,"href":"https:\/\/www.europesays.com\/fr\/wp-json\/wp\/v2\/media\/526261"}],"wp:attachment":[{"href":"https:\/\/www.europesays.com\/fr\/wp-json\/wp\/v2\/media?parent=526260"}],"wp:term":[{"taxonomy":"category","embeddable":true,"href":"https:\/\/www.europesays.com\/fr\/wp-json\/wp\/v2\/categories?post=526260"},{"taxonomy":"post_tag","embeddable":true,"href":"https:\/\/www.europesays.com\/fr\/wp-json\/wp\/v2\/tags?post=526260"}],"curies":[{"name":"wp","href":"https:\/\/api.w.org\/{rel}","templated":true}]}}