{"id":526267,"date":"2025-11-11T03:05:23","date_gmt":"2025-11-11T03:05:23","guid":{"rendered":"https:\/\/www.europesays.com\/fr\/526267\/"},"modified":"2025-11-11T03:05:23","modified_gmt":"2025-11-11T03:05:23","slug":"emmanuel-macron-recoit-mahmoud-abbas-a-paris-mardi-11-novembre","status":"publish","type":"post","link":"https:\/\/www.europesays.com\/fr\/526267\/","title":{"rendered":"Emmanuel Macron re\u00e7oit Mahmoud Abbas \u00e0 Paris mardi 11 novembre"},"content":{"rendered":"<p class=\"article-p mdl\">Emmanuel Macron accueillera mardi 11 novembre \u00e0 Paris Mahmoud Abbas, pr\u00e9sident de l&rsquo;Autorit\u00e9 palestinienne, pour aborder la \u00ab\u00a0pleine application\u00a0\u00bb de l&rsquo;accord de cessez-le-feu \u00e0 Gaza, selon un communiqu\u00e9 de l&rsquo;\u00c9lys\u00e9e. Ce communiqu\u00e9 d\u00e9signe Mahmoud Abbas comme \u00ab\u00a0pr\u00e9sident de l&rsquo;\u00c9tat de Palestine\u00a0\u00bb, suite \u00e0<a class=\"link\" href=\"https:\/\/www.rtl.fr\/actu\/international\/en-direct-reconnaissance-de-la-palestine-suivez-le-discours-d-emmanuel-macron-a-l-onu-7900544186\" title=\"Reconnaissance de la Palestine par la France : &quot;Une d\u00e9cision historique et courageuse&quot;, salue l&#039;Autorit\u00e9 palestinienne\" target=\"_blank\" rel=\"noopener\"> la reconnaissance officielle par la France de l&rsquo;\u00c9tat palestinien<\/a>\u00a0lors de l&rsquo;Assembl\u00e9e g\u00e9n\u00e9rale de l&rsquo;ONU en septembre.<\/p>\n<p class=\"article-p mdl\">\u00ab\u00a0Cette rencontre s&rsquo;inscrit dans la continuit\u00e9 de la reconnaissance de l&rsquo;\u00c9tat palestinien par la France et du travail engag\u00e9 pour la mise en \u0153uvre d&rsquo;un plan de paix et de s\u00e9curit\u00e9 pour tous au Moyen-Orient\u00a0\u00bb, a d\u00e9clar\u00e9 l&rsquo;Elys\u00e9e.<\/p>\n<p class=\"article-p mdl\">Les discussions porteront sur la mise en \u0153uvre d&rsquo;un plan de paix et de s\u00e9curit\u00e9 pour le Moyen-Orient. Les deux dirigeants \u00e9voqueront les prochaines \u00e9tapes, notamment en mati\u00e8re de s\u00e9curit\u00e9, de gouvernance et de reconstruction, en collaboration avec les partenaires arabes et internationaux.<\/p>\n<p>            Une force internationale \u00ab\u00a0tr\u00e8s bient\u00f4t\u00a0\u00bb d\u00e9ploy\u00e9e \u00e0 Gaza<\/p>\n<p class=\"article-p mdl\">Le pr\u00e9sident am\u00e9ricain Donald Trump a affirm\u00e9 jeudi dernier qu&rsquo;<a class=\"link\" href=\"https:\/\/www.rtl.fr\/actu\/international\/en-direct-guerre-a-gaza-liberation-des-otages-israeliens-arrivee-de-donald-trump-sommet-pour-la-paix-suivez-cette-journee-7900552164\" title=\"Donald Trump a sign\u00e9 l&#039;accord de paix pour Gaza avec les pays m\u00e9diateurs en Egypte\" target=\"_blank\" rel=\"noopener\">une force internationale serait d\u00e9ploy\u00e9e \u00ab\u00a0tr\u00e8s bient\u00f4t\u00a0\u00bb \u00e0 Gaza<\/a>, au lendemain de l&rsquo;annonce par les Etats-Unis d&rsquo;un projet de r\u00e9solution du Conseil de s\u00e9curit\u00e9 de l&rsquo;ONU destin\u00e9 \u00e0 soutenir les efforts de paix. Lors de sa rencontre avec Mahmoud Abbas, le pr\u00e9sident fran\u00e7ais Emmanuel Macron souhaite souligner l&rsquo;importance d&rsquo;assurer un acc\u00e8s constant \u00e0 l&rsquo;aide humanitaire \u00e0 Gaza. Il entend \u00e9galement insister sur la n\u00e9cessit\u00e9 de r\u00e9former l&rsquo;Autorit\u00e9 palestinienne.<\/p>\n<p class=\"article-p mdl\">\u00ab\u00a0Le pr\u00e9sident de la R\u00e9publique et le pr\u00e9sident Abbas aborderont la question de la r\u00e9forme de l&rsquo;Autorit\u00e9 palestinienne, condition essentielle au retour durable de la stabilit\u00e9 et \u00e0 l&rsquo;\u00e9mergence d&rsquo;un \u00c9tat palestinien viable, d\u00e9mocratique et souverain, vivant en paix et en s\u00e9curit\u00e9 aux c\u00f4t\u00e9s d&rsquo;Isra\u00ebl\u00a0\u00bb, a ajout\u00e9 l&rsquo;Elys\u00e9e.<\/p>\n<p class=\"article-p mdl\">Le plan de paix de Donald Trump, qui a instaur\u00e9 un cessez-le-feu depuis le 9 octobre entre Isra\u00ebl et le Hamas, ainsi que l&rsquo;initiative de paix franco-saoudienne, envisagent que l&rsquo;Autorit\u00e9 palestinienne, apr\u00e8s sa r\u00e9forme, prenne en charge la gouvernance de Gaza.\u00a0<\/p>\n<p class=\"article-p mdl\">Dans le cadre des pr\u00e9paratifs pour le d\u00e9ploiement d&rsquo;une force multinationale de stabilisation \u00e0 Gaza, la France est repr\u00e9sent\u00e9e par trois officiers au sein d&rsquo;une structure \u00e9tablie par les Am\u00e9ricains en Isra\u00ebl. Ces officiers sont pr\u00e9sents pour observer et \u00e9valuer une \u00e9ventuelle contribution suppl\u00e9mentaire, selon l&rsquo;\u00c9lys\u00e9e. De plus, Paris a d\u00e9p\u00each\u00e9 ce lundi une \u00e9quipe de personnels civils, comprenant deux diplomates, qui seront rejoints dans la semaine par un g\u00e9n\u00e9ral de gendarmerie.<\/p>\n<p>    La r\u00e9daction vous recommande<\/p>\n<p class=\"s-newsletter__title\">\n                L\u2019actualit\u00e9 par la r\u00e9daction de RTL dans votre bo\u00eete mail.\n            <\/p>\n<p class=\"s-newsletter__subtitle\">\n                Gr\u00e2ce \u00e0 votre compte RTL abonnez-vous \u00e0 la newsletter RTL info pour suivre toute l&rsquo;actualit\u00e9 au quotidien\n            <\/p>\n<p>\n                                    Lire la suite\n                                <\/p>\n","protected":false},"excerpt":{"rendered":"Emmanuel Macron accueillera mardi 11 novembre \u00e0 Paris Mahmoud Abbas, pr\u00e9sident de l&rsquo;Autorit\u00e9 palestinienne, pour aborder la \u00ab\u00a0pleine&hellip;\n","protected":false},"author":2,"featured_media":526268,"comment_status":"","ping_status":"","sticky":false,"template":"","format":"standard","meta":{"footnotes":""},"categories":[1888],"tags":[1111,1928,11,1927,3259,1073,1777,674,1011,27,665,10059,12,1926,626,1925,25],"class_list":{"0":"post-526267","1":"post","2":"type-post","3":"status-publish","4":"format-standard","5":"has-post-thumbnail","7":"category-paris","8":"tag-actu","9":"tag-actu-paris","10":"tag-actualites","11":"tag-actualites-paris","12":"tag-conflit-israelo-palestinien","13":"tag-emmanuel-macron","14":"tag-eu","15":"tag-europe","16":"tag-fr","17":"tag-france","18":"tag-gaza","19":"tag-mahmoud-abbas","20":"tag-news","21":"tag-news-paris","22":"tag-paris","23":"tag-paris-news","24":"tag-republique-francaise"},"share_on_mastodon":{"url":"https:\/\/pubeurope.com\/@fr\/115528854838212925","error":""},"_links":{"self":[{"href":"https:\/\/www.europesays.com\/fr\/wp-json\/wp\/v2\/posts\/526267","targetHints":{"allow":["GET"]}}],"collection":[{"href":"https:\/\/www.europesays.com\/fr\/wp-json\/wp\/v2\/posts"}],"about":[{"href":"https:\/\/www.europesays.com\/fr\/wp-json\/wp\/v2\/types\/post"}],"author":[{"embeddable":true,"href":"https:\/\/www.europesays.com\/fr\/wp-json\/wp\/v2\/users\/2"}],"replies":[{"embeddable":true,"href":"https:\/\/www.europesays.com\/fr\/wp-json\/wp\/v2\/comments?post=526267"}],"version-history":[{"count":0,"href":"https:\/\/www.europesays.com\/fr\/wp-json\/wp\/v2\/posts\/526267\/revisions"}],"wp:featuredmedia":[{"embeddable":true,"href":"https:\/\/www.europesays.com\/fr\/wp-json\/wp\/v2\/media\/526268"}],"wp:attachment":[{"href":"https:\/\/www.europesays.com\/fr\/wp-json\/wp\/v2\/media?parent=526267"}],"wp:term":[{"taxonomy":"category","embeddable":true,"href":"https:\/\/www.europesays.com\/fr\/wp-json\/wp\/v2\/categories?post=526267"},{"taxonomy":"post_tag","embeddable":true,"href":"https:\/\/www.europesays.com\/fr\/wp-json\/wp\/v2\/tags?post=526267"}],"curies":[{"name":"wp","href":"https:\/\/api.w.org\/{rel}","templated":true}]}}