{"id":526273,"date":"2025-11-11T03:08:17","date_gmt":"2025-11-11T03:08:17","guid":{"rendered":"https:\/\/www.europesays.com\/fr\/526273\/"},"modified":"2025-11-11T03:08:17","modified_gmt":"2025-11-11T03:08:17","slug":"mahmoud-abbas-est-arrive-a-paris-avant-une-rencontre-prevue-mardi-avec-emmanuel-macron","status":"publish","type":"post","link":"https:\/\/www.europesays.com\/fr\/526273\/","title":{"rendered":"Mahmoud Abbas est arriv\u00e9 \u00e0 Paris avant une rencontre pr\u00e9vue mardi avec Emmanuel Macron"},"content":{"rendered":"<p style=\"text-align:justify;\">AA\/Nice\/Fe\u00efza Ben Mohamed<\/p>\n<p style=\"text-align:justify;\">Le pr\u00e9sident palestinien Mahmoud Abbas est arriv\u00e9 \u00e0 Paris lundi soir, o\u00f9 il a \u00e9t\u00e9 accueilli par le ministre de l\u2019Int\u00e9rieur, Laurent Nu\u00f1ez, a appris Anadolu aupr\u00e8s de l\u2019Elys\u00e9e lundi soir.<\/p>\n<p style=\"text-align:justify;\">Mahmoud Abbas, qui est accueilli pour la premi\u00e8re fois en France depuis la reconnaissance officielle de l\u2019Etat de Palestine, sera re\u00e7u mardi \u00e0 l\u2019Elys\u00e9e par son homologue Emmanuel Macron pour un entretien bilat\u00e9ral \u00ab en t\u00eate-\u00e0-t\u00eate \u00bb puis dans un cadre plus large avec la participation des services de l\u2019Etat concern\u00e9s par les relations entre la France et la Palestine, ainsi que par la situation en Palestine.<\/p>\n<p style=\"text-align:justify;\">Apr\u00e8s cet entretien aux enjeux majeurs, Mahmoud Abbas d\u00e9jeunera mercredi avec la pr\u00e9sidente de l\u2019Assembl\u00e9e Nationale, Ya\u00ebl Braun-Pivet, en pr\u00e9sence de parlementaires.<\/p>\n<p style=\"text-align:justify;\">Dans le d\u00e9tail, l\u2019Elys\u00e9e indique que l\u2019\u00e9change pr\u00e9vu mardi entre Emmanuel Macron et Mahmoud Abbas permettra \u00e9videmment d\u2019\u00e9voquer la question du cessez-le-feu \u00e0 Gaza mais \u00e9galement la situation en Cisjordanie.<\/p>\n<p style=\"text-align:justify;\">Les deux dirigeants \u00ab marqueront leur pr\u00e9occupation sur la poursuite de la colonisation et la n\u00e9cessit\u00e9 de voir des d\u00e9veloppements particuli\u00e8rement inqui\u00e9tants pour l&rsquo;avenir de la solution politique cesser sur le terrain \u00bb, indique l\u2019Elys\u00e9e.<\/p>\n<p style=\"text-align:justify;\">\u00ab Il sera \u00e9galement question de l&rsquo;autorit\u00e9 palestinienne, de son \u00e9quilibre budg\u00e9taire aujourd&rsquo;hui extr\u00eamement pr\u00e9caire, de la n\u00e9cessit\u00e9 de la lev\u00e9e d&rsquo;un certain nombre de restrictions pos\u00e9es par Isra\u00ebl en la mati\u00e8re, et de l&rsquo;appui que continuera \u00e0 porter la France \u00e0 cet \u00e9gard \u00bb est-il pr\u00e9cis\u00e9.<\/p>\n<p style=\"text-align:justify;\">Dans ce cadre, Paris r\u00e9it\u00e8re sa position de pouvoir ouvrir une ambassade de France en Palestine, apr\u00e8s la restitution de l\u2019ensemble des corps des prisonniers isra\u00e9liens d\u00e9tenus depuis le 7 octobre 2023 et plaide pour une ouverture de la bande de Gaza aux journalistes internationaux.<\/p>\n<p style=\"text-align:justify;\">Un conf\u00e9rence ax\u00e9e sur la reconstruction de Gaza devrait se tenir fin novembre \u00ab pour r\u00e9pondre \u00e0 l&rsquo;urgence humanitaire qui estcelle de la bande de Gaza \u00bb.<\/p>\n<p>                            &#13;<br \/>\n                                <a href=\"https:\/\/www.aa.com.tr\/fr\/p\/abonnement\/1001\" target=\"_blank\" style=\"font-size:12px; color:#444; text-decoration:none;\" rel=\"noopener\">&#13;<br \/>\n                                    Seulement une partie des d\u00e9p\u00eaches, que l&rsquo;Agence Anadolu diffuse \u00e0 ses abonn\u00e9s via le Syst\u00e8me de Diffusion interne (HAS), est diffus\u00e9e sur le site de l&rsquo;AA, de mani\u00e8re r\u00e9sum\u00e9e. <b style=\"color:#1897F7\">Contactez-nous s&rsquo;il vous pla\u00eet pour vous abonner.<\/b>&#13;<br \/>\n                                <\/a>&#13;<\/p>\n","protected":false},"excerpt":{"rendered":"AA\/Nice\/Fe\u00efza Ben Mohamed Le pr\u00e9sident palestinien Mahmoud Abbas est arriv\u00e9 \u00e0 Paris lundi soir, o\u00f9 il a \u00e9t\u00e9&hellip;\n","protected":false},"author":2,"featured_media":526274,"comment_status":"","ping_status":"","sticky":false,"template":"","format":"standard","meta":{"footnotes":""},"categories":[1888],"tags":[11,1785,1777,674,1011,27,10059,12,3518,626,25],"class_list":{"0":"post-526273","1":"post","2":"type-post","3":"status-publish","4":"format-standard","5":"has-post-thumbnail","7":"category-paris","8":"tag-actualites","9":"tag-anadolu-ajansi","10":"tag-eu","11":"tag-europe","12":"tag-fr","13":"tag-france","14":"tag-mahmoud-abbas","15":"tag-news","16":"tag-palestine","17":"tag-paris","18":"tag-republique-francaise"},"share_on_mastodon":{"url":"https:\/\/pubeurope.com\/@fr\/115528866431483810","error":""},"_links":{"self":[{"href":"https:\/\/www.europesays.com\/fr\/wp-json\/wp\/v2\/posts\/526273","targetHints":{"allow":["GET"]}}],"collection":[{"href":"https:\/\/www.europesays.com\/fr\/wp-json\/wp\/v2\/posts"}],"about":[{"href":"https:\/\/www.europesays.com\/fr\/wp-json\/wp\/v2\/types\/post"}],"author":[{"embeddable":true,"href":"https:\/\/www.europesays.com\/fr\/wp-json\/wp\/v2\/users\/2"}],"replies":[{"embeddable":true,"href":"https:\/\/www.europesays.com\/fr\/wp-json\/wp\/v2\/comments?post=526273"}],"version-history":[{"count":0,"href":"https:\/\/www.europesays.com\/fr\/wp-json\/wp\/v2\/posts\/526273\/revisions"}],"wp:featuredmedia":[{"embeddable":true,"href":"https:\/\/www.europesays.com\/fr\/wp-json\/wp\/v2\/media\/526274"}],"wp:attachment":[{"href":"https:\/\/www.europesays.com\/fr\/wp-json\/wp\/v2\/media?parent=526273"}],"wp:term":[{"taxonomy":"category","embeddable":true,"href":"https:\/\/www.europesays.com\/fr\/wp-json\/wp\/v2\/categories?post=526273"},{"taxonomy":"post_tag","embeddable":true,"href":"https:\/\/www.europesays.com\/fr\/wp-json\/wp\/v2\/tags?post=526273"}],"curies":[{"name":"wp","href":"https:\/\/api.w.org\/{rel}","templated":true}]}}