{"id":526279,"date":"2025-11-11T03:11:14","date_gmt":"2025-11-11T03:11:14","guid":{"rendered":"https:\/\/www.europesays.com\/fr\/526279\/"},"modified":"2025-11-11T03:11:14","modified_gmt":"2025-11-11T03:11:14","slug":"droits-de-douane-la-suisse-serait-proche-dun-accord-a-15-avec-les-usa","status":"publish","type":"post","link":"https:\/\/www.europesays.com\/fr\/526279\/","title":{"rendered":"Droits de douane: la Suisse serait proche d\u2019un accord \u00e0 15% avec les USA"},"content":{"rendered":"<p>\n    Selon Bloomberg, qui cite des sources proches du dossier, une issue favorable au litige commercial devrait survenir dans les deux prochaines semaines. Trump confirme des discussions avec la Suisse.\n  <\/p>\n<p>La Suisse serait proche de r\u00e9gler son diff\u00e9rend commercial avec les Etats-Unis, selon l\u2019agence de presse Bloomberg. Un accord, qui r\u00e9duirait les droits de douane am\u00e9ricains sur les produits suisses \u00e0 15%, devrait \u00eatre conclu dans les deux prochaines semaines.<\/p>\n<p>Cependant, rien n\u2019est encore d\u00e9finitif concernant cet accord pour la Suisse, pr\u00e9cise lundi soir Bloomberg, citant des sources proches du dossier. Les n\u00e9gociations pourraient encore \u00e9chouer, comme ce fut le cas en juillet dernier. Ni le Conseil f\u00e9d\u00e9ral ni la Maison Blanche n\u2019ont confirm\u00e9 l\u2019information \u00e0 Bloomberg.<\/p>\n<p>Des droits de douane de 39% sont entr\u00e9s en vigueur pour la Suisse d\u00e9but ao\u00fbt. L\u2019Union europ\u00e9enne (UE), en revanche, est soumise \u00e0 des surtaxes douani\u00e8res de seulement 15%.<\/p>\n<p>Le D\u00e9partement f\u00e9d\u00e9ral de l\u2019\u00e9conomie est rest\u00e9 \u00e0 couvert. Son porte-parole Markus Sp\u00f6rndli a d\u00e9clar\u00e9 lundi soir \u00e0 l\u2019agence Keystone-SDA que l\u2019on ne confirmait \u00abnaturellement pas\u00bb l\u2019information. Les n\u00e9gociations sont en cours et on ne fait aucun commentaire durant cette p\u00e9riode.<\/p>\n<p>Le pr\u00e9sident am\u00e9ricain Donald Trump a confirm\u00e9 des discussions avec la Suisse devant des m\u00e9dias de la Maison Blanche, a rapport\u00e9 Reuters lundi soir. On travaille \u00e0 un accord pour r\u00e9duire les droits de douane, a d\u00e9clar\u00e9 le pr\u00e9sident, qui n\u2019a pas donn\u00e9 d\u2019autre d\u00e9tail.<\/p>\n","protected":false},"excerpt":{"rendered":"Selon Bloomberg, qui cite des sources proches du dossier, une issue favorable au litige commercial devrait survenir dans&hellip;\n","protected":false},"author":2,"featured_media":526280,"comment_status":"","ping_status":"","sticky":false,"template":"","format":"standard","meta":{"footnotes":""},"categories":[1589],"tags":[11,73,1866,12,1864,1865,1863,308],"class_list":{"0":"post-526279","1":"post","2":"type-post","3":"status-publish","4":"format-standard","5":"has-post-thumbnail","7":"category-etats-unis","8":"tag-actualites","9":"tag-etats-unis","10":"tag-etats-unis-damerique","11":"tag-news","12":"tag-united-states","13":"tag-united-states-of-america","14":"tag-us","15":"tag-usa"},"share_on_mastodon":{"url":"https:\/\/pubeurope.com\/@fr\/115528878279426357","error":""},"_links":{"self":[{"href":"https:\/\/www.europesays.com\/fr\/wp-json\/wp\/v2\/posts\/526279","targetHints":{"allow":["GET"]}}],"collection":[{"href":"https:\/\/www.europesays.com\/fr\/wp-json\/wp\/v2\/posts"}],"about":[{"href":"https:\/\/www.europesays.com\/fr\/wp-json\/wp\/v2\/types\/post"}],"author":[{"embeddable":true,"href":"https:\/\/www.europesays.com\/fr\/wp-json\/wp\/v2\/users\/2"}],"replies":[{"embeddable":true,"href":"https:\/\/www.europesays.com\/fr\/wp-json\/wp\/v2\/comments?post=526279"}],"version-history":[{"count":0,"href":"https:\/\/www.europesays.com\/fr\/wp-json\/wp\/v2\/posts\/526279\/revisions"}],"wp:featuredmedia":[{"embeddable":true,"href":"https:\/\/www.europesays.com\/fr\/wp-json\/wp\/v2\/media\/526280"}],"wp:attachment":[{"href":"https:\/\/www.europesays.com\/fr\/wp-json\/wp\/v2\/media?parent=526279"}],"wp:term":[{"taxonomy":"category","embeddable":true,"href":"https:\/\/www.europesays.com\/fr\/wp-json\/wp\/v2\/categories?post=526279"},{"taxonomy":"post_tag","embeddable":true,"href":"https:\/\/www.europesays.com\/fr\/wp-json\/wp\/v2\/tags?post=526279"}],"curies":[{"name":"wp","href":"https:\/\/api.w.org\/{rel}","templated":true}]}}