{"id":526281,"date":"2025-11-11T03:12:16","date_gmt":"2025-11-11T03:12:16","guid":{"rendered":"https:\/\/www.europesays.com\/fr\/526281\/"},"modified":"2025-11-11T03:12:16","modified_gmt":"2025-11-11T03:12:16","slug":"que-commemore-t-on-le-11-novembre","status":"publish","type":"post","link":"https:\/\/www.europesays.com\/fr\/526281\/","title":{"rendered":"Que comm\u00e9more-t-on le 11 novembre"},"content":{"rendered":"<p>        <a href=\"https:\/\/www.europesays.com\/fr\/wp-content\/uploads\/2025\/11\/Marianne-tablett.jpg\" data-caption=\"\"><img loading=\"lazy\" decoding=\"async\" width=\"600\" height=\"600\" class=\"entry-thumb td-modal-image\" src=\"https:\/\/www.europesays.com\/fr\/wp-content\/uploads\/2025\/11\/Marianne-tablett.jpg\"   alt=\"\" title=\"R\u00e9publique\"\/><\/a><\/p>\n<p>Le 11 novembre, nous comm\u00e9morons l\u2019armistice du 11 novembre 1918 qui a mis fin aux combats de la Premi\u00e8re Guerre mondiale.<br \/>La Premi\u00e8re Guerre mondiale (1914\u20131918) est un conflit mondial majeur qui a oppos\u00e9 principalement les Alli\u00e9s (France, Royaume-Uni, Russie, puis les \u00c9tats-Unis et d\u2019autres pays) aux Puissances centrales (Allemagne, Autriche-Hongrie, Empire ottoman, Bulgarie).<\/p>\n<p>Les causes du conflit<br \/>Plusieurs causes se combinent :<br \/>Nationalisme : chaque pays cherche \u00e0 affirmer sa puissance.<br \/>Imp\u00e9rialisme : rivalit\u00e9s coloniales, notamment entre la France, le Royaume-Uni et l\u2019Allemagne.<br \/>Militarisme : course aux armements en Europe.<\/p>\n<p>Syst\u00e8me d\u2019alliances :<br \/>Triple-Entente : France, Royaume-Uni, Russie.<br \/>Triple-Alliance : Allemagne, Autriche-Hongrie, Italie (qui changera de camp en 1915).<\/p>\n<p>\u00c9v\u00e9nement d\u00e9clencheur : l\u2019assassinat de l\u2019archiduc Fran\u00e7ois-Ferdinand \u00e0 Sarajevo le 28 juin 1914<\/p>\n<p>Le d\u00e9roulement de la guerre<br \/>1914 : D\u00e9but du conflit. L\u2019Allemagne envahit la Belgique et le nord de la France (plan Schlieffen). Les combats s\u2019enlisent dans une guerre de tranch\u00e9es.<br \/>1915\u20131916 : Guerre d\u2019usure. Grandes batailles :<br \/>Verdun (1916) \u2013 symbole du courage fran\u00e7ais.<br \/>Somme (1916) \u2013 tr\u00e8s meurtri\u00e8re, sans victoire d\u00e9cisive.<br \/>1917 : R\u00e9volution russe, retrait de la Russie du conflit.<br \/>Entr\u00e9e en guerre des \u00c9tats-Unis aux c\u00f4t\u00e9s des Alli\u00e9s.<br \/>1918 :Offensive allemande puis contre-offensive des Alli\u00e9s.<br \/>Armistice sign\u00e9 le 11 novembre 1918 \u00e0 Rethondes.<\/p>\n<p>En France le 11 novembre est un jour f\u00e9ri\u00e9 marqu\u00e9 par des c\u00e9r\u00e9monies, le d\u00e9p\u00f4t de gerbes sur les monuments aux morts et une minute de silence \u00e0 11h.<br \/>Dans le Royaume\u2011Uni et le Commonwealth, on parle de Remembrance Day (le coquelicot est le symbole), avec souvent deux minutes de silence.<br \/>Aux \u00c9tats\u2011Unis, le 11 novembre est c\u00e9l\u00e9br\u00e9 comme Veterans Day, jour honorant les anciens combattants.<\/p>\n<p><a href=\"https:\/\/www.restosducoeur.org\/associations-departementales\/les-restos-du-coeur-du-var\/\" rel=\"nofollow noopener\" target=\"_blank\"><img decoding=\"async\" style=\"height:70px;width:140px\" src=\"https:\/\/www.europesays.com\/fr\/wp-content\/uploads\/2025\/04\/restos-du-coeur.jpg\"\/><\/a>        <\/p>\n","protected":false},"excerpt":{"rendered":"Le 11 novembre, nous comm\u00e9morons l\u2019armistice du 11 novembre 1918 qui a mis fin aux combats de la&hellip;\n","protected":false},"author":2,"featured_media":526282,"comment_status":"","ping_status":"","sticky":false,"template":"","format":"standard","meta":{"footnotes":""},"categories":[1588],"tags":[11,1777,674,12,473,1853,1851,1850,1852],"class_list":{"0":"post-526281","1":"post","2":"type-post","3":"status-publish","4":"format-standard","5":"has-post-thumbnail","7":"category-royaume-uni","8":"tag-actualites","9":"tag-eu","10":"tag-europe","11":"tag-news","12":"tag-royaume-uni","13":"tag-royaume-uni-de-grande-bretagne-et-dirlande-du-nord","14":"tag-uk","15":"tag-united-kingdom","16":"tag-united-kingdom-of-great-britain-and-northern-ireland"},"share_on_mastodon":{"url":"https:\/\/pubeurope.com\/@fr\/115528883042235030","error":""},"_links":{"self":[{"href":"https:\/\/www.europesays.com\/fr\/wp-json\/wp\/v2\/posts\/526281","targetHints":{"allow":["GET"]}}],"collection":[{"href":"https:\/\/www.europesays.com\/fr\/wp-json\/wp\/v2\/posts"}],"about":[{"href":"https:\/\/www.europesays.com\/fr\/wp-json\/wp\/v2\/types\/post"}],"author":[{"embeddable":true,"href":"https:\/\/www.europesays.com\/fr\/wp-json\/wp\/v2\/users\/2"}],"replies":[{"embeddable":true,"href":"https:\/\/www.europesays.com\/fr\/wp-json\/wp\/v2\/comments?post=526281"}],"version-history":[{"count":0,"href":"https:\/\/www.europesays.com\/fr\/wp-json\/wp\/v2\/posts\/526281\/revisions"}],"wp:featuredmedia":[{"embeddable":true,"href":"https:\/\/www.europesays.com\/fr\/wp-json\/wp\/v2\/media\/526282"}],"wp:attachment":[{"href":"https:\/\/www.europesays.com\/fr\/wp-json\/wp\/v2\/media?parent=526281"}],"wp:term":[{"taxonomy":"category","embeddable":true,"href":"https:\/\/www.europesays.com\/fr\/wp-json\/wp\/v2\/categories?post=526281"},{"taxonomy":"post_tag","embeddable":true,"href":"https:\/\/www.europesays.com\/fr\/wp-json\/wp\/v2\/tags?post=526281"}],"curies":[{"name":"wp","href":"https:\/\/api.w.org\/{rel}","templated":true}]}}