{"id":526283,"date":"2025-11-11T03:13:25","date_gmt":"2025-11-11T03:13:25","guid":{"rendered":"https:\/\/www.europesays.com\/fr\/526283\/"},"modified":"2025-11-11T03:13:25","modified_gmt":"2025-11-11T03:13:25","slug":"allemagne-business-pedopornographique-jusqua-10-ans-et-demi-de-prison","status":"publish","type":"post","link":"https:\/\/www.europesays.com\/fr\/526283\/","title":{"rendered":"Allemagne: Business p\u00e9dopornographique: jusqu&rsquo;\u00e0 10 ans et demi de prison"},"content":{"rendered":"<p>Publi\u00e910. novembre 2025, 19:34<\/p>\n<p>Allemagne: Business p\u00e9dopornographique: jusqu&rsquo;\u00e0 10 ans et demi de prison<\/p>\n<p>Les cinq exploitants d&rsquo;une plateforme de pornographie infantile ont \u00e9t\u00e9 fermement condamn\u00e9s en raison de leur profil de potentiels r\u00e9cidivistes.<\/p>\n<p><img loading=\"lazy\" decoding=\"async\" src=\"https:\/\/www.europesays.com\/fr\/wp-content\/uploads\/2025\/11\/3a355eb4-44ec-4c8e-aa64-d01c89884826.jpg\" alt=\"(Image d'illustration)\" title=\"(Image d'illustration)\"  width=\"1200\" height=\"764\"\/><\/p>\n<p>(Image d&rsquo;illustration)<\/p>\n<p>AFP<\/p>\n<p>La justice allemande a condamn\u00e9 lundi cinq exploitants d\u2019une plateforme de p\u00e9dopornographie, qui comptait des centaines de milliers d\u2019utilisateurs, \u00e0 des peines comprises jusqu\u2019\u00e0 dix ans et demi de prison.<\/p>\n<p>Les cinq hommes, \u00e2g\u00e9s de 44 \u00e0 63 ans, ont \u00e9t\u00e9 condamn\u00e9s \u00ab\u00e0 des peines d\u2019emprisonnement comprises entre cinq ans et demi et dix ans et demi\u00bb, a indiqu\u00e9 \u00e0 l\u2019AFP un porte-parole du tribunal de M\u00f6nchengladbach (ouest). Ils ont \u00aben grande partie avou\u00e9 les faits\u00bb, a-t-il ajout\u00e9.<\/p>\n<p>Le tribunal a ordonn\u00e9 la d\u00e9tention de s\u00fbret\u00e9 pour l\u2019un des accus\u00e9s en raison d\u2019un risque \u00e9lev\u00e9 de r\u00e9cidive. Ils \u00e9taient poursuivis pour diffusion publique en bande organis\u00e9e et possession de contenus p\u00e9dopornographiques entre 2019 et 2024, en tant que mod\u00e9rateurs ou administrateurs de la plateforme \u00abAlice in Wonderland\u00bb [Alice au Pays des Merveilles, en anglais] sur le darknet, d\u2019apr\u00e8s le chef d\u2019accusation publi\u00e9 en octobre. La police a saisi plus de 1500 pi\u00e8ces \u00e0 conviction, notamment des ordinateurs et des t\u00e9l\u00e9phones portables.<\/p>\n<p>Rendre les utilisateurs intra\u00e7ables<\/p>\n<p>Avant sa fermeture en septembre 2024 par les autorit\u00e9s allemandes, la plateforme diffusait des contenus p\u00e9dopornographiques et permettait la mise en lien d\u2019utilisateurs afin, \u00e9ventuellement, de commettre des violences sexuelles sur des enfants. L\u2019une des t\u00e2ches de ses administrateurs consistait \u00e0 \u00abveiller \u00e0 ce que les utilisateurs soient rendus m\u00e9connaissables dans les contenus qu\u2019ils produisaient eux-m\u00eames afin de compliquer toute poursuite p\u00e9nale ult\u00e9rieure\u00bb, d\u2019apr\u00e8s le chef d\u2019accusation.<\/p>\n<p>Les accus\u00e9s ont \u00e9galement mis \u00e0 disposition de la plateforme du contenu p\u00e9dopornographique, impliquant dans certains cas des nourrissons d\u2019environ un an.<\/p>\n<p>Curieux de d\u00e9couvrir qui fait l&rsquo;actu \u00e0 L&rsquo;essentiel? Rejoins-nous sur le r\u00e9seau business n\u00b0 1 au Luxembourg!<\/p>\n<p>(afp\/rk)<\/p>\n","protected":false},"excerpt":{"rendered":"Publi\u00e910. novembre 2025, 19:34 Allemagne: Business p\u00e9dopornographique: jusqu&rsquo;\u00e0 10 ans et demi de prison Les cinq exploitants d&rsquo;une&hellip;\n","protected":false},"author":2,"featured_media":526284,"comment_status":"","ping_status":"","sticky":false,"template":"","format":"standard","meta":{"footnotes":""},"categories":[1587],"tags":[11,672,1804,1805,1803,1777,674,1801,12,1802],"class_list":{"0":"post-526283","1":"post","2":"type-post","3":"status-publish","4":"format-standard","5":"has-post-thumbnail","7":"category-allemagne","8":"tag-actualites","9":"tag-allemagne","10":"tag-bundesrepublik-deutschland","11":"tag-de","12":"tag-deutschland","13":"tag-eu","14":"tag-europe","15":"tag-germany","16":"tag-news","17":"tag-republique-federale-dallemagne"},"share_on_mastodon":{"url":"https:\/\/pubeurope.com\/@fr\/115528886552295032","error":""},"_links":{"self":[{"href":"https:\/\/www.europesays.com\/fr\/wp-json\/wp\/v2\/posts\/526283","targetHints":{"allow":["GET"]}}],"collection":[{"href":"https:\/\/www.europesays.com\/fr\/wp-json\/wp\/v2\/posts"}],"about":[{"href":"https:\/\/www.europesays.com\/fr\/wp-json\/wp\/v2\/types\/post"}],"author":[{"embeddable":true,"href":"https:\/\/www.europesays.com\/fr\/wp-json\/wp\/v2\/users\/2"}],"replies":[{"embeddable":true,"href":"https:\/\/www.europesays.com\/fr\/wp-json\/wp\/v2\/comments?post=526283"}],"version-history":[{"count":0,"href":"https:\/\/www.europesays.com\/fr\/wp-json\/wp\/v2\/posts\/526283\/revisions"}],"wp:featuredmedia":[{"embeddable":true,"href":"https:\/\/www.europesays.com\/fr\/wp-json\/wp\/v2\/media\/526284"}],"wp:attachment":[{"href":"https:\/\/www.europesays.com\/fr\/wp-json\/wp\/v2\/media?parent=526283"}],"wp:term":[{"taxonomy":"category","embeddable":true,"href":"https:\/\/www.europesays.com\/fr\/wp-json\/wp\/v2\/categories?post=526283"},{"taxonomy":"post_tag","embeddable":true,"href":"https:\/\/www.europesays.com\/fr\/wp-json\/wp\/v2\/tags?post=526283"}],"curies":[{"name":"wp","href":"https:\/\/api.w.org\/{rel}","templated":true}]}}