{"id":526289,"date":"2025-11-11T03:16:25","date_gmt":"2025-11-11T03:16:25","guid":{"rendered":"https:\/\/www.europesays.com\/fr\/526289\/"},"modified":"2025-11-11T03:16:25","modified_gmt":"2025-11-11T03:16:25","slug":"asse-bagarres-en-parcage-crs-a-geoffroy-guichard-que-sest-il-passe-a-troyes-entre-les-supporters-stephanois-le-progres","status":"publish","type":"post","link":"https:\/\/www.europesays.com\/fr\/526289\/","title":{"rendered":"ASSE. Bagarres en parcage, CRS \u00e0 Geoffroy-Guichard : que s\u2019est-il pass\u00e9 \u00e0 Troyes entre les supporters st\u00e9phanois ? &#8211; Le Progr\u00e8s"},"content":{"rendered":"<ol>\n<li><a href=\"https:\/\/news.google.com\/rss\/articles\/CBMi5AFBVV95cUxPeGQ3bXFMRHJ2SEs1Vk1RT2UtNnJQWXFic1RtTndEclgtaEZOcFJvd01HbDNoUTkzMThZZF9BYWJLVlN3dVJlNFZlZUNWaWZwRl94M3BqS0lLTHd0UnNEalJEUFJZMmlKc3RMM3pjYmlVeWEyQUl5TjE1bXFLZS1JOHB4ejF3VHJ2d3F1ZWNWYS1DZkRqTEctcHRENjd1SkxCY2hOWHBabHJvNlF3UHNIZ2c4ZVpiYTVmdEh2Yl9yOVJjSFVaaHVkQTZjWEhpTmgzMEV5TkVQTWUyM2hhWnVzLTZWNnY?oc=5\" target=\"_blank\" rel=\"noopener\">ASSE. Bagarres en parcage, CRS \u00e0 Geoffroy-Guichard : que s\u2019est-il pass\u00e9 \u00e0 Troyes entre les supporters st\u00e9phanois ?<\/a>&nbsp;&nbsp;Le Progr\u00e8s<\/li>\n<li><a href=\"https:\/\/news.google.com\/rss\/articles\/CBMiogFBVV95cUxORFhHLTVKT2hORmZ1dlpvQURFYWxWUGk1N3dmX3NUeUtWQXFBeDA0Zkw4M29SQjRGZEdjSkZFaUZXZWFRazc1UnhQdVZuVU83cm9RSzh4dlY0dFhZX2sxN3pmZW5rUXZuTDU2LWEyaUF0SFdtT3NoSU5RWDI1TWNReWs5WWVacnl3SS1Dc2NWLVVmTHV2d3JMNTRsQXNpdElFRWc?oc=5\" target=\"_blank\" rel=\"noopener\">#ESTACASSE : Eirik Horneland : \u00ab\u00a0Je ne peux pas dire que je suis tr\u00e8s content\u00a0\u00bb<\/a>&nbsp;&nbsp;ASSE<\/li>\n<li><a href=\"https:\/\/news.google.com\/rss\/articles\/CBMiuwFBVV95cUxNcHc0ZkZDbVRvOFNCZ1I3WUwwbldDdnMyVElCYTBzWl81ajRfaGdfSWpzdDl3WlBRQ3U4ZHA4ZmEtWE8xaW5zX3pkN1EtRFo0M3E1dUtPcFlULXBHcFlWRWNkTzZkLXo0SWJNZ2lQNXh6eTUxelNKdGlCOFlqN3hpSGt1NjdBdEZkMHU5aVVMbEF6NVJFcUYyT0daSW5XbDNrcE5aUHFyNXdreWZDekJlYnJHako2NlZwVmhB?oc=5\" target=\"_blank\" rel=\"noopener\">Estac : l\u2019entr\u00e9e de Renaud Ripart contre Saint-\u00c9tienne, quel frisson !<\/a>&nbsp;&nbsp;L&rsquo;Est-\u00e9clair<\/li>\n<li><a href=\"https:\/\/news.google.com\/rss\/articles\/CBMimwFBVV95cUxQeWU3TEJQLVNfNTRFVGlXMGhfRWxrZmMyTXlXMVZocmYteWc3ck9XN21tLXliR19OZW9meEROVW1FTnJDRmVBQnI4QS1fd3VmbjZLODNfWFdYMTlCQ3Z4RHFOeEFFdmgzYWw0SnpPZlJIYmVUazZvLVJCYTVqUzJ4WktOaG5fWHpORUtQa0dydEVRQVd4eTZnc0pzWQ?oc=5\" target=\"_blank\" rel=\"noopener\">ASSE : Les ultras menac\u00e9s d&rsquo;interdiction apr\u00e8s la bagarre \u00e0 Troyes !<\/a>&nbsp;&nbsp;But! Football Club<\/li>\n<li><a href=\"https:\/\/news.google.com\/rss\/articles\/CBMi9wFBVV95cUxOai1ranhmNEpCWE1yM1ZKd2Nqd1VOVkNMd043aDEwc0ZaT2xEVVRvNk95Q291WGZqbVkwbVNKbDVfMHRibk12SF85VnRXS3Y4QWxPaWR2N243MUY3WmdOaFpObmpkRUpCNUR2ZnloNmxycURNdWhwWWF1NEdZbHNGQWtFV2lxME1rVlhLWFh2RUdfMnlQVU0yd2tVRXlLdXNpWlBZRFVVclJONUowNmtOX0FUcVJmTE5DR05xN2Z1bzRtV25hMUI2aExDRk9ic09xLXNaX1BrV1BsbktBOVRETVBXakJSdnc1dzlsTHZpSUY4cURCNHMw?oc=5\" target=\"_blank\" rel=\"noopener\">ASSE &#8211; Micka\u00ebl Nad\u00e9 souligne les progr\u00e8s des Verts apr\u00e8s la belle victoire contre l&rsquo;ESTAC Troyes<\/a>&nbsp;&nbsp;Made in Saint-Etienne<\/li>\n<\/ol>\n","protected":false},"excerpt":{"rendered":"ASSE. Bagarres en parcage, CRS \u00e0 Geoffroy-Guichard : que s\u2019est-il pass\u00e9 \u00e0 Troyes entre les supporters st\u00e9phanois ?&nbsp;&nbsp;Le&hellip;\n","protected":false},"author":2,"featured_media":526290,"comment_status":"","ping_status":"","sticky":false,"template":"","format":"standard","meta":{"footnotes":""},"categories":[2],"tags":[11,4000,7539,107,63,1011,27,4002,3367,12,25,4001,7538,517],"class_list":{"0":"post-526289","1":"post","2":"type-post","3":"status-publish","4":"format-standard","5":"has-post-thumbnail","7":"category-actualites","8":"tag-actualites","9":"tag-asse-as-saint-etienne-football","10":"tag-edition-loire-sud","11":"tag-fil-info","12":"tag-football","13":"tag-fr","14":"tag-france","15":"tag-haute-loire","16":"tag-loire","17":"tag-news","18":"tag-republique-francaise","19":"tag-saint-etienne","20":"tag-saint-etienne-ville","21":"tag-sport"},"share_on_mastodon":{"url":"https:\/\/pubeurope.com\/@fr\/115528897863394748","error":""},"_links":{"self":[{"href":"https:\/\/www.europesays.com\/fr\/wp-json\/wp\/v2\/posts\/526289","targetHints":{"allow":["GET"]}}],"collection":[{"href":"https:\/\/www.europesays.com\/fr\/wp-json\/wp\/v2\/posts"}],"about":[{"href":"https:\/\/www.europesays.com\/fr\/wp-json\/wp\/v2\/types\/post"}],"author":[{"embeddable":true,"href":"https:\/\/www.europesays.com\/fr\/wp-json\/wp\/v2\/users\/2"}],"replies":[{"embeddable":true,"href":"https:\/\/www.europesays.com\/fr\/wp-json\/wp\/v2\/comments?post=526289"}],"version-history":[{"count":0,"href":"https:\/\/www.europesays.com\/fr\/wp-json\/wp\/v2\/posts\/526289\/revisions"}],"wp:featuredmedia":[{"embeddable":true,"href":"https:\/\/www.europesays.com\/fr\/wp-json\/wp\/v2\/media\/526290"}],"wp:attachment":[{"href":"https:\/\/www.europesays.com\/fr\/wp-json\/wp\/v2\/media?parent=526289"}],"wp:term":[{"taxonomy":"category","embeddable":true,"href":"https:\/\/www.europesays.com\/fr\/wp-json\/wp\/v2\/categories?post=526289"},{"taxonomy":"post_tag","embeddable":true,"href":"https:\/\/www.europesays.com\/fr\/wp-json\/wp\/v2\/tags?post=526289"}],"curies":[{"name":"wp","href":"https:\/\/api.w.org\/{rel}","templated":true}]}}