{"id":526295,"date":"2025-11-11T03:22:12","date_gmt":"2025-11-11T03:22:12","guid":{"rendered":"https:\/\/www.europesays.com\/fr\/526295\/"},"modified":"2025-11-11T03:22:12","modified_gmt":"2025-11-11T03:22:12","slug":"grosse-bataille-en-cours-entre-bayonne-et-le-stade-toulousain","status":"publish","type":"post","link":"https:\/\/www.europesays.com\/fr\/526295\/","title":{"rendered":"Grosse bataille en cours entre Bayonne et le Stade-Toulousain ?"},"content":{"rendered":"<p>L\u2019Aviron Bayonnais souhaiterait recruter un joueur du Stade-Toulousain.<\/p>\n<p>Comme r\u00e9v\u00e9l\u00e9 depuis quelques jours, le club Basque aurait dans son viseur le trois-quarts polyvalent du Stade-Toulousain : Dimitri Delibes.<\/p>\n<p>Selon Ben33 sur Twitter, Dimitri Delibes a r\u00e9cemment \u00e9t\u00e9 aper\u00e7u du c\u00f4t\u00e9 de Bordeaux.<\/p>\n<p>Cependant, ce n\u2019est en aucun cas pour rejoindre l\u2019UBB ou d\u2019\u00e9ventuelles n\u00e9gociations avec le club Girondin.<\/p>\n<p>En revanche, la bataille serait rude entre l\u2019Aviron Bayonnais et le Stade-Toulousain sur ce dossier.<\/p>\n<p>En effet, le club de la Ville Rose souhaiterait conserver son joueur de 26 ans.<\/p>\n<p><strong>Affaire \u00e0 suivre\u2026<\/strong><\/p>\n<blockquote class=\"twitter-tweet\" data-width=\"550\" data-dnt=\"true\">\n<p lang=\"fr\" dir=\"ltr\">Dimitri Delibes \u00e9tait sur Bordeaux ce week end (comme des fois d\u2019autres joueurs\u2026). Du coup beaucoup de r\u00e9flexions sur le sujet \ud83d\ude09\ud83d\ude09\ud83d\ude09 D\u2019apr\u00e8s mes infos, il se baladait juste\ud83d\ude09 Aucun rapport avec une possible venue\u2026 NADA !!! Je confirme Bayonne \ud83d\ude09 et Toulouse aimerait le garder. <a href=\"https:\/\/t.co\/dm2QgNrIWh\" rel=\"nofollow\">pic.twitter.com\/dm2QgNrIWh<\/a><\/p>\n<p>\u2014 Ben33 (@Ben33110) <a href=\"https:\/\/twitter.com\/Ben33110\/status\/1987934994967261366?ref_src=twsrc%5Etfw\" rel=\"nofollow noopener\" target=\"_blank\">November 10, 2025<\/a><\/p>\n<\/blockquote>\n<p><script async src=\"https:\/\/platform.twitter.com\/widgets.js\" charset=\"utf-8\"><\/script><\/p>\n","protected":false},"excerpt":{"rendered":"L\u2019Aviron Bayonnais souhaiterait recruter un joueur du Stade-Toulousain. Comme r\u00e9v\u00e9l\u00e9 depuis quelques jours, le club Basque aurait dans&hellip;\n","protected":false},"author":2,"featured_media":411966,"comment_status":"","ping_status":"","sticky":false,"template":"","format":"standard","meta":{"footnotes":""},"categories":[1416],"tags":[1011,27,479,1468,60],"class_list":{"0":"post-526295","1":"post","2":"type-post","3":"status-publish","4":"format-standard","5":"has-post-thumbnail","7":"category-rugby","8":"tag-fr","9":"tag-france","10":"tag-rugby","11":"tag-rugby-football","12":"tag-sports"},"share_on_mastodon":{"url":"https:\/\/pubeurope.com\/@fr\/115528921526544238","error":""},"_links":{"self":[{"href":"https:\/\/www.europesays.com\/fr\/wp-json\/wp\/v2\/posts\/526295","targetHints":{"allow":["GET"]}}],"collection":[{"href":"https:\/\/www.europesays.com\/fr\/wp-json\/wp\/v2\/posts"}],"about":[{"href":"https:\/\/www.europesays.com\/fr\/wp-json\/wp\/v2\/types\/post"}],"author":[{"embeddable":true,"href":"https:\/\/www.europesays.com\/fr\/wp-json\/wp\/v2\/users\/2"}],"replies":[{"embeddable":true,"href":"https:\/\/www.europesays.com\/fr\/wp-json\/wp\/v2\/comments?post=526295"}],"version-history":[{"count":0,"href":"https:\/\/www.europesays.com\/fr\/wp-json\/wp\/v2\/posts\/526295\/revisions"}],"wp:featuredmedia":[{"embeddable":true,"href":"https:\/\/www.europesays.com\/fr\/wp-json\/wp\/v2\/media\/411966"}],"wp:attachment":[{"href":"https:\/\/www.europesays.com\/fr\/wp-json\/wp\/v2\/media?parent=526295"}],"wp:term":[{"taxonomy":"category","embeddable":true,"href":"https:\/\/www.europesays.com\/fr\/wp-json\/wp\/v2\/categories?post=526295"},{"taxonomy":"post_tag","embeddable":true,"href":"https:\/\/www.europesays.com\/fr\/wp-json\/wp\/v2\/tags?post=526295"}],"curies":[{"name":"wp","href":"https:\/\/api.w.org\/{rel}","templated":true}]}}