{"id":526300,"date":"2025-11-11T03:28:12","date_gmt":"2025-11-11T03:28:12","guid":{"rendered":"https:\/\/www.europesays.com\/fr\/526300\/"},"modified":"2025-11-11T03:28:12","modified_gmt":"2025-11-11T03:28:12","slug":"emmanuel-macron-lance-un-appel-a-r9-bresil","status":"publish","type":"post","link":"https:\/\/www.europesays.com\/fr\/526300\/","title":{"rendered":"Emmanuel Macron lance un appel \u00e0 R9 &#8211; Br\u00e9sil"},"content":{"rendered":"<p>Ce personnage de supporter de l\u2019OM commence \u00e0 \u00eatre encore plus lassant que la situation politique actuelle.<\/p>\n<p>Dans une vid\u00e9o aux c\u00f4t\u00e9s de Paul Cabannes, humoriste fran\u00e7ais expatri\u00e9 au Br\u00e9sil depuis plusieurs ann\u00e9es, <strong>Emmanuel Macron a \u00e9t\u00e9 interrog\u00e9 sur son rapport au football<\/strong>. Celui dont on conna\u00eet l\u2019amour pour l\u2019Olympique de Marseille \u2013 au moins toute la communication qu\u2019il fait autour depuis 2017 \u2013 \u00e9tait au pays du ballon rond pour participer \u00e0 la COP 30 de Belem et n\u2019a pas manqu\u00e9 d\u2019en faire des caisses sur le club phoc\u00e9en.<\/p>\n<p>\u00ab\u00a0Merci de clarifier !\u00a0\u00bb<\/p>\n<p>Le pr\u00e9sident de la R\u00e9publique devait ainsi deviner si les anecdotes \u00e9taient vraies ou fausses. \u00ab\u00a0Le Br\u00e9silien Ronaldo Fenomeno a d\u00e9clar\u00e9 en 2017 qu\u2019il aurait aim\u00e9 jouer \u00e0 l\u2019Olympique de Marseille s\u2019il avait jou\u00e9 en France\u00a0\u00bb, a pos\u00e9 l\u2019humoriste, avant qu\u2019Emmanuel Macron ne r\u00e9pondu du tac au tac : <strong>\u00ab\u00a0C\u2019est non seulement vrai, mais c\u2019est une \u00e9vidence !\u00a0\u00bb <\/strong><\/p>\n<p>Argumentant sur la qualit\u00e9 des supporters olympiens, il a \u00e9t\u00e9 refroidi par la terrible v\u00e9rit\u00e9 : c\u2019est \u00e9videmment faux. Fort de son statut de chef de l\u2019\u00c9tat, il a d\u00e9cid\u00e9 d\u2019interpeller directement la l\u00e9gende : \u00ab\u00a0<strong>Ceci est un appel \u00e0 Ronaldo<\/strong>. Si on pouvait corriger les choses. Ronaldo, merci de clarifier !\u00a0\u00bb<\/p>\n<p>En vrai, R9 aurait juste voulu jouer au PSG, comme tous les Br\u00e9siliens.<\/p>\n<p>\t\t\t\t\t\t\t\t\t\t<a class=\"lien-connexe\" href=\"https:\/\/www.sofoot.com\/breves\/carlo-ancelotti-ne-selectionne-toujours-pas-neymar-avec-le-bresil\" rel=\"nofollow noopener\" target=\"_blank\">Toujours pas de Neymar avec la Sele\u00e7\u00e3o<\/a>\t\t\t\t\t<\/p>\n","protected":false},"excerpt":{"rendered":"Ce personnage de supporter de l\u2019OM commence \u00e0 \u00eatre encore plus lassant que la situation politique actuelle. Dans&hellip;\n","protected":false},"author":2,"featured_media":526301,"comment_status":"","ping_status":"","sticky":false,"template":"","format":"standard","meta":{"footnotes":""},"categories":[1410],"tags":[47,61,69,65,64,63,1011,27,68,66,62,70,67,60],"class_list":{"0":"post-526300","1":"post","2":"type-post","3":"status-publish","4":"format-standard","5":"has-post-thumbnail","7":"category-football","8":"tag-actualite","9":"tag-actus-football","10":"tag-bundesliga","11":"tag-championnats-europeens","12":"tag-equipe-de-france","13":"tag-football","14":"tag-fr","15":"tag-france","16":"tag-ligua","17":"tag-ligue-1","18":"tag-news-foot","19":"tag-premier-league","20":"tag-serie-a","21":"tag-sports"},"share_on_mastodon":{"url":"https:\/\/pubeurope.com\/@fr\/115528945291757406","error":""},"_links":{"self":[{"href":"https:\/\/www.europesays.com\/fr\/wp-json\/wp\/v2\/posts\/526300","targetHints":{"allow":["GET"]}}],"collection":[{"href":"https:\/\/www.europesays.com\/fr\/wp-json\/wp\/v2\/posts"}],"about":[{"href":"https:\/\/www.europesays.com\/fr\/wp-json\/wp\/v2\/types\/post"}],"author":[{"embeddable":true,"href":"https:\/\/www.europesays.com\/fr\/wp-json\/wp\/v2\/users\/2"}],"replies":[{"embeddable":true,"href":"https:\/\/www.europesays.com\/fr\/wp-json\/wp\/v2\/comments?post=526300"}],"version-history":[{"count":0,"href":"https:\/\/www.europesays.com\/fr\/wp-json\/wp\/v2\/posts\/526300\/revisions"}],"wp:featuredmedia":[{"embeddable":true,"href":"https:\/\/www.europesays.com\/fr\/wp-json\/wp\/v2\/media\/526301"}],"wp:attachment":[{"href":"https:\/\/www.europesays.com\/fr\/wp-json\/wp\/v2\/media?parent=526300"}],"wp:term":[{"taxonomy":"category","embeddable":true,"href":"https:\/\/www.europesays.com\/fr\/wp-json\/wp\/v2\/categories?post=526300"},{"taxonomy":"post_tag","embeddable":true,"href":"https:\/\/www.europesays.com\/fr\/wp-json\/wp\/v2\/tags?post=526300"}],"curies":[{"name":"wp","href":"https:\/\/api.w.org\/{rel}","templated":true}]}}