{"id":526309,"date":"2025-11-11T03:34:16","date_gmt":"2025-11-11T03:34:16","guid":{"rendered":"https:\/\/www.europesays.com\/fr\/526309\/"},"modified":"2025-11-11T03:34:16","modified_gmt":"2025-11-11T03:34:16","slug":"box-office-week-end-tas-pas-change-vit-une-seconde-jeunesse","status":"publish","type":"post","link":"https:\/\/www.europesays.com\/fr\/526309\/","title":{"rendered":"Box-office week-end : T\u2019as pas chang\u00e9 vit une seconde jeunesse"},"content":{"rendered":"<p>                                <a href=\"https:\/\/www.boxofficepro.fr\/wp-content\/uploads\/sites\/2\/2025\/11\/5a85711251b4ba92ce77878690f75668.jpg\" target=\"_blank\" rel=\"noopener nofollow\"><img width=\"600\" height=\"251\" src=\"https:\/\/www.europesays.com\/fr\/wp-content\/uploads\/2025\/11\/5a85711251b4ba92ce77878690f75668-600x251.jpg\" class=\"attachment-mobile size-mobile wp-post-image\" alt=\"\" decoding=\"async\" fetchpriority=\"high\"  \/><\/a><br \/>\n                                Laurent Lafitte dans T&rsquo;as pas chang\u00e9 de J\u00e9r\u00f4me Commandeur \u00a9 Studiocanal                            <\/p>\n<p><strong>Alors que plusieurs entr\u00e9es ne nous sont pas parvenues en raison du pont du 11 novembre, la sortie de Studiocanal s\u2019empare de la t\u00eate d\u2019un top 10 accusant le contrecoup de la rentr\u00e9e scolaire.<\/strong><\/p>\n<p>Classement r\u00e9alis\u00e9 avec les estimations de La Femme la plus riche du monde et Yoro\u00ef.<\/p>\n<p>Joli d\u00e9marrage pour <strong>T\u2019as pas chang\u00e9<\/strong> avec 215 000 entr\u00e9es pour une solide moyenne de 25 entr\u00e9es par s\u00e9ance (e\/s). La com\u00e9die de J\u00e9r\u00f4me Commandeur r\u00e9alise un d\u00e9marrage dans la lign\u00e9e de sa pr\u00e9c\u00e9dente r\u00e9alisation, Irr\u00e9ductible, qui avait boucl\u00e9 son premier week-end \u00e0 241 000 spectateurs pour 22 e\/s\u2026 mais \u00e9tait sortie la semaine de la F\u00eate du Cin\u00e9ma 2022. Plus r\u00e9cemment, C\u2019\u00e9tait mieux demain, autre com\u00e9die g\u00e9n\u00e9rationnelle invoquant les lois du temps, s\u2019est lanc\u00e9e \u00e0 168 000 billets pour 19 e\/s.<\/p>\n<p class=\"has-background\" style=\"background-color:#ededed\"><strong>Box-office 1er jour : <\/strong><a href=\"https:\/\/www.boxofficepro.fr\/box-office-1er-jour-predator-badlands-tas-pas-change-inconnu-grande-arche\/\" target=\"_blank\" rel=\"noreferrer noopener nofollow\"><strong>Predator : Badlands et T\u2019as pas chang\u00e9 au coude-\u00e0-coude<\/strong><\/a><\/p>\n<p>179 000 spectateurs sont all\u00e9s d\u00e9couvrir <strong>Predator : Badlands<\/strong>, pour 17 e\/s. Un d\u00e9marrage bien inf\u00e9rieur \u00e0 ceux de Alien : Romulus (384 000 entr\u00e9es pour 33 e\/s) et Sans un bruit : Jour 1 (259 000 entr\u00e9es pour 24 e\/s), mais dans la lign\u00e9e d\u2019un Madame Web (172 000 entr\u00e9es pour 17 e\/s) ou Nope (166 000 entr\u00e9es pour 17 e\/s). Il s\u2019agit d\u2019un r\u00e9sultat globalement inf\u00e9rieur aux derniers titres am\u00e9ricains d\u2019envergure sortis le mercredi de rentr\u00e9e de la Toussaint : en 2023, The Marvels engrangeait 333 000 entr\u00e9es pour 26 e\/s, tandis que Black Panther : Wakanda Forever culminait \u00e0 1,5 million de spectateurs pour 99 e\/s.<\/p>\n<p class=\"has-background\" style=\"background-color:#ededed\"><strong>\u00c0 lire aussi | <\/strong><a href=\"https:\/\/www.boxofficepro.fr\/box-office-us-predator-badlands-un-rugissement-record\/\" target=\"_blank\" rel=\"noreferrer noopener nofollow\"><strong>Box-office US : Predator : Badlands, un rugissement record<\/strong><\/a><\/p>\n<p>-41 % pour <strong>La Femme la plus riche du monde<\/strong> qui \u00e9coule 154 000 tickets pour 24 e\/s. La com\u00e9die dramatique de Thierry Klifa totalise 482 000 entr\u00e9es, et est d\u00e9j\u00e0 le cinqui\u00e8me plus grand succ\u00e8s de Haut et Court \u2013 except\u00e9 les films ayant \u00e9t\u00e9 projet\u00e9s lors de s\u00e9ances scolaires \u2013, entre La Nuit du 12 (545 000) et Drunk (455 000).<\/p>\n<p>Si, comme toutes les continuations, <strong>L\u2019\u00c9tranger<\/strong> se fait \u00e9corcher par la rentr\u00e9e scolaire, le titre de Gaumont n\u2019accuse une baisse \u201cque\u201d de 39 %, toutefois bien aid\u00e9 par une hausse de ses s\u00e9ances de 2 %. La nouvelle r\u00e9alisation de Fran\u00e7ois Ozon r\u00e9alise 119 000 entr\u00e9es pour un cumul \u00e0 375 000, soit un r\u00e9sultat l\u00e9g\u00e8rement sup\u00e9rieur aux 356 000 au m\u00eame stade de Quand vient l\u2019automne, le pr\u00e9c\u00e9dent film du cin\u00e9aste. Mon crime, son cru de 2023, en \u00e9tait \u00e0 645 000 apr\u00e8s deux week-ends, mais avait b\u00e9n\u00e9fici\u00e9 de pr\u00e8s de 10 000 s\u00e9ances suppl\u00e9mentaires.\u00a0<\/p>\n<p>Le sort est moins favorable \u00e0 <strong>Kaamelott \u2013 Deuxi\u00e8me volet (partie 1)<\/strong> qui attire 93 000 spectateurs pour 11 e\/s. Avec 869 000 entr\u00e9es en trois week-ends, le titre de SND est loin derri\u00e8re le 1,8 million du premier volet. Derni\u00e8re nouveaut\u00e9 du classement, <strong>L\u2019Inconnu de la Grande Arche<\/strong> \u00e9coule 67 000 tickets pour 20 e\/s. Il s\u2019agit d\u2019un d\u00e9marrage l\u00e9g\u00e8rement inf\u00e9rieur \u00e0 Borgo (72 000 entr\u00e9es pour 22 e\/s) et un cran en dessous de La Fille au bracelet (101 000 entr\u00e9es pour 29 e\/s), les pr\u00e9c\u00e9dents films de St\u00e9phane Demoustier.<\/p>\n<p>\u00c0 noter hors classement la toujours tr\u00e8s bonne tenue de <strong>Sacr\u00e9 C\u0153ur<\/strong>, la meilleure observ\u00e9e parmi les continuations, qui r\u00e9alise 39 000 entr\u00e9es (-21 %) pour 30 e\/s. Du c\u00f4t\u00e9 des nouveaut\u00e9s, <strong>Semer et r\u00e9colter<\/strong>, chez Les Films d\u2019Avalon, attire 1 512 spectateurs pour une excellente moyenne de 58 e\/s. Un r\u00e9sultat port\u00e9 par la pr\u00e9sence du r\u00e9alisateur \u00c9ric Le Roch qui a accompagn\u00e9 la grande majorit\u00e9 des 26 s\u00e9ances du film. Enfin, chez Orawa Prod, le documentaire <strong>Baroudeurs du Christ<\/strong> obtient une solide moyenne de 27 e\/s, pour 5 900 entr\u00e9es.<\/p>\n<p><strong>Entr\u00e9es cumul\u00e9es du 5 au 9 novembre 2025 :<\/strong><\/p>\n<p><a href=\"https:\/\/www.boxofficepro.fr\/wp-content\/uploads\/sites\/2\/2025\/11\/TOP-10-WEEK-END-4.png\" target=\"_blank\" rel=\" noreferrer noopener nofollow\"><img loading=\"lazy\" decoding=\"async\" width=\"1024\" height=\"842\" src=\"https:\/\/www.europesays.com\/fr\/wp-content\/uploads\/2025\/11\/TOP-10-WEEK-END-4-1024x842.png\" alt=\"\" class=\"wp-image-32610\"  \/><\/a>Sources chiffres : Distributeurs | S\u00e9ances : Showtimes Dashboard by The Boxoffice Company<\/p>\n","protected":false},"excerpt":{"rendered":"Laurent Lafitte dans T&rsquo;as pas chang\u00e9 de J\u00e9r\u00f4me Commandeur \u00a9 Studiocanal Alors que plusieurs entr\u00e9es ne nous sont&hellip;\n","protected":false},"author":2,"featured_media":526310,"comment_status":"","ping_status":"","sticky":false,"template":"","format":"standard","meta":{"footnotes":""},"categories":[1354],"tags":[58,59,1346,1011,27,1360],"class_list":{"0":"post-526309","1":"post","2":"type-post","3":"status-publish","4":"format-standard","5":"has-post-thumbnail","7":"category-films","8":"tag-divertissement","9":"tag-entertainment","10":"tag-films","11":"tag-fr","12":"tag-france","13":"tag-movies"},"share_on_mastodon":{"url":"https:\/\/pubeurope.com\/@fr\/115528969749825696","error":""},"_links":{"self":[{"href":"https:\/\/www.europesays.com\/fr\/wp-json\/wp\/v2\/posts\/526309","targetHints":{"allow":["GET"]}}],"collection":[{"href":"https:\/\/www.europesays.com\/fr\/wp-json\/wp\/v2\/posts"}],"about":[{"href":"https:\/\/www.europesays.com\/fr\/wp-json\/wp\/v2\/types\/post"}],"author":[{"embeddable":true,"href":"https:\/\/www.europesays.com\/fr\/wp-json\/wp\/v2\/users\/2"}],"replies":[{"embeddable":true,"href":"https:\/\/www.europesays.com\/fr\/wp-json\/wp\/v2\/comments?post=526309"}],"version-history":[{"count":0,"href":"https:\/\/www.europesays.com\/fr\/wp-json\/wp\/v2\/posts\/526309\/revisions"}],"wp:featuredmedia":[{"embeddable":true,"href":"https:\/\/www.europesays.com\/fr\/wp-json\/wp\/v2\/media\/526310"}],"wp:attachment":[{"href":"https:\/\/www.europesays.com\/fr\/wp-json\/wp\/v2\/media?parent=526309"}],"wp:term":[{"taxonomy":"category","embeddable":true,"href":"https:\/\/www.europesays.com\/fr\/wp-json\/wp\/v2\/categories?post=526309"},{"taxonomy":"post_tag","embeddable":true,"href":"https:\/\/www.europesays.com\/fr\/wp-json\/wp\/v2\/tags?post=526309"}],"curies":[{"name":"wp","href":"https:\/\/api.w.org\/{rel}","templated":true}]}}