{"id":526321,"date":"2025-11-11T03:40:12","date_gmt":"2025-11-11T03:40:12","guid":{"rendered":"https:\/\/www.europesays.com\/fr\/526321\/"},"modified":"2025-11-11T03:40:12","modified_gmt":"2025-11-11T03:40:12","slug":"la-syrie-rejoint-la-coalition-internationale-contre-letat-islamique","status":"publish","type":"post","link":"https:\/\/www.europesays.com\/fr\/526321\/","title":{"rendered":"La Syrie rejoint la coalition internationale contre l\u2019\u00c9tat islamique"},"content":{"rendered":"<p>\n    Damas s\u2019appr\u00eate \u00e0 rejoindre la coalition internationale antidjihadiste, dirig\u00e9e par les \u00c9tats-Unis contre le groupe \u00c9tat islamique, a indiqu\u00e9 lundi un responsable am\u00e9ricain sous couvert de l\u2019anonymat.<\/p>\n<p class=\"fig-paragraph\">De la liste noire du FBI \u00e0 la Maison-Blanche.\u00a0<a href=\"https:\/\/www.lefigaro.fr\/tag\/donald-trump\" target=\"_blank\" rel=\"nofollow noopener\" data-gtm-custom-categorie=\"navigation\" data-gtm-custom-action=\"crossclick\" data-gtm-custom-label=\"Contextuel\" data-gtm-event=\"customEventSPE\">Donald Trump<\/a>\u00a0a re\u00e7u lundi Ahmed al-Charaa, une premi\u00e8re pour un chef d\u2019\u00c9tat syrien et une cons\u00e9cration pour l\u2019ancien jihadiste, dont le pays va rejoindre la coalition internationale contre le groupe\u00a0<a href=\"https:\/\/www.lefigaro.fr\/tag\/etat-islamique\" target=\"_blank\" rel=\"nofollow noopener\" data-gtm-custom-categorie=\"navigation\" data-gtm-custom-action=\"crossclick\" data-gtm-custom-label=\"Contextuel\" data-gtm-event=\"customEventSPE\">\u00c9tat islamique (EI)<\/a>.<\/p>\n<p class=\"fig-paragraph\">\u00abJe l\u2019aime bien\u00bb, a r\u00e9agi le pr\u00e9sident am\u00e9ricain apr\u00e8s la rencontre, qui s\u2019est d\u00e9roul\u00e9e loin des cam\u00e9ras, en ajoutant\u00a0: \u00abNous ferons tout ce que nous pouvons pour que la Syrie r\u00e9ussisse.\u00bb \u00abIl a un pass\u00e9 brutal, et je pense, franchement, que sans pass\u00e9 brutal, vous n\u2019avez aucune chance\u00bb, a encore dit Donald Trump.<\/p>\n<p>                                    <a class=\"fig-a11y-skip a11y-hidden\" href=\"#fig-a11y-skip-main-inarticle\"><br \/>\n        Passer la publicit\u00e9<br \/>\n    <\/a><\/p>\n<p class=\"fig-paragraph\">Il avait d\u00e9j\u00e0 exprim\u00e9 sa sympathie pour le pr\u00e9sident int\u00e9rimaire, dont la coalition islamiste a renvers\u00e9 le dirigeant de longue date Bachar al-Assad en d\u00e9cembre 2024, pendant leur toute premi\u00e8re rencontre, en mai dans le Golfe.<\/p>\n<p>\u00abPour \u00e9liminer les derniers foyers de Daech\u00bb<\/p>\n<p class=\"fig-paragraph\">Comme largement attendu, cette visite a \u00e9t\u00e9 l\u2019occasion d\u2019annoncer l\u2019entr\u00e9e de la Syrie dans la coalition internationale antijihadiste men\u00e9e par les \u00c9tats-Unis, visant l\u2019EI. \u00abLa Syrie deviendra ainsi le 90e membre de la coalition contre Daech\u00bb, a d\u00e9clar\u00e9 un responsable am\u00e9ricain ayant requis l\u2019anonymat, utilisant l\u2019acronyme arabe de l\u2019EI. Selon lui, Damas va d\u00e9sormais \u00abs\u2019associer aux \u00c9tats-Unis pour \u00e9liminer les derniers foyers de Daech et mettre un terme \u00e0 l\u2019afflux de combattants \u00e9trangers\u00bb. Dans une interview \u00e0 Fox News, le pr\u00e9sident syrien avait peu avant assur\u00e9 que ce sujet devait encore \u00eatre discut\u00e9.<\/p>\n<p class=\"fig-paragraph\">Jeudi, Emmanuel Macron avait appel\u00e9 le pr\u00e9sident syrien\u00a0<a href=\"http:\/\/www.lefigaro.fr\/international\/al-charaa-est-dangereusement-intelligent-enquete-au-coeur-du-nouveau-pouvoir-syrien-20250211\" target=\"_blank\" data-fig-type=\"Article\" rel=\"noopener\" data-gtm-custom-categorie=\"navigation\" data-gtm-custom-action=\"crossclick\" data-gtm-custom-label=\"Contextuel\" data-gtm-event=\"customEventSPE\" data-fig-domain=\"LEFIGARO\">Ahmad al-Charaa<\/a>, qu\u2019il a rencontr\u00e9 en marge du sommet sur le climat au Br\u00e9sil, \u00e0 \u00abrejoindre la coalition internationale de lutte contre Daech\u00bb. \u00abNous sommes \u00e0 quelques jours des comm\u00e9morations du 13 Novembre\u00bb, avait rappel\u00e9 le pr\u00e9sident fran\u00e7ais \u00e0 la presse \u00e0 Bel\u00e9m, o\u00f9 va se tenir la\u00a0<a href=\"http:\/\/www.lefigaro.fr\/sciences\/dossier\/cop30-au-bresil-sur-le-changement-climatique-notre-dossier-pour-tout-comprendre\" target=\"_blank\" data-fig-type=\"Topic\" rel=\"noopener\" data-gtm-custom-categorie=\"navigation\" data-gtm-custom-action=\"crossclick\" data-gtm-custom-label=\"Contextuel\" data-gtm-event=\"customEventSPE\" data-fig-domain=\"LEFIGARO\">COP30<\/a>\u00a0(10-21 novembre). Or, avait-il ajout\u00e9, \u00abnul n\u2019oublie que les attentats\u00bb men\u00e9s \u00e0 Paris en 2015 \u00abavaient \u00e9t\u00e9 foment\u00e9s en Syrie et donc c\u2019est un sujet aussi de s\u00e9curit\u00e9 pour les Fran\u00e7ais\u00bb. Le chef de l\u2019\u00c9tat avait ainsi expliqu\u00e9 attendre \u00abque la Syrie soit un acteur plein et entier de notre lutte contre les groupes terroristes et dans la r\u00e9gion\u00bb.<\/p>\n","protected":false},"excerpt":{"rendered":"Damas s\u2019appr\u00eate \u00e0 rejoindre la coalition internationale antidjihadiste, dirig\u00e9e par les \u00c9tats-Unis contre le groupe \u00c9tat islamique, a&hellip;\n","protected":false},"author":2,"featured_media":526322,"comment_status":"","ping_status":"","sticky":false,"template":"","format":"standard","meta":{"footnotes":""},"categories":[5],"tags":[11,33711,23398,1011,27,14,12,32,28],"class_list":{"0":"post-526321","1":"post","2":"type-post","3":"status-publish","4":"format-standard","5":"has-post-thumbnail","7":"category-international","8":"tag-actualites","9":"tag-daech","10":"tag-etat-islamique","11":"tag-fr","12":"tag-france","13":"tag-international","14":"tag-news","15":"tag-syrie","16":"tag-world"},"share_on_mastodon":{"url":"https:\/\/pubeurope.com\/@fr\/115528992303356971","error":""},"_links":{"self":[{"href":"https:\/\/www.europesays.com\/fr\/wp-json\/wp\/v2\/posts\/526321","targetHints":{"allow":["GET"]}}],"collection":[{"href":"https:\/\/www.europesays.com\/fr\/wp-json\/wp\/v2\/posts"}],"about":[{"href":"https:\/\/www.europesays.com\/fr\/wp-json\/wp\/v2\/types\/post"}],"author":[{"embeddable":true,"href":"https:\/\/www.europesays.com\/fr\/wp-json\/wp\/v2\/users\/2"}],"replies":[{"embeddable":true,"href":"https:\/\/www.europesays.com\/fr\/wp-json\/wp\/v2\/comments?post=526321"}],"version-history":[{"count":0,"href":"https:\/\/www.europesays.com\/fr\/wp-json\/wp\/v2\/posts\/526321\/revisions"}],"wp:featuredmedia":[{"embeddable":true,"href":"https:\/\/www.europesays.com\/fr\/wp-json\/wp\/v2\/media\/526322"}],"wp:attachment":[{"href":"https:\/\/www.europesays.com\/fr\/wp-json\/wp\/v2\/media?parent=526321"}],"wp:term":[{"taxonomy":"category","embeddable":true,"href":"https:\/\/www.europesays.com\/fr\/wp-json\/wp\/v2\/categories?post=526321"},{"taxonomy":"post_tag","embeddable":true,"href":"https:\/\/www.europesays.com\/fr\/wp-json\/wp\/v2\/tags?post=526321"}],"curies":[{"name":"wp","href":"https:\/\/api.w.org\/{rel}","templated":true}]}}