{"id":52633,"date":"2025-04-25T20:40:08","date_gmt":"2025-04-25T20:40:08","guid":{"rendered":"https:\/\/www.europesays.com\/fr\/52633\/"},"modified":"2025-04-25T20:40:08","modified_gmt":"2025-04-25T20:40:08","slug":"faut-il-investir-dans-les-valeurs-qui-ont-beaucoup-chute-en-bourse","status":"publish","type":"post","link":"https:\/\/www.europesays.com\/fr\/52633\/","title":{"rendered":"faut-il investir dans les valeurs qui ont beaucoup chut\u00e9 en Bourse\u00a0?"},"content":{"rendered":"<p><strong>NOS CONSEILS<\/strong> &#8211; Si les march\u00e9s ont repris des couleurs cette semaine, l\u2019incertitude demeure y compris pour le CAC 40. Selon les analystes, certains investissements restent tr\u00e8s risqu\u00e9s.<\/p>\n<p class=\"fig-paragraph\"><a href=\"http:\/\/www.lefigaro.fr\/conjoncture\/les-marches-saluent-les-reculades-de-trump-20250423\" target=\"_blank\" data-fig-type=\"Article\" rel=\"noopener\" data-gtm-custom-categorie=\"navigation\" data-gtm-custom-action=\"crossclick\" data-gtm-custom-label=\"Contextuel\" data-gtm-event=\"customEventSPE\" data-fig-domain=\"LEFIGARO\">La d\u00e9sescalade du gouvernement am\u00e9ricain<\/a>\u00a0face \u00e0 la Chine a apport\u00e9 un peu d\u2019oxyg\u00e8ne aux march\u00e9s financiers cette semaine. Mais le\u00a0<a href=\"http:\/\/www.lefigaro.fr\/conjoncture\/dossier\/droits-de-douane-americains-notre-dossier-pour-tout-comprendre\" target=\"_blank\" data-fig-type=\"Topic\" rel=\"noopener\" data-gtm-custom-categorie=\"navigation\" data-gtm-custom-action=\"crossclick\" data-gtm-custom-label=\"Contextuel\" data-gtm-event=\"customEventSPE\" data-fig-domain=\"LEFIGARO\">climat d\u2019incertitude<\/a>\u00a0aliment\u00e9 depuis des semaines par Donald Trump a laiss\u00e9 de profondes traces sur les march\u00e9s d\u2019actions et la prudence reste de mise face aux humeurs tr\u00e8s changeantes du pr\u00e9sident am\u00e9ricain. Si\u00a0<a href=\"http:\/\/www.lefigaro.fr\/flash-eco\/wall-street-termine-en-hausse-pour-la-troisieme-seance-d-affilee-20250424\" target=\"_blank\" data-fig-type=\"NewsFlash\" rel=\"noopener\" data-gtm-custom-categorie=\"navigation\" data-gtm-custom-action=\"crossclick\" data-gtm-custom-label=\"Contextuel\" data-gtm-event=\"customEventSPE\" data-fig-domain=\"LEFIGARO\">Wall Street<\/a>\u00a0se trouve en premi\u00e8re ligne, le CAC\u00a040, riche en groupes grands exportateurs, n\u2019a pas \u00e9t\u00e9 \u00e9pargn\u00e9. Apr\u00e8s un d\u00e9but d\u2019ann\u00e9e tonitruant, l\u2019indice phare de la Bourse de Paris a chut\u00e9. Depuis son sommet historique de la fin du mois de f\u00e9vrier, o\u00f9 il s\u2019\u00e9tait hiss\u00e9 \u00e0 8\u00a0257,88\u00a0points, le CAC\u00a040 affiche une baisse de pr\u00e8s de 9\u00a0%. Il reste en petite hausse (2\u00a0%) depuis le 1er\u00a0janvier.<\/p>\n<p class=\"fig-paragraph\">Parmi les fleurons du CAC\u00a040, certaines valeurs ont particuli\u00e8rement souffert. L\u2019industrie automobile, dont les cha\u00eenes de production et d\u2019approvisionnement sont mondialis\u00e9es, est tr\u00e8s expos\u00e9e aux barri\u00e8res douani\u00e8res \u00e9rig\u00e9es par le locataire de la Maison-Blanche. \u00c0 la\u2026<\/p>\n<p class=\"fig-premium-paywall__infos\">\n        Cet article est r\u00e9serv\u00e9 aux abonn\u00e9s.        Il vous reste 80% \u00e0 d\u00e9couvrir.\n    <\/p>\n<p>                <img  data- alt=\"Le Figaro\" class=\"fig-img--complete fig-img\"\/><\/p>\n<p class=\"fig-premium-paywall__title\">Vous avez envie de lire la suite ?<\/p>\n<p class=\"fig-premium-paywall__subtitle\">D\u00e9bloquez tous les articles imm\u00e9diatement.<\/p>\n<p class=\"fig-premium-paywall__connect\">\n                D\u00e9j\u00e0 abonn\u00e9\u00a0?                <a class=\"fig-premium-paywall__connect-link\" href=\"https:\/\/connect.lefigaro.fr\/login?client=horizon_web&amp;type=main&amp;redirect_uri=https%3A%2F%2Fwww.lefigaro.fr%2Fdecideurs%2Fguerre-commerciale-faut-il-investir-dans-les-valeurs-qui-ont-beaucoup-chute-en-bourse-20250425\" data-js-gtm=\"{&quot;customCategorie&quot;: &quot;conversion&quot;, &quot;customAction&quot;: &quot;before_Landing_Connexion_paywall_auto&quot;, &quot;customLabel&quot;: &quot;bGVmaWdhcm8uZnJfXzFmMDIxYzA2LWExNjktNjVjYS05MWI3LTAzYWVjNjIzYjdkZl9fQXJ0aWNsZQ==_Guerre commerciale\u00a0: faut-il investir dans les valeurs qui ont beaucoup chut\u00e9 en Bourse\u00a0?_269&quot;, &quot;customIDSPE&quot;: &quot;bGVmaWdhcm8uZnJfXzFmMDIxYzA2LWExNjktNjVjYS05MWI3LTAzYWVjNjIzYjdkZl9fQXJ0aWNsZQ==&quot;, &quot;event&quot;: &quot;customEventSPE&quot;}\" target=\"_blank\" rel=\"noopener\"><br \/>\n                    Connectez-vous<br \/>\n                <\/a>\n            <\/p>\n","protected":false},"excerpt":{"rendered":"NOS CONSEILS &#8211; Si les march\u00e9s ont repris des couleurs cette semaine, l\u2019incertitude demeure y compris pour le&hellip;\n","protected":false},"author":2,"featured_media":52634,"comment_status":"","ping_status":"","sticky":false,"template":"","format":"standard","meta":{"footnotes":""},"categories":[6],"tags":[631,630,4416,4417,1117,340,35,343,14603,14598,14602,33,34,14600,1011,27,1074,14605,2112,9350,12014,14604,14601,4919,14599,14597,6901],"class_list":{"0":"post-52633","1":"post","2":"type-post","3":"status-publish","4":"format-standard","5":"has-post-thumbnail","7":"category-economie","8":"tag-action","9":"tag-actualite-bourse","10":"tag-analyse-graphique","11":"tag-analyse-technique","12":"tag-assurance","13":"tag-bourse","14":"tag-business","15":"tag-cac-40","16":"tag-chef-entreprise","17":"tag-decideurs","18":"tag-dirigeant","19":"tag-economie","20":"tag-economy","21":"tag-expertises","22":"tag-fr","23":"tag-france","24":"tag-guerre-commerciale","25":"tag-investir-bours","26":"tag-marches-financiers","27":"tag-nominations","28":"tag-patrons","29":"tag-pdg","30":"tag-portraits-dirigeants","31":"tag-president","32":"tag-remunerations","33":"tag-vie-de-lentreprise","34":"tag-wall-street"},"share_on_mastodon":{"url":"https:\/\/pubeurope.com\/@fr\/114400541109151692","error":""},"_links":{"self":[{"href":"https:\/\/www.europesays.com\/fr\/wp-json\/wp\/v2\/posts\/52633","targetHints":{"allow":["GET"]}}],"collection":[{"href":"https:\/\/www.europesays.com\/fr\/wp-json\/wp\/v2\/posts"}],"about":[{"href":"https:\/\/www.europesays.com\/fr\/wp-json\/wp\/v2\/types\/post"}],"author":[{"embeddable":true,"href":"https:\/\/www.europesays.com\/fr\/wp-json\/wp\/v2\/users\/2"}],"replies":[{"embeddable":true,"href":"https:\/\/www.europesays.com\/fr\/wp-json\/wp\/v2\/comments?post=52633"}],"version-history":[{"count":0,"href":"https:\/\/www.europesays.com\/fr\/wp-json\/wp\/v2\/posts\/52633\/revisions"}],"wp:featuredmedia":[{"embeddable":true,"href":"https:\/\/www.europesays.com\/fr\/wp-json\/wp\/v2\/media\/52634"}],"wp:attachment":[{"href":"https:\/\/www.europesays.com\/fr\/wp-json\/wp\/v2\/media?parent=52633"}],"wp:term":[{"taxonomy":"category","embeddable":true,"href":"https:\/\/www.europesays.com\/fr\/wp-json\/wp\/v2\/categories?post=52633"},{"taxonomy":"post_tag","embeddable":true,"href":"https:\/\/www.europesays.com\/fr\/wp-json\/wp\/v2\/tags?post=52633"}],"curies":[{"name":"wp","href":"https:\/\/api.w.org\/{rel}","templated":true}]}}