{"id":526343,"date":"2025-11-11T03:57:49","date_gmt":"2025-11-11T03:57:49","guid":{"rendered":"https:\/\/www.europesays.com\/fr\/526343\/"},"modified":"2025-11-11T03:57:49","modified_gmt":"2025-11-11T03:57:49","slug":"un-pmu-cambriole-a-rennes-les-voleurs-embarquent-le-contenu-de-la-vitrine","status":"publish","type":"post","link":"https:\/\/www.europesays.com\/fr\/526343\/","title":{"rendered":"Un PMU cambriol\u00e9 \u00e0 Rennes, les voleurs embarquent le contenu de la vitrine"},"content":{"rendered":"<p>Des d\u00e9bris de verre qui jonchent le sol de la rue, une vitrine partiellement bris\u00e9e\u2026 Le tabac-PMU le Pacific, 96,\u00a0rue Alphonse-Gu\u00e9rin \u00e0 Rennes (Ille-et-Vilaine), a \u00e9t\u00e9 cambriol\u00e9 ce dimanche 9\u00a0novembre 2025.<\/p>\n<p><strong>Lire aussi<\/strong>\u00a0: <a href=\"https:\/\/rennes.maville.com\/actu\/actudet_-carte.-hausse-des-cambriolages-en-ille-et-vilaine-quelles-sont-les-communes-les-plus-touchees-_7-6751065_actu.Htm\" target=\"_blank\" rel=\"noopener\">CARTE. Hausse des cambriolages en Ille-et-Vilaine\u00a0: quelles sont les communes les plus touch\u00e9es\u00a0?<\/a><\/p>\n<p>\t<img decoding=\"async\" src=\"https:\/\/www.europesays.com\/fr\/wp-content\/uploads\/2025\/11\/P35571257D7056387G_px_640_.jpg\" alt=\"photo le tabac le pacific a \u00e9t\u00e9 cambriol\u00e9 ce dimanche 9\u00a0novembre 2025.  \u00a9  ouest-france\" width=\"640\" title=\" Le tabac Le Pacific a \u00e9t\u00e9 cambriol\u00e9 ce dimanche 9\u00a0novembre 2025.   Ouest-France \"\/><\/p>\n<p class=\"elmt-legende\"> Le tabac Le Pacific a \u00e9t\u00e9 cambriol\u00e9 ce dimanche 9\u00a0novembre 2025.   Ouest-France <\/p>\n<p>Bloqu\u00e9s par un rideau m\u00e9tallique<\/p>\n<p>Les policiers ont \u00e9t\u00e9 appel\u00e9s vers 10\u00a0h\u00a050, et ont constat\u00e9 sur place la vitrine bris\u00e9e et le vol de quelques vaporettes et recharges. Les cambrioleurs n\u2019ont pas pu aller au-del\u00e0 de la vitrine, bloqu\u00e9s par un rideau m\u00e9tallique.<\/p>\n<p>\u00a0<\/p>\n","protected":false},"excerpt":{"rendered":"Des d\u00e9bris de verre qui jonchent le sol de la rue, une vitrine partiellement bris\u00e9e\u2026 Le tabac-PMU le&hellip;\n","protected":false},"author":2,"featured_media":526344,"comment_status":"","ping_status":"","sticky":false,"template":"","format":"standard","meta":{"footnotes":""},"categories":[2821],"tags":[1111,11,829,49856,42662,8395,1777,674,1011,27,12,26718,584,25,64582,42807],"class_list":{"0":"post-526343","1":"post","2":"type-post","3":"status-publish","4":"format-standard","5":"has-post-thumbnail","7":"category-rennes","8":"tag-actu","9":"tag-actualites","10":"tag-bretagne","11":"tag-cambriole","12":"tag-contenu","13":"tag-embarquent","14":"tag-eu","15":"tag-europe","16":"tag-fr","17":"tag-france","18":"tag-news","19":"tag-pmu","20":"tag-rennes","21":"tag-republique-francaise","22":"tag-vitrine","23":"tag-voleurs"},"share_on_mastodon":{"url":"https:\/\/pubeurope.com\/@fr\/115529064817750823","error":""},"_links":{"self":[{"href":"https:\/\/www.europesays.com\/fr\/wp-json\/wp\/v2\/posts\/526343","targetHints":{"allow":["GET"]}}],"collection":[{"href":"https:\/\/www.europesays.com\/fr\/wp-json\/wp\/v2\/posts"}],"about":[{"href":"https:\/\/www.europesays.com\/fr\/wp-json\/wp\/v2\/types\/post"}],"author":[{"embeddable":true,"href":"https:\/\/www.europesays.com\/fr\/wp-json\/wp\/v2\/users\/2"}],"replies":[{"embeddable":true,"href":"https:\/\/www.europesays.com\/fr\/wp-json\/wp\/v2\/comments?post=526343"}],"version-history":[{"count":0,"href":"https:\/\/www.europesays.com\/fr\/wp-json\/wp\/v2\/posts\/526343\/revisions"}],"wp:featuredmedia":[{"embeddable":true,"href":"https:\/\/www.europesays.com\/fr\/wp-json\/wp\/v2\/media\/526344"}],"wp:attachment":[{"href":"https:\/\/www.europesays.com\/fr\/wp-json\/wp\/v2\/media?parent=526343"}],"wp:term":[{"taxonomy":"category","embeddable":true,"href":"https:\/\/www.europesays.com\/fr\/wp-json\/wp\/v2\/categories?post=526343"},{"taxonomy":"post_tag","embeddable":true,"href":"https:\/\/www.europesays.com\/fr\/wp-json\/wp\/v2\/tags?post=526343"}],"curies":[{"name":"wp","href":"https:\/\/api.w.org\/{rel}","templated":true}]}}