{"id":526353,"date":"2025-11-11T04:11:40","date_gmt":"2025-11-11T04:11:40","guid":{"rendered":"https:\/\/www.europesays.com\/fr\/526353\/"},"modified":"2025-11-11T04:11:40","modified_gmt":"2025-11-11T04:11:40","slug":"la-vie-breve-un-drame-aux-accents-flamenco-acclame-a-nantes","status":"publish","type":"post","link":"https:\/\/www.europesays.com\/fr\/526353\/","title":{"rendered":"La vie br\u00e8ve, un drame aux accents flamenco acclam\u00e9 \u00e0 Nantes"},"content":{"rendered":"<p>Rarement donn\u00e9e, La vie br\u00e8ve de Manuel de Falla a commenc\u00e9 la saison lyrique nantaise par un op\u00e9ra en version concert, samedi 8\u00a0novembre. L\u2019absence de mise en sc\u00e8ne aurait pu d\u00e9stabiliser le public et les interpr\u00e8tes. Mais il n\u2019en a rien \u00e9t\u00e9, \u00e0 en juger par le silence attentif de la salle puis l\u2019ovation finale.<\/p>\n<p>Le compositeur espagnol \u00e9crit ce court op\u00e9ra en s\u2019inspirant de la musique andalouse.\u00a0Il raconte l\u2019histoire de la gitane Salud, follement amoureuse de Paco, qui se joue d\u2019elle. Il pr\u00e9f\u00e8re \u00e9pouser une jeune fille riche plus proche de son rang, provocant la mort de Salud.<\/p>\n<p>La chanteuse de flamenco\u00a0Laura Gallego Cabezas transporte le public en Espagne. Sa voix gutturale, pleine de pathos, \u00e9clipse l\u2019orchestre. Les autres chanteurs ne sont pas en reste, telle la mezzo-soprano Lucie Roche, \u00e0 la voix profonde, ou la basse Jean-Luc Ballestra. Patricia Petibon incarne la gitane Salud avec beaucoup d\u2019intensit\u00e9 et d\u2019\u00e9nergie.<\/p>\n<p>Le ch\u0153ur <a href=\"https:\/\/www.angers-nantes-opera.com\/#1\" target=\"_blank\" rel=\"noopener\">d\u2019Angers Nantes op\u00e9ra <\/a>surprend par sa proximit\u00e9\u00a0; il est en effet plac\u00e9 sur la fosse d\u2019orchestre au lieu d\u2019\u00eatre en fond de sc\u00e8ne, comme souvent.\u00a0Manuel de Falla, utilise tous les moyens vocaux propres au d\u00e9but du XXe\u00a0: ch\u0153ur parl\u00e9, injonctions, chant sans paroles ou avec. Toute une gamme sonore mettant en valeur le savoir-faire de ce ch\u0153ur professionnel.\u00a0Plusieurs petits r\u00f4les font d\u00e9couvrir la richesse de leurs voix, en particulier celle du t\u00e9nor Sung Joo Han<\/p>\n<p>Le chef d\u2019orchestre espagnol Roberto For\u00e8s Veses obtient une large palette de couleurs et d\u2019\u00e9motions de<a href=\"https:\/\/onpl.fr\/agenda\/?saison=saison-2025-2026&amp;mtm_campaign=Campagne_marque_nantes&amp;mtm_source=Google&amp;mtm_medium=cpc&amp;gad_source=1&amp;gad_campaignid=15105957779&amp;gbraid=0AAAAAC-eOd8oQ7rViFiaLMBQErxXX8v5B&amp;gclid=EAIaIQobChMIu_z9tu7nkAMVOEJBAh1RDSn5EAAYASAAEgKfIPD_BwE\" target=\"_blank\" rel=\"noopener\"> l\u2019orchestre national des Pays de la Loire<\/a>. Sa direction pr\u00e9cise, dansante, \u00e9lectrise les interpr\u00e8tes. Une version incandescente de La vie br\u00e8ve, pr\u00e9c\u00e9d\u00e9e par celle du ballet-pantomime l\u2019Amour sorcier, transcend\u00e9e par la qualit\u00e9 des interpr\u00e8tes.<\/p>\n<p>Ce programme sera redonn\u00e9 au Quai, \u00e0 Angers, samedi 15 novembre, \u00e0 18\u00a0h (de 4 \u20ac \u00e0 52\u00a0\u20ac, <a href=\"https:\/\/onpl.fr\/agenda\/manuel-de-falla\/#reservations-dates\" target=\"_blank\" rel=\"noopener\">www.angers-nantes-opera.com, <\/a> <a href=\"https:\/\/onpl.fr\/agenda\/manuel-de-falla\/#reservations-dates\" target=\"_blank\" rel=\"noopener\">onpl.fr).<\/a><\/p>\n<p>\u00a0<\/p>\n","protected":false},"excerpt":{"rendered":"Rarement donn\u00e9e, La vie br\u00e8ve de Manuel de Falla a commenc\u00e9 la saison lyrique nantaise par un op\u00e9ra&hellip;\n","protected":false},"author":2,"featured_media":526354,"comment_status":"","ping_status":"","sticky":false,"template":"","format":"standard","meta":{"footnotes":""},"categories":[2818],"tags":[64583,64585,1111,11,1438,2113,3348,1777,674,64584,1011,27,766,12,2636,25,4717],"class_list":{"0":"post-526353","1":"post","2":"type-post","3":"status-publish","4":"format-standard","5":"has-post-thumbnail","7":"category-nantes","8":"tag-accents","9":"tag-acclame","10":"tag-actu","11":"tag-actualites","12":"tag-angers","13":"tag-breve","14":"tag-drame","15":"tag-eu","16":"tag-europe","17":"tag-flamenco","18":"tag-fr","19":"tag-france","20":"tag-nantes","21":"tag-news","22":"tag-pays-de-la-loire","23":"tag-republique-francaise","24":"tag-vie"},"share_on_mastodon":{"url":"https:\/\/pubeurope.com\/@fr\/115529114139567523","error":""},"_links":{"self":[{"href":"https:\/\/www.europesays.com\/fr\/wp-json\/wp\/v2\/posts\/526353","targetHints":{"allow":["GET"]}}],"collection":[{"href":"https:\/\/www.europesays.com\/fr\/wp-json\/wp\/v2\/posts"}],"about":[{"href":"https:\/\/www.europesays.com\/fr\/wp-json\/wp\/v2\/types\/post"}],"author":[{"embeddable":true,"href":"https:\/\/www.europesays.com\/fr\/wp-json\/wp\/v2\/users\/2"}],"replies":[{"embeddable":true,"href":"https:\/\/www.europesays.com\/fr\/wp-json\/wp\/v2\/comments?post=526353"}],"version-history":[{"count":0,"href":"https:\/\/www.europesays.com\/fr\/wp-json\/wp\/v2\/posts\/526353\/revisions"}],"wp:featuredmedia":[{"embeddable":true,"href":"https:\/\/www.europesays.com\/fr\/wp-json\/wp\/v2\/media\/526354"}],"wp:attachment":[{"href":"https:\/\/www.europesays.com\/fr\/wp-json\/wp\/v2\/media?parent=526353"}],"wp:term":[{"taxonomy":"category","embeddable":true,"href":"https:\/\/www.europesays.com\/fr\/wp-json\/wp\/v2\/categories?post=526353"},{"taxonomy":"post_tag","embeddable":true,"href":"https:\/\/www.europesays.com\/fr\/wp-json\/wp\/v2\/tags?post=526353"}],"curies":[{"name":"wp","href":"https:\/\/api.w.org\/{rel}","templated":true}]}}