{"id":526363,"date":"2025-11-11T04:18:18","date_gmt":"2025-11-11T04:18:18","guid":{"rendered":"https:\/\/www.europesays.com\/fr\/526363\/"},"modified":"2025-11-11T04:18:18","modified_gmt":"2025-11-11T04:18:18","slug":"meteo-voici-le-temps-prevu-pour-ce-11-novembre-jour-ferie-a-toulouse-et-en-occitanie","status":"publish","type":"post","link":"https:\/\/www.europesays.com\/fr\/526363\/","title":{"rendered":"M\u00e9t\u00e9o. Voici le temps pr\u00e9vu pour ce 11-Novembre, jour f\u00e9ri\u00e9 \u00e0 Toulouse et en Occitanie"},"content":{"rendered":"<p>            Par<br \/>\n        <strong><br \/>\n            <a href=\"https:\/\/actu.fr\/auteur\/mareva-laville-actu-fr\" title=\"Consulter tous les articles de Mar\u00e9va Laville\" target=\"_blank\" rel=\"noopener\">Mar\u00e9va Laville<\/a><br \/>\n        <\/strong><\/p>\n<p>        Publi\u00e9 le<\/p>\n<p>            11 nov. 2025 \u00e0 5h16        <\/p>\n<p>Mardi 11\u00a0novembre sera une journ\u00e9e plut\u00f4t ensoleill\u00e9e \u00e0 <a href=\"http:\/\/www.actu.fr\/toulouse\" target=\"_blank\" rel=\"noopener\"><strong>Toulouse<\/strong><\/a>. A travers les nuages qui voileront le ciel, devraient appara\u00eetre <strong>quelques \u00e9claircies,<\/strong> d\u2019apr\u00e8s les pr\u00e9visions de <strong>M\u00e9t\u00e9o France.<\/strong><\/p>\n<p class=\" wall-content\">Dans la matin\u00e9e, l\u2019air sera frais. Environ 8\u00b0C sont attendus, au maximum, le matin. Mais d\u00e8s la mi-journ\u00e9e, le soleil devrait r\u00e9chauffer l\u2019atmosph\u00e8re pour faire grimper le thermom\u00e8tre <strong>jusqu\u2019\u00e0 17\u00a0\u00b0C dans l\u2019apr\u00e8s-midi.<\/strong> Gare toutefois au vent qui soufflera par <strong>rafales de 40 \u00e0 50\u00a0km\/h.<\/strong><\/p>\n<p class=\" wall-content\">Les temp\u00e9ratures redescendront ensuite vers 12-13\u00a0\u00b0C en d\u00e9but de soir\u00e9e.<\/p>\n<p>    <img   decoding=\"async\" loading=\"lazy\" src=\"https:\/\/www.europesays.com\/fr\/wp-content\/uploads\/2025\/11\/mardi11-toulouse-960x640.png\" alt=\"Voici la m\u00e9t\u00e9o pr\u00e9vue \u00e0 Toulouse ce mardi 11 novembre 2025\" width=\"960\" height=\"640\"\/><br \/>\n    Voici la m\u00e9t\u00e9o pr\u00e9vue \u00e0 Toulouse ce mardi 11\u00a0novembre 2025 (\u00a9Capture d\u2019\u00e9cran M\u00e9t\u00e9o France)Et en Occitanie\u2009?<\/p>\n<p class=\" wall-content\">Le ciel sera voil\u00e9 aussi, partout en <a href=\"http:\/\/www.actu.fr\/toulouse\" target=\"_blank\" rel=\"noopener\"><strong>Occitanie<\/strong><\/a>. Et d\u00e8s le matin. Dans l\u2019apr\u00e8s-midi, les temp\u00e9ratures atteindront des maximales de 17\u00b0C \u00e0 Perpignan et Tarbes, 16\u00b0C \u00e0 B\u00e9ziers, N\u00eemes, Albi, Castres, Montauban, Auch et Cahors, et 16\u00b0C \u00e0 Carcassonne et Foix.<\/p>\n<p class=\" wall-content\">Dans les montagnes, \u00e0 Font-Romeu, il faut s\u2019attendre \u00e0 un petit 9\u00b0C en mi-journ\u00e9e.<\/p>\n<p>Vid\u00e9os : en ce moment sur Actu<br \/>\n    <img   decoding=\"async\" loading=\"lazy\" src=\"https:\/\/www.europesays.com\/fr\/wp-content\/uploads\/2025\/11\/meteo-occitanie-mardi-11-960x640.png\" alt=\"Voici les pr\u00e9visions de M\u00e9t\u00e9o France en Occitanie ce mardi 11 novembre 2025.\" width=\"960\" height=\"640\"\/><br \/>\n    Voici les pr\u00e9visions de M\u00e9t\u00e9o France en Occitanie ce mardi 11\u00a0novembre 2025. (\u00a9Capture d\u2019\u00e9cran M\u00e9t\u00e9o France)<\/p>\n<p class=\" wall-content\">Personnalisez votre actualit\u00e9 en ajoutant vos villes et m\u00e9dias en favori avec <a href=\"https:\/\/moncompte.actu.fr\" title=\"D\u00e9couvez Mon Actu\" rel=\"nofollow noopener\" data-trk=\"{&quot;cta&quot;:{&quot;action&quot;:&quot;https:\\\/\\\/moncompte.actu.fr&quot;,&quot;category&quot;:&quot;mon compte&quot;,&quot;from&quot;:&quot;article footer&quot;,&quot;name&quot;:&quot;Mon actu&quot;,&quot;type&quot;:&quot;cta&quot;}}\" target=\"_blank\">Mon Actu<\/a>.<\/p>\n","protected":false},"excerpt":{"rendered":"Par Mar\u00e9va Laville Publi\u00e9 le 11 nov. 2025 \u00e0 5h16 Mardi 11\u00a0novembre sera une journ\u00e9e plut\u00f4t ensoleill\u00e9e \u00e0&hellip;\n","protected":false},"author":2,"featured_media":526364,"comment_status":"","ping_status":"","sticky":false,"template":"","format":"standard","meta":{"footnotes":""},"categories":[2816],"tags":[1111,11,1777,674,1011,27,2487,2357,12,2680,25,2312],"class_list":{"0":"post-526363","1":"post","2":"type-post","3":"status-publish","4":"format-standard","5":"has-post-thumbnail","7":"category-toulouse","8":"tag-actu","9":"tag-actualites","10":"tag-eu","11":"tag-europe","12":"tag-fr","13":"tag-france","14":"tag-meteo","15":"tag-meteo-france","16":"tag-news","17":"tag-occitanie","18":"tag-republique-francaise","19":"tag-toulouse"},"share_on_mastodon":{"url":"https:\/\/pubeurope.com\/@fr\/115529143024043388","error":""},"_links":{"self":[{"href":"https:\/\/www.europesays.com\/fr\/wp-json\/wp\/v2\/posts\/526363","targetHints":{"allow":["GET"]}}],"collection":[{"href":"https:\/\/www.europesays.com\/fr\/wp-json\/wp\/v2\/posts"}],"about":[{"href":"https:\/\/www.europesays.com\/fr\/wp-json\/wp\/v2\/types\/post"}],"author":[{"embeddable":true,"href":"https:\/\/www.europesays.com\/fr\/wp-json\/wp\/v2\/users\/2"}],"replies":[{"embeddable":true,"href":"https:\/\/www.europesays.com\/fr\/wp-json\/wp\/v2\/comments?post=526363"}],"version-history":[{"count":0,"href":"https:\/\/www.europesays.com\/fr\/wp-json\/wp\/v2\/posts\/526363\/revisions"}],"wp:featuredmedia":[{"embeddable":true,"href":"https:\/\/www.europesays.com\/fr\/wp-json\/wp\/v2\/media\/526364"}],"wp:attachment":[{"href":"https:\/\/www.europesays.com\/fr\/wp-json\/wp\/v2\/media?parent=526363"}],"wp:term":[{"taxonomy":"category","embeddable":true,"href":"https:\/\/www.europesays.com\/fr\/wp-json\/wp\/v2\/categories?post=526363"},{"taxonomy":"post_tag","embeddable":true,"href":"https:\/\/www.europesays.com\/fr\/wp-json\/wp\/v2\/tags?post=526363"}],"curies":[{"name":"wp","href":"https:\/\/api.w.org\/{rel}","templated":true}]}}