{"id":526371,"date":"2025-11-11T04:24:08","date_gmt":"2025-11-11T04:24:08","guid":{"rendered":"https:\/\/www.europesays.com\/fr\/526371\/"},"modified":"2025-11-11T04:24:08","modified_gmt":"2025-11-11T04:24:08","slug":"epoquauto-2025-bat-un-nouveau-record-de-frequentation-a-lyon","status":"publish","type":"post","link":"https:\/\/www.europesays.com\/fr\/526371\/","title":{"rendered":"\u00c9poqu\u2019Auto 2025 bat un nouveau record de fr\u00e9quentation \u00e0 Lyon"},"content":{"rendered":"<p itemprop=\"description\"><strong>Le salon \u00c9poqu\u2019Auto, grand rendez-vous lyonnais des amateurs de v\u00e9hicules anciens, a une nouvelle fois confirm\u00e9 son succ\u00e8s.<\/strong><\/p>\n<p>Pour son \u00e9dition 2025, organis\u00e9e du 7 au 9 novembre \u00e0 Eurexpo, l\u2019\u00e9v\u00e9nement a accueilli 108 000 visiteurs, un record pour cette manifestation cr\u00e9\u00e9e il y a pr\u00e8s d\u2019un demi-si\u00e8cle.<\/p>\n<p>Cette affluence t\u00e9moigne de l\u2019engouement du public pour un salon devenu, au fil des ann\u00e9es, une r\u00e9f\u00e9rence nationale pour les passionn\u00e9s d\u2019automobiles et de motos de collection. Pendant trois jours, 1500 v\u00e9hicules et 200 motos \u00e9taient r\u00e9partis sur 88 000 m\u00b2 d\u2019exposition, anim\u00e9s par 900 exposants, dont 560 marchands et 200 clubs de marques.<\/p>\n<p><img loading=\"lazy\" decoding=\"async\" style=\"display: block; margin-left: auto; margin-right: auto;\" src=\"https:\/\/www.europesays.com\/fr\/wp-content\/uploads\/2025\/11\/hall-motos-cre-dit-se-bastien-sollier-7-52690.jpg\" alt=\"\" width=\"600\" height=\"399\"\/><\/p>\n<p>Le salon a aussi \u00e9t\u00e9 marqu\u00e9 par la performance de la Maison Osenat, dont les ventes aux ench\u00e8res ont atteint 2,64 millions d\u2019euros, l\u00e0 encore un record. Parmi les lots les plus remarqu\u00e9s figurent une Renault 5 Turbo vendue 169 000 euros, une Ferrari Testarossa \u00e0 144 000 euros et une Renault Fr\u00e9gate \u00e0 112 000 euros.<\/p>\n<p>Avec un taux de vente sup\u00e9rieur \u00e0 80% pour certaines cat\u00e9gories, le march\u00e9 des v\u00e9hicules de collection montre une vitalit\u00e9 qui ne se d\u00e9ment pas.<\/p>\n<p>Fort de ce succ\u00e8s populaire et commercial, \u00c9poqu\u2019Auto donne d\u00e9j\u00e0 rendez-vous aux passionn\u00e9s pour sa 47\u1d49 \u00e9dition, pr\u00e9vue les 6, 7 et 8 novembre 2026 \u00e0 Eurexpo.<\/p>\n","protected":false},"excerpt":{"rendered":"Le salon \u00c9poqu\u2019Auto, grand rendez-vous lyonnais des amateurs de v\u00e9hicules anciens, a une nouvelle fois confirm\u00e9 son succ\u00e8s.&hellip;\n","protected":false},"author":2,"featured_media":526372,"comment_status":"","ping_status":"","sticky":false,"template":"","format":"standard","meta":{"footnotes":""},"categories":[1889],"tags":[1111,11,2813,2190,2430,1109,251,1112,2811,1777,674,118,1011,27,1922,1110,1114,2428,2810,12,241,316,25,2812,517,800],"class_list":{"0":"post-526371","1":"post","2":"type-post","3":"status-publish","4":"format-standard","5":"has-post-thumbnail","7":"category-lyon","8":"tag-actu","9":"tag-actualites","10":"tag-article","11":"tag-asvel","12":"tag-auvergne-rhone-alpes","13":"tag-breves","14":"tag-culture","15":"tag-depeches","16":"tag-economique","17":"tag-eu","18":"tag-europe","19":"tag-faits-divers","20":"tag-fr","21":"tag-france","22":"tag-info","23":"tag-informations","24":"tag-infos","25":"tag-lyon","26":"tag-lyonmag","27":"tag-news","28":"tag-ol","29":"tag-politique","30":"tag-republique-francaise","31":"tag-sociale","32":"tag-sport","33":"tag-transports"},"share_on_mastodon":{"url":"https:\/\/pubeurope.com\/@fr\/115529166036801192","error":""},"_links":{"self":[{"href":"https:\/\/www.europesays.com\/fr\/wp-json\/wp\/v2\/posts\/526371","targetHints":{"allow":["GET"]}}],"collection":[{"href":"https:\/\/www.europesays.com\/fr\/wp-json\/wp\/v2\/posts"}],"about":[{"href":"https:\/\/www.europesays.com\/fr\/wp-json\/wp\/v2\/types\/post"}],"author":[{"embeddable":true,"href":"https:\/\/www.europesays.com\/fr\/wp-json\/wp\/v2\/users\/2"}],"replies":[{"embeddable":true,"href":"https:\/\/www.europesays.com\/fr\/wp-json\/wp\/v2\/comments?post=526371"}],"version-history":[{"count":0,"href":"https:\/\/www.europesays.com\/fr\/wp-json\/wp\/v2\/posts\/526371\/revisions"}],"wp:featuredmedia":[{"embeddable":true,"href":"https:\/\/www.europesays.com\/fr\/wp-json\/wp\/v2\/media\/526372"}],"wp:attachment":[{"href":"https:\/\/www.europesays.com\/fr\/wp-json\/wp\/v2\/media?parent=526371"}],"wp:term":[{"taxonomy":"category","embeddable":true,"href":"https:\/\/www.europesays.com\/fr\/wp-json\/wp\/v2\/categories?post=526371"},{"taxonomy":"post_tag","embeddable":true,"href":"https:\/\/www.europesays.com\/fr\/wp-json\/wp\/v2\/tags?post=526371"}],"curies":[{"name":"wp","href":"https:\/\/api.w.org\/{rel}","templated":true}]}}