{"id":526379,"date":"2025-11-11T04:29:10","date_gmt":"2025-11-11T04:29:10","guid":{"rendered":"https:\/\/www.europesays.com\/fr\/526379\/"},"modified":"2025-11-11T04:29:10","modified_gmt":"2025-11-11T04:29:10","slug":"emmanuel-macron-recoit-mardi-mahmoud-abbas-a-paris-pour-discuter-de-la-pleine-application-du-cessez-le-feu-a-gaza","status":"publish","type":"post","link":"https:\/\/www.europesays.com\/fr\/526379\/","title":{"rendered":"Emmanuel Macron re\u00e7oit mardi Mahmoud Abbas \u00e0 Paris pour discuter de la \u00ab\u00a0pleine application\u00a0\u00bb du cessez-le-feu \u00e0 Gaza"},"content":{"rendered":"<p class=\"mb-4 text-lg md:leading-8 break-words\">Emmanuel Macron recevra mardi 11 novembre \u00e0 Paris le pr\u00e9sident de l&rsquo;Autorit\u00e9 palestinienne Mahmoud Abbas pour discuter de la \u00ab\u00a0pleine application\u00a0\u00bb de l&rsquo;accord de <a href=\"https:\/\/fr.news.yahoo.com\/gaza-france-estime-cessez-feu-114501466.html\" data-ylk=\"slk:cessez-le-feu \u00e0 Gaza;elm:context_link;itc:0;sec:content-canvas;outcm:mb_qualified_link;_E:mb_qualified_link;ct:story;\" class=\"link  yahoo-link\" target=\"_blank\" rel=\"noopener\">cessez-le-feu \u00e0 Gaza<\/a>, a annonc\u00e9 la pr\u00e9sidence fran\u00e7aise dans un communiqu\u00e9.<\/p>\n<p class=\"mb-4 text-lg md:leading-8 break-words\">Ce communiqu\u00e9 qualifie Mahmoud Abbas de \u00ab\u00a0pr\u00e9sident de l&rsquo;\u00c9tat de Palestine\u00a0\u00bb, la <a href=\"https:\/\/fr.news.yahoo.com\/reconnaissance-l%C3%A9tat-palestine-quil-faut-203109772.html\" data-ylk=\"slk:France ayant officiellement reconnu en septembre l&#039;\u00c9tat palestinien;elm:context_link;itc:0;sec:content-canvas;outcm:mb_qualified_link;_E:mb_qualified_link;ct:story;\" class=\"link  yahoo-link\" target=\"_blank\" rel=\"noopener\">France ayant officiellement reconnu en septembre l&rsquo;\u00c9tat palestinien<\/a> lors de l&rsquo;Assembl\u00e9e g\u00e9n\u00e9rale de l&rsquo;ONU.<\/p>\n<p class=\"mb-4 text-lg md:leading-8 break-words\">\u00ab\u00a0Cette rencontre s&rsquo;inscrit dans la continuit\u00e9 de la reconnaissance de l&rsquo;\u00c9tat palestinien par la France et du travail engag\u00e9 pour la mise en oeuvre d&rsquo;un plan de paix et de s\u00e9curit\u00e9 pour tous au Moyen-Orient\u00a0\u00bb, a d\u00e9clar\u00e9 l&rsquo;Elys\u00e9e.<\/p>\n<p class=\"mb-4 text-lg md:leading-8 break-words\">Avant de faire une d\u00e9claration \u00e0 la presse, les deux dirigeants \u00ab\u00a0\u00e9voqueront les prochaines \u00e9tapes du plan de paix, notamment dans les domaines de la s\u00e9curit\u00e9, de la gouvernance et de la reconstruction, en lien avec les partenaires arabes et internationaux, afin de pr\u00e9parer le jour d&rsquo;apr\u00e8s\u00a0\u00bb, ajoute le communiqu\u00e9.<\/p>\n<p>\u00ab\u00a0La question de la r\u00e9forme de l&rsquo;Autorit\u00e9 palestinienne\u00a0\u00bb sur la table<\/p>\n<p class=\"mb-4 text-lg md:leading-8 break-words\">Le pr\u00e9sident am\u00e9ricain Donald Trump a affirm\u00e9 jeudi dernier qu&rsquo;une force internationale serait d\u00e9ploy\u00e9e \u00ab\u00a0tr\u00e8s bient\u00f4t\u00a0\u00bb \u00e0 Gaza, au lendemain de l&rsquo;annonce par les \u00c9tats-Unis d&rsquo;un projet de r\u00e9solution du Conseil de s\u00e9curit\u00e9 de l&rsquo;ONU destin\u00e9 \u00e0 soutenir les efforts de paix.<\/p>\n<p class=\"mb-4 text-lg md:leading-8 break-words\">Le pr\u00e9sident fran\u00e7ais Emmanuel Macron entend, au cours de cette rencontre avec Mahmoud Abbas, rappeler la n\u00e9cessit\u00e9 d'\u00a0\u00bbun acc\u00e8s continu de l&rsquo;aide humanitaire \u00e0 Gaza\u00a0\u00bb. Mais aussi r\u00e9affirmer la n\u00e9cessit\u00e9 pour l&rsquo;Autorit\u00e9 palestinienne de se r\u00e9former.<\/p>\n<p class=\"mb-4 text-lg md:leading-8 break-words\">\u00ab\u00a0Le pr\u00e9sident de la R\u00e9publique et le pr\u00e9sident Abbas aborderont la question de la r\u00e9forme de l&rsquo;Autorit\u00e9 palestinienne, condition essentielle au retour durable de la stabilit\u00e9 et \u00e0 l&rsquo;\u00e9mergence d&rsquo;un \u00c9tat palestinien viable, d\u00e9mocratique et souverain, vivant en paix et en s\u00e9curit\u00e9 aux c\u00f4t\u00e9s d&rsquo;Isra\u00ebl\u00a0\u00bb, a ajout\u00e9 l&rsquo;\u00c9lys\u00e9e.<\/p>\n<p>Des diplomates fran\u00e7ais en Isra\u00ebl<\/p>\n<p class=\"mb-4 text-lg md:leading-8 break-words\">Le plan de paix de Donald Trump, qui a permis un cessez-le-feu depuis le 9 octobre entre Isra\u00ebl et le Hamas palestinien, ainsi que l&rsquo;initiative de paix franco-saoudienne \u00e9voquent la possibilit\u00e9 que l&rsquo;Autorit\u00e9 palestinienne, une fois r\u00e9form\u00e9e, prenne en charge la gouvernance de Gaza.<\/p>\n<p class=\"mb-4 text-lg md:leading-8 break-words\">Dans le cadre des pr\u00e9paratifs de d\u00e9ploiement d&rsquo;une force multinationale de stabilisation \u00e0 Gaza, la France est actuellement repr\u00e9sent\u00e9e par trois officiers dans une structure mise en place par les Am\u00e9ricains en Isra\u00ebl. Ils \u00ab\u00a0y sont \u00e0 titre d&rsquo;observation et de mise \u00e0 disposition pour pouvoir examiner (une) contribution suppl\u00e9mentaire\u00a0\u00bb possible, selon la pr\u00e9sidence fran\u00e7aise.<\/p>\n<p class=\"mb-4 text-lg md:leading-8 break-words\">Paris a envoy\u00e9 en outre ce lundi une \u00e9quipe de personnels civils, dont deux diplomates, qui seront rejoints au cours de la semaine par un g\u00e9n\u00e9ral de gendarmerie.<\/p>\n<p class=\"mb-4 text-lg md:leading-8 break-words\"><a href=\"https:\/\/www.bfmtv.com\/politique\/elysee\/emmanuel-macron-recoit-mardi-mahmoud-abbas-a-paris-pour-discuter-de-la-pleine-application-du-cessez-le-feu-a-gaza_AD-202511100930.html#xtor=AL-68\" rel=\"nofollow noopener\" target=\"_blank\" data-ylk=\"slk:Article original publi\u00e9 sur BFMTV.com;elm:context_link;itc:0;sec:content-canvas\" class=\"link \">Article original publi\u00e9 sur BFMTV.com<\/a><\/p>\n","protected":false},"excerpt":{"rendered":"Emmanuel Macron recevra mardi 11 novembre \u00e0 Paris le pr\u00e9sident de l&rsquo;Autorit\u00e9 palestinienne Mahmoud Abbas pour discuter de&hellip;\n","protected":false},"author":2,"featured_media":526380,"comment_status":"","ping_status":"","sticky":false,"template":"","format":"standard","meta":{"footnotes":""},"categories":[1888],"tags":[1111,1928,11,1927,1073,1777,674,1011,27,665,10059,12,1926,626,1925,9789,10253,25],"class_list":{"0":"post-526379","1":"post","2":"type-post","3":"status-publish","4":"format-standard","5":"has-post-thumbnail","7":"category-paris","8":"tag-actu","9":"tag-actu-paris","10":"tag-actualites","11":"tag-actualites-paris","12":"tag-emmanuel-macron","13":"tag-eu","14":"tag-europe","15":"tag-fr","16":"tag-france","17":"tag-gaza","18":"tag-mahmoud-abbas","19":"tag-news","20":"tag-news-paris","21":"tag-paris","22":"tag-paris-news","23":"tag-presidence-francaise","24":"tag-president-de-la-republique","25":"tag-republique-francaise"},"share_on_mastodon":{"url":"https:\/\/pubeurope.com\/@fr\/115529184979343378","error":""},"_links":{"self":[{"href":"https:\/\/www.europesays.com\/fr\/wp-json\/wp\/v2\/posts\/526379","targetHints":{"allow":["GET"]}}],"collection":[{"href":"https:\/\/www.europesays.com\/fr\/wp-json\/wp\/v2\/posts"}],"about":[{"href":"https:\/\/www.europesays.com\/fr\/wp-json\/wp\/v2\/types\/post"}],"author":[{"embeddable":true,"href":"https:\/\/www.europesays.com\/fr\/wp-json\/wp\/v2\/users\/2"}],"replies":[{"embeddable":true,"href":"https:\/\/www.europesays.com\/fr\/wp-json\/wp\/v2\/comments?post=526379"}],"version-history":[{"count":0,"href":"https:\/\/www.europesays.com\/fr\/wp-json\/wp\/v2\/posts\/526379\/revisions"}],"wp:featuredmedia":[{"embeddable":true,"href":"https:\/\/www.europesays.com\/fr\/wp-json\/wp\/v2\/media\/526380"}],"wp:attachment":[{"href":"https:\/\/www.europesays.com\/fr\/wp-json\/wp\/v2\/media?parent=526379"}],"wp:term":[{"taxonomy":"category","embeddable":true,"href":"https:\/\/www.europesays.com\/fr\/wp-json\/wp\/v2\/categories?post=526379"},{"taxonomy":"post_tag","embeddable":true,"href":"https:\/\/www.europesays.com\/fr\/wp-json\/wp\/v2\/tags?post=526379"}],"curies":[{"name":"wp","href":"https:\/\/api.w.org\/{rel}","templated":true}]}}