{"id":526389,"date":"2025-11-11T04:34:11","date_gmt":"2025-11-11T04:34:11","guid":{"rendered":"https:\/\/www.europesays.com\/fr\/526389\/"},"modified":"2025-11-11T04:34:11","modified_gmt":"2025-11-11T04:34:11","slug":"on-va-rouvrir-notre-pays-apres-le-vote-au-senat-la-voie-est-ouverte-pour-mettre-fin-au-shutdown-aux-etats-unis","status":"publish","type":"post","link":"https:\/\/www.europesays.com\/fr\/526389\/","title":{"rendered":"\u00ab\u00a0On va rouvrir notre pays\u00a0\u00bb\u00a0: apr\u00e8s le vote au S\u00e9nat, la voie est ouverte pour mettre fin au shutdown aux \u00c9tats-Unis"},"content":{"rendered":"<p class=\"paragraph text_align_left lp-f-body-02\">Le S\u00e9nat <a href=\"https:\/\/www.leparisien.fr\/international\/etats-unis\/\" target=\"_blank\" rel=\"noreferrer nofollow noopener\">am\u00e9ricain<\/a> a adopt\u00e9 lundi un texte qui, une fois approuv\u00e9 par la Chambre des repr\u00e9sentants, l\u00e8verait la paralysie budg\u00e9taire apr\u00e8s plus de 40 jours de \u00ab shutdown \u00bb, mais qui est source de dissensions dans le camp d\u00e9mocrate.<\/p>\n<p class=\"paragraph text_align_left lp-f-body-02\">La proposition de loi adopt\u00e9e \u00e0 60 voix pour (et 40 contre) \u00e9tend <a href=\"https:\/\/www.leparisien.fr\/international\/etats-unis\/un-accord-est-trouve-au-senat-americain-le-shutdown-qui-paralyse-les-etats-unis-touche-a-sa-fin-10-11-2025-UZY6E6LU5NHSFP3XQWKUOAZFD4.php\" target=\"_blank\" rel=\"noreferrer nofollow noopener\">le budget actuel<\/a> jusqu\u2019\u00e0 fin janvier. Le texte doit d\u00e9sormais \u00eatre d\u00e9battu et adopt\u00e9 \u00e0 partir de mercredi \u00e0 la Chambre des repr\u00e9sentants, avant d\u2019atterrir sur le bureau de <a href=\"https:\/\/www.leparisien.fr\/international\/etats-unis\/donald-trump\/\" target=\"_blank\" rel=\"noreferrer nofollow noopener\">Donald Trump<\/a> pour une promulgation qui mettra officiellement fin \u00e0 la paralysie d\u2019une partie de l\u2019\u00c9tat f\u00e9d\u00e9ral.<\/p>\n<p class=\"title-embed-dailymotion lp-color-text lp-f-subtitle-04\">Vid\u00e9oPagaille dans le ciel aux \u00c9tats-Unis : des milliers de vols annul\u00e9s d\u00e8s ce week-end \u00e0 cause du shutdown<\/p>\n<p class=\"paragraph text_align_left lp-f-body-02\">Avant le vote, le pr\u00e9sident am\u00e9ricain s\u2019\u00e9tait r\u00e9joui d\u2019avoir obtenu suffisamment de voix d\u00e9mocrates au S\u00e9nat pour sortir de l\u2019impasse. \u00ab C\u2019est dommage qu\u2019il ait \u00e9t\u00e9 ferm\u00e9, mais on va rouvrir notre pays tr\u00e8s rapidement \u00bb, a-t-il d\u00e9clar\u00e9 devant la presse \u00e0 la Maison Blanche.<\/p>\n<p class=\"paragraph text_align_left lp-f-body-02\">Le chef r\u00e9publicain de la Chambre des repr\u00e9sentants, Mike Johnson, avait aussi exprim\u00e9 son optimisme lundi que la paralysie serait lev\u00e9e \u00ab cette semaine \u00bb. \u00ab Notre long cauchemar national touche enfin \u00e0 sa fin \u00bb, a-t-il d\u00e9clar\u00e9 lors d\u2019une conf\u00e9rence de presse.<\/p>\n<p class=\"paragraph text_align_left lp-f-body-02\">Depuis le 1er octobre et le d\u00e9but du blocage, plus d\u2019un million de fonctionnaires ne sont pas pay\u00e9s, le versement de certaines aides est fortement perturb\u00e9, tout comme le trafic a\u00e9rien, avec d\u00e9sormais des centaines d\u2019annulations de vols chaque jour.<\/p>\n<p>La sant\u00e9 au c\u0153ur des d\u00e9bats<\/p>\n<p class=\"paragraph text_align_left lp-f-body-02\">Au c\u0153ur du diff\u00e9rend entre r\u00e9publicains et d\u00e9mocrates depuis plus de 40 jours : la question des co\u00fbts de sant\u00e9. Le parti de Donald Trump, majoritaire au Congr\u00e8s, proposait une simple extension du budget actuel, tandis que l\u2019opposition r\u00e9clamait une extension de subventions pour le programme d\u2019assurance sant\u00e9 \u00ab Obamacare \u00bb, \u00e0 destination principalement des m\u00e9nages \u00e0 bas revenus.<\/p>\n<p class=\"paragraph text_align_left lp-f-body-02\">Ces subventions doivent expirer \u00e0 la fin de l\u2019ann\u00e9e, et les co\u00fbts de l\u2019assurance sant\u00e9 devraient ainsi plus que doubler en 2026 pour 24 millions d\u2019Am\u00e9ricains qui utilisent \u00ab Obamacare \u00bb, selon KFF, un cercle de r\u00e9flexion sp\u00e9cialis\u00e9 sur les questions de sant\u00e9.<\/p>\n<p class=\"paragraph text_align_left lp-f-body-02\">En raison des r\u00e8gles en vigueur au S\u00e9nat, plusieurs voix d\u00e9mocrates \u00e9taient n\u00e9cessaires pour adopter un budget m\u00eame si les r\u00e9publicains y sont majoritaires. Au total, <a href=\"https:\/\/www.leparisien.fr\/international\/etats-unis\/une-avancee-importante-pourquoi-8-democrates-ont-vote-avec-les-republicains-pour-mettre-fin-au-shutdown-aux-etats-unis-10-11-2025-URA5GPXFQRFCPI6OU2TN7GGGPQ.php\" target=\"_blank\" rel=\"noreferrer nofollow noopener\">huit d\u00e9mocrates ont finalement vot\u00e9 <\/a>pour un nouveau texte.<\/p>\n<p class=\"paragraph text_align_left lp-f-body-02\">\u00ab Des semaines de n\u00e9gociations avec les r\u00e9publicains ont montr\u00e9 clairement qu\u2019ils ne discuteraient pas des questions de sant\u00e9 \u00bb pour mettre fin \u00e0 la paralysie, a assur\u00e9 dans un communiqu\u00e9 l\u2019une d\u2019entre eux, la s\u00e9natrice d\u00e9mocrate Jeanne Shaheen. \u00ab Attendre plus longtemps ne fera que <a href=\"https:\/\/www.leparisien.fr\/international\/etats-unis\/je-ne-suis-pas-content-de-vous-quand-donald-trump-sen-prend-aux-controleurs-aeriens-affectes-par-le-shutdown-11-11-2025-HIZORK55SVB4FLAKXSAI2AJCXY.php\" target=\"_blank\" rel=\"noreferrer nofollow noopener\">prolonger les souffrances<\/a> que les Am\u00e9ricains ressentent \u00e0 cause du shutdown \u00bb, a-t-elle ajout\u00e9.<\/p>\n<p class=\"paragraph text_align_left lp-f-body-02\">Connus la plupart comme centristes, ces huit \u00e9lus de l\u2019opposition ont obtenu l\u2019annulation du licenciement de milliers de fonctionnaires f\u00e9d\u00e9raux par l\u2019administration Trump depuis le d\u00e9but de la paralysie.<\/p>\n<p>Chaude ambiance chez les d\u00e9mocrates<\/p>\n<p class=\"paragraph text_align_left lp-f-body-02\">Ils sont en revanche repartis les mains presque vides sur les questions de sant\u00e9, n\u2019arrachant pas une extension des subventions dans le texte final, mais seulement une promesse du chef r\u00e9publicain du S\u00e9nat quant \u00e0 la tenue d\u2019un vote prochain sur cette question.<\/p>\n<p class=\"paragraph text_align_left lp-f-body-02\">Une promesse creuse, ont d\u00e9nonc\u00e9 de nombreux \u00e9lus d\u00e9mocrates, car le chef de la Chambre, Mike Johnson, a lui refus\u00e9 de s\u2019engager \u00e0 pr\u00e9voir un m\u00eame vote \u00e0 la chambre basse. Les r\u00e9publicains \u00ab n\u2019agissent pas de bonne foi quand il s\u2019agit de la sant\u00e9 des Am\u00e9ricains \u00bb, a accus\u00e9 lundi le chef de la minorit\u00e9 d\u00e9mocrate \u00e0 la Chambre, Hakeem Jeffries, lors d\u2019une conf\u00e9rence de presse.<\/p>\n<p class=\"paragraph text_align_left lp-f-body-02\">Le gouverneur d\u00e9mocrate de Californie, Gavin Newsom, s\u2019est lui lament\u00e9 sur X d\u2019une \u00ab capitulation \u00bb et d\u2019une \u00ab trahison \u00bb envers l\u2019Am\u00e9rique qui travaille. De nombreux \u00e9lus et sympathisants d\u00e9mocrates appellent d\u00e9sormais \u00e0 ce que des t\u00eates tombent.<\/p>\n<p class=\"paragraph text_align_left lp-f-body-02\">Le premier vis\u00e9 : Chuck Schumer, chef de la minorit\u00e9 au S\u00e9nat. S\u2019il a vot\u00e9 non dimanche soir, il est soup\u00e7onn\u00e9 par de nombreux \u00e9lus et sympathisants d\u00e9mocrates d\u2019avoir pouss\u00e9 en coulisses pour que ces \u00e9lus mod\u00e9r\u00e9s parviennent \u00e0 un accord avec les r\u00e9publicains.<\/p>\n","protected":false},"excerpt":{"rendered":"Le S\u00e9nat am\u00e9ricain a adopt\u00e9 lundi un texte qui, une fois approuv\u00e9 par la Chambre des repr\u00e9sentants, l\u00e8verait&hellip;\n","protected":false},"author":2,"featured_media":526390,"comment_status":"","ping_status":"","sticky":false,"template":"","format":"standard","meta":{"footnotes":""},"categories":[1589],"tags":[11,73,1866,14,12,1864,1865,1863,308],"class_list":{"0":"post-526389","1":"post","2":"type-post","3":"status-publish","4":"format-standard","5":"has-post-thumbnail","7":"category-etats-unis","8":"tag-actualites","9":"tag-etats-unis","10":"tag-etats-unis-damerique","11":"tag-international","12":"tag-news","13":"tag-united-states","14":"tag-united-states-of-america","15":"tag-us","16":"tag-usa"},"share_on_mastodon":{"url":"https:\/\/pubeurope.com\/@fr\/115529204684870504","error":""},"_links":{"self":[{"href":"https:\/\/www.europesays.com\/fr\/wp-json\/wp\/v2\/posts\/526389","targetHints":{"allow":["GET"]}}],"collection":[{"href":"https:\/\/www.europesays.com\/fr\/wp-json\/wp\/v2\/posts"}],"about":[{"href":"https:\/\/www.europesays.com\/fr\/wp-json\/wp\/v2\/types\/post"}],"author":[{"embeddable":true,"href":"https:\/\/www.europesays.com\/fr\/wp-json\/wp\/v2\/users\/2"}],"replies":[{"embeddable":true,"href":"https:\/\/www.europesays.com\/fr\/wp-json\/wp\/v2\/comments?post=526389"}],"version-history":[{"count":0,"href":"https:\/\/www.europesays.com\/fr\/wp-json\/wp\/v2\/posts\/526389\/revisions"}],"wp:featuredmedia":[{"embeddable":true,"href":"https:\/\/www.europesays.com\/fr\/wp-json\/wp\/v2\/media\/526390"}],"wp:attachment":[{"href":"https:\/\/www.europesays.com\/fr\/wp-json\/wp\/v2\/media?parent=526389"}],"wp:term":[{"taxonomy":"category","embeddable":true,"href":"https:\/\/www.europesays.com\/fr\/wp-json\/wp\/v2\/categories?post=526389"},{"taxonomy":"post_tag","embeddable":true,"href":"https:\/\/www.europesays.com\/fr\/wp-json\/wp\/v2\/tags?post=526389"}],"curies":[{"name":"wp","href":"https:\/\/api.w.org\/{rel}","templated":true}]}}