{"id":526393,"date":"2025-11-11T04:36:17","date_gmt":"2025-11-11T04:36:17","guid":{"rendered":"https:\/\/www.europesays.com\/fr\/526393\/"},"modified":"2025-11-11T04:36:17","modified_gmt":"2025-11-11T04:36:17","slug":"souvenez-vous-en-1918-signature-de-larmistice-entre-lallemagne-et-les-allies","status":"publish","type":"post","link":"https:\/\/www.europesays.com\/fr\/526393\/","title":{"rendered":"Souvenez-vous, en 1918, signature de l\u2019Armistice entre l\u2019Allemagne et les Alli\u00e9s"},"content":{"rendered":"<p><a href=\"https:\/\/www.sudouest.fr\/culture\/histoire\/14-18-la-grande-guerre\/centenaire-de-l-armistice-de-1918-apres-le-grand-silence-l-explosion-de-joie-2909176.php\" target=\"_blank\" rel=\"follow noopener\">L\u2019Armistice de 1918<\/a>, sign\u00e9 le 11\u00a0novembre \u00e0 5h15 du matin pr\u00e8s de Rethondes (Oise), dans la for\u00eat de Compi\u00e8gne, marque la fin effective des combats de la <a href=\"https:\/\/www.sudouest.fr\/gironde\/bordeaux\/1914-1918-les-debuts-de-la-grande-guerre-en-gironde-et-a-bordeaux-2430631.php\" target=\"_blank\" rel=\"follow noopener\">Premi\u00e8re Guerre mondiale<\/a>.<\/p>\n<p>Cet accord met un terme \u00e0 plus de quatre ann\u00e9es d\u2019un conflit d\u2019une ampleur et d\u2019une brutalit\u00e9 sans pr\u00e9c\u00e9dent. Il fut conclu dans le wagon personnel du <a href=\"https:\/\/actu.fr\/normandie\/vernon_27681\/marechal-foch-le-militaire-qui-ne-reculait-devant-rien_62804517.html\" target=\"_blank\" rel=\"nofollow noopener\">Mar\u00e9chal Foch, commandant supr\u00eame des forces alli\u00e9es<\/a>, entre les repr\u00e9sentants des Alli\u00e9s (France, Italie, \u00c9tats-Unis, etc.) et ceux de l\u2019Allemagne.<\/p>\n<p>L\u2019Allemagne, \u00e9puis\u00e9e militairement apr\u00e8s l\u2019\u00e9chec de ses offensives de l\u2019\u00e9t\u00e9 1918, et confront\u00e9e \u00e0 une r\u00e9volution interne (<a href=\"https:\/\/www.rtbf.be\/article\/le-9-novembre-1918-le-jour-ou-guillaume-ii-a-ete-force-d-abdiquer-a-spa-10054257\" target=\"_blank\" rel=\"nofollow noopener\">l\u2019abdication du Kaiser Guillaume II<\/a>), fut contrainte d\u2019accepter les conditions suivantes\u00a0: retrait imm\u00e9diat de ses troupes des territoires occup\u00e9s, livraison massive de mat\u00e9riel militaire et annulation des trait\u00e9s sign\u00e9s avec la Russie et la Roumanie.<\/p>\n<p>Le cessez-le-feu devint effectif \u00e0 11h00, \u00ab\u00a0la onzi\u00e8me heure du onzi\u00e8me jour du onzi\u00e8me mois\u00a0\u00bb, laissant derri\u00e8re lui un continent d\u00e9vast\u00e9 et <a href=\"https:\/\/www.sudouest.fr\/redaction\/le-cercle-sud-ouest-des-idees\/le-bilan-humain-de-la-guerre-14-18-20-millions-de-morts-2911746.php\" target=\"_blank\" rel=\"follow noopener\">des millions de victimes<\/a>. Cet armistice n\u2019\u00e9tait cependant pas un trait\u00e9 de paix, celui-ci ne sera sign\u00e9 que l\u2019ann\u00e9e suivante avec le <a href=\"https:\/\/www.sudouest.fr\/culture\/histoire\/14-18-la-grande-guerre\/video-il-y-a-100-ans-la-signature-du-traite-de-versailles-mettait-fin-a-la-premiere-guerre-mondiale-2561348.php\" target=\"_blank\" rel=\"follow noopener\">Trait\u00e9 de Versailles<\/a>.<\/p>\n<p>\u00c0 la Une de \u00ab\u00a0Sud Ouest\u00a0\u00bb du 11\u00a0novembre 1993<\/p>\n<p>        <img decoding=\"async\" id=\"26606610\" src=\"https:\/\/www.europesays.com\/fr\/wp-content\/uploads\/2025\/11\/sudouest-11111993-p1.jpg\" alt=\"En 1993, le tragique accident de Saint Martial de Mirambeau\u00a0sur l\u2019A10 qui a caus\u00e9 le d\u00e9c\u00e8s de 15\u00a0personnes.\" itemprop=\"contentURL\"\/><\/p>\n<p>    En 1993, le tragique accident de Saint Martial de Mirambeau\u00a0sur l\u2019A10 qui a caus\u00e9 le d\u00e9c\u00e8s de 15\u00a0personnes.<\/p>\n<p>Archives \u00ab\u00a0Sud Ouest\u00a0\u00bb<\/p>\n<p><strong>Pour retrouver et visualiser les articles PDF de \u00ab\u00a0Sud Ouest\u00a0\u00bb\u00a0:<\/strong> <a href=\"https:\/\/archives.sudouest.fr\/\" target=\"_blank\" rel=\"nofollow noopener\">cliquez ici<\/a>.<\/p>\n<p>Dans le calendrier<\/p>\n<p><strong>Saint-Martin<\/strong>, patron des h\u00f4teliers, des cavaliers et des tailleurs, connu pour avoir taill\u00e9 son manteau pour en donner la moiti\u00e9 \u00e0 un pauvre. 485 communes portent son nom et 3600 \u00e9glises lui sont d\u00e9di\u00e9es en France.\u00a0<strong>Les Martin sont g\u00e9n\u00e9reux et simples. Leur couleur\u00a0:<\/strong> le jaune. <strong>Leurs chiffres\u00a0<\/strong>: le 3 et le 8. <strong>Le dicton du jour<\/strong> \u00ab\u00a0A la Saint-Martin, l\u2019hiver est en chemin.\u00a0\u00bb<\/p>\n<p>\u00c7a s\u2019est pass\u00e9 un 11\u00a0novembre<\/p>\n<p><strong>1922 <\/strong><a href=\"https:\/\/www.sudouest.fr\/culture\/histoire\/11-novembre-l-histoire-du-monument-aux-morts-de-mont-de-marsan-inaugure-en-1922-22063451.php\" target=\"_blank\" rel=\"follow noopener\">Inauguration du monument aux morts de Mont-de-Marsan (Landes)<\/a>, \u0153uvre de Charles Despiau. <strong>1976<\/strong>\u00a0Mort du sculpteur am\u00e9ricain\u00a0Alexander Calder. <strong>1982<\/strong>\u00a0L\u00e9onid Brejnev\u00a0meurt apr\u00e8s avoir pr\u00e9sid\u00e9 pendant 18\u00a0ans aux destin\u00e9es de l\u2019Union sovi\u00e9tique.<strong>\u00a01987<\/strong>\u00a0\u00c0 New York, le tableau \u00ab\u00a0Les Iris\u00a0\u00bb de Vincent Van\u00a0Gogh est vendu 53,9\u00a0millions de dollars. <strong>1992 <\/strong><a href=\"https:\/\/www.sudouest.fr\/landes\/dax\/landes-il-y-a-trente-ans-la-sous-prefecture-de-dax-cible-d-un-attentat-d-iparretarrak-12933586.php\" target=\"_blank\" rel=\"follow noopener\">La sous-pr\u00e9fecture de Dax est la cible d\u2019un attentat d\u2019un commando basque du mouvement Iparretarrak<\/a>.<strong>\u00a02000<\/strong>\u00a0En Autriche, 155\u00a0personnes meurent dans l\u2019incendie d\u2019un\u00a0funiculaire dans un tunnel \u00e0 Kaprun.\u00a0<strong>2004<\/strong>\u00a0D\u00e9c\u00e8s \u00e0 Paris du pr\u00e9sident de l\u2019Autorit\u00e9 palestinienne\u00a0Yasser Arafat.\u00a0<strong>2017 <\/strong>Le judoka fran\u00e7ais Teddy Riner remporte sa dixi\u00e8me Coupe du monde. <strong>2019<\/strong>\u00a0<a href=\"https:\/\/www.sudouest.fr\/pyrenees-atlantiques\/pau\/video-11-novembre-en-2019-pau-inaugure-un-nouveau-monument-aux-morts-17383864.php\" target=\"_blank\" rel=\"follow noopener\">Un monument aux morts est inaugur\u00e9 \u00e0 Pau<\/a> pour rendre hommage \u00e0 chaque Palois mort pour son pays, soit 1365 noms. <strong>2019<\/strong>\u00a0Un s\u00e9isme de 5,4 sur l\u2019\u00e9chelle ouverte de Richter &#8211; puissance sans \u00e9quivalent en France depuis 16\u00a0ans &#8211; fait quatre bless\u00e9s, dont un grave, dans la vall\u00e9e du Rh\u00f4ne et provoque de gros d\u00e9g\u00e2ts mat\u00e9riels au Teil (Ard\u00e8che). <strong>2023 <\/strong><a href=\"https:\/\/www.sudouest.fr\/gironde\/gujan-mestras\/arcachon-la-queue-de-la-baleine-ancree-devant-la-plage-centrale-s-est-decrochee-de-son-corps-mort-cette-nuit-17432660.php\" target=\"_blank\" rel=\"follow noopener\">La sculpture de la queue de la baleine ancr\u00e9e devant la plage centrale d\u2019Arcachon s\u2019est d\u00e9croch\u00e9e et s\u2019est \u00e9chou\u00e9e \u00e0 hauteur du port de Meyran, \u00e0 Gujan-Mestras<\/a>. <strong>2024<\/strong> <a href=\"https:\/\/www.sudouest.fr\/lot-et-garonne\/agen\/disparition-rugby-yves-salesse-une-vie-en-bleu-et-blanc-au-su-agen-22118914.php\" target=\"_blank\" rel=\"follow noopener\">Yves Salesse, figure incontournable du rugby, d\u00e9c\u00e8de<\/a>.<\/p>\n<p>Ils sont n\u00e9s un 11\u00a0novembre<\/p>\n<p>Ren\u00e9 Clair, r\u00e9alisateur fran\u00e7ais (1898-1981). Nadine Trintignant, actrice fran\u00e7aise (1934). Luz Casal, chanteuse espagnole (1958). Demi Moore, actrice am\u00e9ricaine (1962). Leonardo DiCaprio, acteur am\u00e9ricain (1974).<\/p>\n","protected":false},"excerpt":{"rendered":"L\u2019Armistice de 1918, sign\u00e9 le 11\u00a0novembre \u00e0 5h15 du matin pr\u00e8s de Rethondes (Oise), dans la for\u00eat de&hellip;\n","protected":false},"author":2,"featured_media":526394,"comment_status":"","ping_status":"","sticky":false,"template":"","format":"standard","meta":{"footnotes":""},"categories":[1587],"tags":[11,672,1804,1805,1803,1777,674,1801,12,1802],"class_list":{"0":"post-526393","1":"post","2":"type-post","3":"status-publish","4":"format-standard","5":"has-post-thumbnail","7":"category-allemagne","8":"tag-actualites","9":"tag-allemagne","10":"tag-bundesrepublik-deutschland","11":"tag-de","12":"tag-deutschland","13":"tag-eu","14":"tag-europe","15":"tag-germany","16":"tag-news","17":"tag-republique-federale-dallemagne"},"share_on_mastodon":{"url":"https:\/\/pubeurope.com\/@fr\/115529213062241123","error":""},"_links":{"self":[{"href":"https:\/\/www.europesays.com\/fr\/wp-json\/wp\/v2\/posts\/526393","targetHints":{"allow":["GET"]}}],"collection":[{"href":"https:\/\/www.europesays.com\/fr\/wp-json\/wp\/v2\/posts"}],"about":[{"href":"https:\/\/www.europesays.com\/fr\/wp-json\/wp\/v2\/types\/post"}],"author":[{"embeddable":true,"href":"https:\/\/www.europesays.com\/fr\/wp-json\/wp\/v2\/users\/2"}],"replies":[{"embeddable":true,"href":"https:\/\/www.europesays.com\/fr\/wp-json\/wp\/v2\/comments?post=526393"}],"version-history":[{"count":0,"href":"https:\/\/www.europesays.com\/fr\/wp-json\/wp\/v2\/posts\/526393\/revisions"}],"wp:featuredmedia":[{"embeddable":true,"href":"https:\/\/www.europesays.com\/fr\/wp-json\/wp\/v2\/media\/526394"}],"wp:attachment":[{"href":"https:\/\/www.europesays.com\/fr\/wp-json\/wp\/v2\/media?parent=526393"}],"wp:term":[{"taxonomy":"category","embeddable":true,"href":"https:\/\/www.europesays.com\/fr\/wp-json\/wp\/v2\/categories?post=526393"},{"taxonomy":"post_tag","embeddable":true,"href":"https:\/\/www.europesays.com\/fr\/wp-json\/wp\/v2\/tags?post=526393"}],"curies":[{"name":"wp","href":"https:\/\/api.w.org\/{rel}","templated":true}]}}