{"id":526406,"date":"2025-11-11T04:45:22","date_gmt":"2025-11-11T04:45:22","guid":{"rendered":"https:\/\/www.europesays.com\/fr\/526406\/"},"modified":"2025-11-11T04:45:22","modified_gmt":"2025-11-11T04:45:22","slug":"meilleur-classement-de-fin-de-saison-pour-elise-mertens-qui-doit-retrouver-sa-regularite","status":"publish","type":"post","link":"https:\/\/www.europesays.com\/fr\/526406\/","title":{"rendered":"Meilleur classement de fin de saison pour Elise Mertens qui doit retrouver sa r\u00e9gularit\u00e9"},"content":{"rendered":"<p><strong>Elise Mertens<\/strong> vient donc de finir son exercice 2025 avec un joli titre <a href=\"https:\/\/www.rtbf.be\/article\/belle-performance-pour-elise-mertens-victorieuse-des-wta-finals-de-double-pour-la-seconde-fois-11629178\" target=\"_blank\" rel=\"nofollow noopener\">en double lors des WTA Finals<\/a>. Mais cette ann\u00e9e marque aussi une v\u00e9ritable remont\u00e9e au classement en simple alors qu\u2019elle va terminer l\u2019ann\u00e9e \u00e0 la 20e position, son meilleur classement en fin d\u2019ann\u00e9e depuis\u00a02020.<\/p>\n<p>Il est int\u00e9ressant que, si de tels chiffres ne mentent pas, ils sont largement \u00e0 mettre en perspective. En effet, \u00e0 y regarder de plus pr\u00e8s, les nombreuses statistiques disponibles sur sa saison sont presque contradictoires. D\u2019un c\u00f4t\u00e9, la Louvaniste se f\u00e9licitera d\u2019avoir atteint son troisi\u00e8me plus haut pourcentage de victoires sur une saison, son meilleur depuis\u00a02020. Elle sera aussi ravie de se rappeler ses deux titres remport\u00e9s et ses trois titres sur le circuit WTA, ses meilleurs totaux depuis\u00a02018. En revanche, elle regrettera son plus faible total de victoires\u00a0en Grand Chelem depuis\u00a02017 et un triste premier tour \u00e0 Roland-Garros (ndlr\u00a0: face \u00e0 <strong>Lo\u00efs Boisson<\/strong>), alors qu\u2019elle n\u2019avait connu une telle d\u00e9convenue qu\u2019une fois depuis\u00a02018.<\/p>\n<p>Si Mertens est class\u00e9e aussi haut, c\u2019est qu\u2019elle profite pleinement de ses deux titres et de sa finale \u00e0 Hobart. Combin\u00e9s ensemble, ces trois WTA 250 lui ont tout de m\u00eame rapport\u00e9 663 points sur les 1969 qu\u2019elle poss\u00e8de, soit un tiers de son total. Malgr\u00e9 l\u2019importance relative de ces tournois, elle a quasiment pris autant de points que sur les quatre Grands Chelems (ndlr\u00a0: 750).<\/p>\n<p>Cette particularit\u00e9 a une cons\u00e9quence notable. L\u2019ann\u00e9e prochaine, elle va alterner entre la d\u00e9fense d\u2019un total de points tr\u00e8s faible et la pression de pouvoir en perdre beaucoup. Cela se verra d\u00e8s le d\u00e9but de saison puisque, elle devra directement d\u00e9fendre un titre et une finale en d\u00e9but de saison, mais aussi un 2e tour \u00e0 l\u2019Australian Open. La pression sera ensuite moins pr\u00e9sente durant le printemps, jusqu\u2019aux tournois sur gazon. \u00c0 bient\u00f4t 30 ans, Mertens a prouv\u00e9 qu\u2019elle en avait encore sous le capot et qu\u2019elle \u00e9tait toujours capable de briller. Reste \u00e0 savoir si elle pourra reproduire une telle performance en\u00a02026.<\/p>\n","protected":false},"excerpt":{"rendered":"Elise Mertens vient donc de finir son exercice 2025 avec un joli titre en double lors des WTA&hellip;\n","protected":false},"author":2,"featured_media":526407,"comment_status":"","ping_status":"","sticky":false,"template":"","format":"standard","meta":{"footnotes":""},"categories":[1415],"tags":[1011,27,60,1467],"class_list":{"0":"post-526406","1":"post","2":"type-post","3":"status-publish","4":"format-standard","5":"has-post-thumbnail","7":"category-tennis","8":"tag-fr","9":"tag-france","10":"tag-sports","11":"tag-tennis"},"share_on_mastodon":{"url":"https:\/\/pubeurope.com\/@fr\/115529247826012438","error":""},"_links":{"self":[{"href":"https:\/\/www.europesays.com\/fr\/wp-json\/wp\/v2\/posts\/526406","targetHints":{"allow":["GET"]}}],"collection":[{"href":"https:\/\/www.europesays.com\/fr\/wp-json\/wp\/v2\/posts"}],"about":[{"href":"https:\/\/www.europesays.com\/fr\/wp-json\/wp\/v2\/types\/post"}],"author":[{"embeddable":true,"href":"https:\/\/www.europesays.com\/fr\/wp-json\/wp\/v2\/users\/2"}],"replies":[{"embeddable":true,"href":"https:\/\/www.europesays.com\/fr\/wp-json\/wp\/v2\/comments?post=526406"}],"version-history":[{"count":0,"href":"https:\/\/www.europesays.com\/fr\/wp-json\/wp\/v2\/posts\/526406\/revisions"}],"wp:featuredmedia":[{"embeddable":true,"href":"https:\/\/www.europesays.com\/fr\/wp-json\/wp\/v2\/media\/526407"}],"wp:attachment":[{"href":"https:\/\/www.europesays.com\/fr\/wp-json\/wp\/v2\/media?parent=526406"}],"wp:term":[{"taxonomy":"category","embeddable":true,"href":"https:\/\/www.europesays.com\/fr\/wp-json\/wp\/v2\/categories?post=526406"},{"taxonomy":"post_tag","embeddable":true,"href":"https:\/\/www.europesays.com\/fr\/wp-json\/wp\/v2\/tags?post=526406"}],"curies":[{"name":"wp","href":"https:\/\/api.w.org\/{rel}","templated":true}]}}