{"id":526408,"date":"2025-11-11T04:49:14","date_gmt":"2025-11-11T04:49:14","guid":{"rendered":"https:\/\/www.europesays.com\/fr\/526408\/"},"modified":"2025-11-11T04:49:14","modified_gmt":"2025-11-11T04:49:14","slug":"cyclo-cross-de-saint-vaast-du-val-classements-actualite","status":"publish","type":"post","link":"https:\/\/www.europesays.com\/fr\/526408\/","title":{"rendered":"Cyclo-cross de Saint-Vaast-du-Val : Classements &#8211; Actualit\u00e9"},"content":{"rendered":"<p style=\"text-align: justify;\">Ronan Fauvel (ES Torigni) a remport\u00e9, ce dimanche, le cyclo-cross Souvenir Arthur Ancelot \u00e0 Saint-Vaast-du-Val (Seine-Maritime). Il a devanc\u00e9 Arthur Tropardy (VC Rouen 76) et Jules Radoux (AS Tr\u00e9port).<br \/>Ronan Fauvel succ\u00e8de \u00e0 R\u00e9mi Lejeune, 4e ce dimanche.<\/p>\n<p><strong>Classements :<\/strong><br \/><strong>S\u00e9niors, U23 et Masters<\/strong><br \/>1. FAUVEL Ronan ES TORIGNI U23 U23-3<br \/>2. TROPARDY Arthur VC ROUEN 76 Master\u00a0<br \/>3. RADOUX Jules AS TREPORT CYCLISME U23 U23-2<br \/>4. LEJEUNE R\u00e9mi UC DARNETAL Master\u00a0<br \/>5. LEFEBVRE Thomas VC SAULCEEN ELBEUF LES T.V.O Senior\u00a0<br \/>6. KLAES Lise U.V.C.A TROYES U23-3<br \/>7. STALIN Corentin TEAM COEUR DE CAUX CYCLISME Master\u00a0<br \/>8. VAUQUELIN Aur\u00e9lien VC SAULCEEN ELBEUF LES T.V.O Master\u00a0<br \/>9. GUINGAND Joshua SUD DE L&rsquo;EURE CYCLISME &#8211; STADE U23-4<br \/>10. GALLAIS Baptiste LA FEUILLIE CYCLISTE U23 U23-3<br \/>11. MOUCHARD Alexis TEAM COEUR DE CAUX CYCLISME Senior\u00a0<br \/>12. REBOURS Germain VC ORBEC LA VESPIERE-FRIARDEL Master\u00a0<br \/>13. WOZNIAK Nathan AC SOTTEVILLE U23 U23-3<br \/>14. RESSE Vincent VELO CLUB HEUDREVILLAIS Master\u00a0<br \/>15. HECQUET Enzo VC BERNAY U23 U23-1<br \/>16. PREVOST Valentin CC T\u00f4tes 3 Rivi\u00e8res &#8211; FSGT Master\u00a0<br \/>17. SAINT-LEGER Nathan TEAM COEUR DE CAUX CYCLISME U23-3<br \/>18. SALVE Pierre AC SOTTEVILLE Senior\u00a0<br \/>19. LEMIERE Christophe TEAM TSM Master\u00a0<br \/>20. LE GALLOU Alain CLUB SPORTIF GRAVENCHON Master\u00a0<br \/>21. BUCHIN Timoth\u00e9e VC TROUVILLE DEAUVILLE Senior\u00a0<br \/>22. VANENGELANDT Th\u00e9o USC BOIS GUILLAUME BIHOREL CY Senior\u00a0<br \/>23. DEMARE Noah AS TREPORT CYCLISME U23 U23-3<br \/>24. SAUNIER St\u00e9phane VC SAULCEEN ELBEUF LES T.V.O Master\u00a0<br \/>25. LESUEUR Louka VC Rouen-76 U23 U23-4\u00a0<br \/>26. LUKASIEWICZ Alexis VC FECAMP Senior\u00a0<br \/>27. CAILLOT Florian CLUB SPORTIF GRAVENCHON Master\u00a0<br \/>28. MOUCHARD Gauthier TEAM COEUR DE CAUX CYCLISME Senior\u00a0<br \/>29. ROBERT Alexandre BARENTIN CYCLOSPORT Master\u00a0<br \/>30. CRAMOISAN Yoann VC FECAMP Senior\u00a0<br \/>31. THAFOURNEL Christophe Barentin Cyclosport Master\u00a0<br \/>32. LEPERCHEY Theo AC MONTIVILLIERS Senior\u00a0<br \/>33. VARANGLE Quentin VC BERNAY Senior\u00a0<br \/>34. PECQUEUX Amaury CS BONNEVILLE Master\u00a0<br \/>35. ANQUETIL Arnaud CLUB SPORTIF GRAVENCHON Master\u00a0<br \/>36. DESPREZ Nicolas Union Cycliste Verescence-Ufolep Master\u00a0<br \/>37. LAUGIER Jean Michel VC FECAMP Master\u00a0<br \/>38. LACAILLE Julien AC SOTTEVILLE Master\u00a0<br \/>39. LEROUX Olivier VC FECAMP Master\u00a0<br \/>40. SPIEWAK Steven AC SOTTEVILLE Senior\u00a0<br \/>41. DROUET Benjamin VC Grand Bourgtheroulde S\u00e9nior\u00a0<br \/>42. FOURNIER Christophe EC SERQUIGNY Master\u00a0<br \/>43. ABRAHAM S\u00e9bastien\u00a0\u00a0<br \/>44. MARRE Didier BARENTIN CYCLOSPORT Master\u00a0<br \/>45. DUFOUR Herve BARENTIN CYCLOSPORT Master\u00a0<br \/>46. BOURSY Eric AC SOTTEVILLE Master\u00a0<br \/>47. GOAZIOU Pierrick YERVILLE TEAM CYCLISME Master\u00a0<br \/>48. BOS Reynald VC Eudois Breslois Master\u00a0<br \/>49. BREANT Thierry Teaam C\u0153ur de Caux Cyclisme Master\u00a0<br \/>50. AUVRAY St\u00e9phane CC T\u00f4tes 3 Rivi\u00e8res &#8211; FSGT Master\u00a0<br \/>51. LESUEUR Gilbert\u00a0\u00a0<br \/>52. LECOQ Laurent V\u00e9lo Club Bichot Enerxia &#8211; Ufolep Master\u00a0<\/p>\n<p><strong>F\u00e9minines<\/strong><br \/>1. POULET Pauline VC AIGLON Femme\u00a0<br \/>2. LEBARILLIER Manon AS TREPORT CYCLISME Femme Femme\u00a0<br \/>3. BOURGET Sandrine VC PACEEN Femme Femme\u00a0<br \/>4. OLIVIER Laura VC TROUVILLE DEAUVILLE U23 U23-2 Femme<\/p>\n<p><strong>U19<\/strong><br \/>1. DHONDT Clovis AS TREPORT CYCLISME U19-2<br \/>2. GILBERT Ethan UV\u00a0 LOUVIERS U19-1<br \/>3. MARCONNET Mathys VC PACEEN U19-1<br \/>4. DENORME Louis CS BONNEVILLE U19-1<br \/>5. LECOMTE DELAHOULLIE Maxence ESM GONFREVILLE L&rsquo;ORCHER U19-2<br \/>6. MARIE Gabin ESM GONFREVILLE L&rsquo;ORCHER U19-1<br \/>7. BOETTI Quentin AC SOTTEVILLE U19<br \/>8. VILLAR CORBIN Victor AC SOTTEVILLE U19-2<br \/>9. LOREL Alexis VC BERNAY U19-1<\/p>\n<p><strong>U17<\/strong><br \/>1. ABRAHAM Antoine USSA PAVILLY BARENTIN U17 U17-2<br \/>2. BELLET Louis UC DARNETAL\u00a0 U17-1<br \/>3. FRAS L\u00e9o USSA PAVILLY BARENTIN U17-2<br \/>4. DUBOSQ Ma\u00ebl VC BERNAY U17-2<br \/>5. TESSIER Arthur VC FECAMP U17-1<br \/>6. RADOUX Timoth\u00e9 AS TREPORT CYCLISME U17-1<br \/>7. GUICHAUX Maxime AC SOTTEVILLE U17-2<br \/>8. LEVRARD Leopold AC SOTTEVILLE U17-1<br \/>9. DUNET Axel VC HAUTOT SUR MER U17-2<br \/>10. STAELENS No\u00e9 VC BERNAY U17-2<br \/>11. PETIT Lorick AC SOTTEVILLE U17-2<br \/>12. BREIL MERIEL M\u00e9lyssa ESM GONFREVILLE L&rsquo;ORCHER U17-2 Femme<br \/>13. VITTECOQ Clarysse AC SOTTEVILLE U17-2 Femme<br \/>14. BAUDRIBOS Alexandre YERVILLE TEAM CYCLISME U17-1<\/p>\n<p><strong>U15<\/strong><br \/>1. CARON DE FROMENTEL Erwan EC NEUFCHATEL EN BRAY\u00a0<br \/>2. MEUNIER Alexandre E.GISORSIENNE\u00a0<br \/>3. GRENET SAINT AMAND Arthur VC BERNAY U15-2<br \/>4. LEROYER Gustave USSA PAVILLY BARENTIN\u00a0<br \/>5. PASCAL Timote\u00ef AC SOTTEVILLE\u00a0<br \/>6. LENEPVEU Antoine AC MONTIVILLIERS\u00a0<br \/>7. RIDEL Mael USSA PAVILLY BARENTIN\u00a0<br \/>8. SIMON Norys VTT DE LA SCIE FSGT\u00a0<br \/>9. DEFONTAINE Math\u00e9o VC BERNAY\u00a0<br \/>10. HOLMIERE Florian ESM GONFREVILLE L&rsquo;ORCHER\u00a0<br \/>11. SINAEVE Thibault USSA PAVILLY BARENTIN\u00a0<br \/>12. DENORME Constance CS BONNEVILLE Femme<br \/>13. MARTIN Zadig AC SOTTEVILLE\u00a0<br \/>14. RICARD Mathieu USSA PAVILLY BARENTIN\u00a0<br \/>15. GARRIGUES Firmin ESM GONFREVILLE L&rsquo;ORCHER\u00a0<br \/>16. ADAM Simon VC EUDOIS ET BRESLOIS\u00a0<br \/>17. HOULLIERE Julia AC SOTTEVILLE\u00a0<br \/>18. PECQUEUX Elio CS BONNEVILLE\u00a0<br \/>19. BOUVERET Tom E.GISORSIENNE\u00a0<br \/>20. CANTRELLE Tim\u00e9o E.GISORSIENNE\u00a0<br \/>21. NEVEU Nathan SAINTE LUCIE CYCLISME SPORT\u00a0<br \/>22. DROUET Benjamin AC SOTTEVILLE\u00a0<br \/>23. CASTEL Roxane VC CATENAY Femme<\/p>\n<p><strong>U13<\/strong><br \/>1. BONZANS Achille AC SOTTEVILLE U13-1<br \/>2. VERRAES Aubin EC NEUFCHATEL EN BRAY U13-2<br \/>3. BELLET Ma\u00ebl EC NEUFCHATEL EN BRAY U13-1<br \/>4. LECOMTE DELAHOULLIE Marius ESM GONFREVILLE L&rsquo;ORCHER U13-2<br \/>5. FROMENTIN Axel USSA PAVILLY BARENTIN U13-1<br \/>6. FACCON Martin AC SOTTEVILLE U13-2<br \/>7. NEVEN Achille AC SOTTEVILLE U13-2<br \/>8. COUSIN Marius VC FECAMP U13-2<br \/>9. LECOEUR Willem UV NEUBOURG U13-1<br \/>10. RIDEL Tim\u00e9o USSA PAVILLY BARENTIN U13-1<br \/>11. PECQUEUX Clara CS BONNEVILLE U13-1 Femme<br \/>12. LACAILLE Jules MSA Triathlon &#8211; FFTRI U13<br \/>13. RICARD Camille USSA PAVILLY BARENTIN U13-1 Femme<br \/>14. DELORY Cl\u00e9ment ESM GONFREVILLE L&rsquo;ORCHER U13-1<br \/>15. CAVELIER Simon USSA PAVILLY BARENTIN U13-2<br \/>16. TOUGARD Louise ESM GONFREVILLE L&rsquo;ORCHER U13-2 Femme<br \/>17. BONAY Pierre VC CATENAY U13-1<br \/>18. ROQUENCOURT Ethan VC CATENAY U13-1<\/p>\n<p><strong>U11<\/strong><br \/>1. LEMOINE Ethan EC NEUFCHATEL EN BRAY U11-2<br \/>2. JABNOUN Idriss AC SOTTEVILLE U11-1<br \/>3. REBOURS Noam VC PONT AUDEMER U11-2<br \/>4. LACAILLE Julian MSA Triathlon &#8211; FFTRI U11<br \/>5. HUTINET Rapha\u00ebl VC FECAMP U11-1<br \/>6. VERRAES Gabriel EC NEUFCHATEL EN BRAY U11-1<br \/>7. RICHARD Sacha VC FECAMP U11-2<br \/>8. DUSSART Armand USSA PAVILLY BARENTIN U11-2<br \/>9. DAVID Lucas USSA PAVILLY BARENTIN U11-1<br \/>10. NEVEU Tom SAINTE LUCIE CYCLISME SPORT U11-2<br \/>11. REBOLLO Lo\u00efc CS BONNEVILLE U11-2<br \/>12. DROUET El\u00e9onore AC SOTTEVILLE U11-2 Femme<br \/>13. LECOURT Alice AC SOTTEVILLE U11-2 Femme<\/p>\n<p><strong>U9<\/strong><br \/>1. REBOURS Gatien VC PONT AUDEMER U7-2<br \/>2. SAUNIER Daphn\u00e9 AC SOTTEVILLE U7-2 Femme<br \/>3. JABNOUN Hana AC SOTTEVILLE U7-1<br \/>1. DENORME Marius CS BONNEVILLE U9-2<br \/>2. YUNG Tom AC SOTTEVILLE U9-2<br \/>3. BONZANS Victor AC SOTTEVILLE U9-1<br \/>4. ROQUENCOURT Mathis VC CATENAY U9-2<br \/>5. LEGAGNEUR Nahil AC SOTTEVILLE U9-2<br \/>6. TOUGARD Rachel ESM GONFREVILLE L&rsquo;ORCHER U9-2 Femme<br \/>7. LECOEUR Ewen UV NEUBOURG U9-2<br \/>8. HOULLIERE Manon AC SOTTEVILLE U9-2 Femme<br \/>9. REBOLLO Alex CS BONNEVILLE U9-1<br \/>10. LAVERT Lucien CS BONNEVILLE U9-1<\/p>\n<p>Remerciements \u00e0 Pascale Chary, VC Rouen 76.<\/p>\n","protected":false},"excerpt":{"rendered":"Ronan Fauvel (ES Torigni) a remport\u00e9, ce dimanche, le cyclo-cross Souvenir Arthur Ancelot \u00e0 Saint-Vaast-du-Val (Seine-Maritime). Il a&hellip;\n","protected":false},"author":2,"featured_media":524213,"comment_status":"","ping_status":"","sticky":false,"template":"","format":"standard","meta":{"footnotes":""},"categories":[1411],"tags":[834,828,836,829,837,827,83,826,824,823,1154,207,814,817,815,816,822,821,832,211,839,1011,27,820,818,819,835,831,830,833,838,60,212,208,825],"class_list":{"0":"post-526408","1":"post","2":"type-post","3":"status-publish","4":"format-standard","5":"has-post-thumbnail","7":"category-cyclisme","8":"tag-attaque","9":"tag-belgique","10":"tag-braquet","11":"tag-bretagne","12":"tag-chute","13":"tag-competition","14":"tag-coupe-de-france","15":"tag-coureur","16":"tag-course-cyclisme","17":"tag-course-cycliste","18":"tag-cycling","19":"tag-cyclisme","20":"tag-direct","21":"tag-direct-velo","22":"tag-directvelo","23":"tag-directvelo-com","24":"tag-epreuve","25":"tag-epreuve-cycliste","26":"tag-federation-francaise-de-cyclisme","27":"tag-ffc","28":"tag-flandres","29":"tag-fr","30":"tag-france","31":"tag-live","32":"tag-live-course","33":"tag-live-epreuve","34":"tag-peloton","35":"tag-radio-peloton","36":"tag-radio-tour","37":"tag-ravitaillement","38":"tag-relance","39":"tag-sports","40":"tag-uci","41":"tag-velo","42":"tag-velos"},"share_on_mastodon":{"url":"https:\/\/pubeurope.com\/@fr\/115529263704823294","error":""},"_links":{"self":[{"href":"https:\/\/www.europesays.com\/fr\/wp-json\/wp\/v2\/posts\/526408","targetHints":{"allow":["GET"]}}],"collection":[{"href":"https:\/\/www.europesays.com\/fr\/wp-json\/wp\/v2\/posts"}],"about":[{"href":"https:\/\/www.europesays.com\/fr\/wp-json\/wp\/v2\/types\/post"}],"author":[{"embeddable":true,"href":"https:\/\/www.europesays.com\/fr\/wp-json\/wp\/v2\/users\/2"}],"replies":[{"embeddable":true,"href":"https:\/\/www.europesays.com\/fr\/wp-json\/wp\/v2\/comments?post=526408"}],"version-history":[{"count":0,"href":"https:\/\/www.europesays.com\/fr\/wp-json\/wp\/v2\/posts\/526408\/revisions"}],"wp:featuredmedia":[{"embeddable":true,"href":"https:\/\/www.europesays.com\/fr\/wp-json\/wp\/v2\/media\/524213"}],"wp:attachment":[{"href":"https:\/\/www.europesays.com\/fr\/wp-json\/wp\/v2\/media?parent=526408"}],"wp:term":[{"taxonomy":"category","embeddable":true,"href":"https:\/\/www.europesays.com\/fr\/wp-json\/wp\/v2\/categories?post=526408"},{"taxonomy":"post_tag","embeddable":true,"href":"https:\/\/www.europesays.com\/fr\/wp-json\/wp\/v2\/tags?post=526408"}],"curies":[{"name":"wp","href":"https:\/\/api.w.org\/{rel}","templated":true}]}}