{"id":526413,"date":"2025-11-11T04:52:18","date_gmt":"2025-11-11T04:52:18","guid":{"rendered":"https:\/\/www.europesays.com\/fr\/526413\/"},"modified":"2025-11-11T04:52:18","modified_gmt":"2025-11-11T04:52:18","slug":"une-oeuvre-de-fernand-leger-fait-escale-dans-cette-ville-du-val-doise","status":"publish","type":"post","link":"https:\/\/www.europesays.com\/fr\/526413\/","title":{"rendered":"Une \u0153uvre de Fernand L\u00e9ger fait escale dans cette ville du Val-d&rsquo;Oise"},"content":{"rendered":"<p>            Par<br \/>\n        <strong><br \/>\n            <a href=\"https:\/\/actu.fr\/auteur\/jeromecavaretta\" title=\"Consulter tous les articles de J\u00e9r\u00f4me Cavaretta\" target=\"_blank\" rel=\"noopener\">J\u00e9r\u00f4me Cavaretta<\/a><br \/>\n        <\/strong><\/p>\n<p>        Publi\u00e9 le<\/p>\n<p>            10 nov. 2025 \u00e0 11h30        <\/p>\n<p>Le Centre Pompidou d\u00e9barque \u00e0 <a href=\"https:\/\/actu.fr\/ile-de-france\/cergy_95127\" target=\"_blank\" rel=\"noopener\">Cergy<\/a>. Le mercredi 12\u00a0novembre, le tableau Les deux femmes debout (1922) sign\u00e9 <b>Fernand L\u00e9ger<\/b> sera expos\u00e9 au sein de la m\u00e9diath\u00e8que de l\u2019Horloge. Un \u00e9v\u00e9nement gratuit destin\u00e9 \u00e0 rendre l\u2019art accessible \u00e0 tous.<\/p>\n<p class=\" wall-content\">Pour toucher le plus grand nombre, la toile sera pr\u00e9sent\u00e9e au rez-de-chauss\u00e9e de la m\u00e9diath\u00e8que du quartier Saint-Christophe. Elle sera ainsi visible depuis la rue de l\u2019Abondance.<\/p>\n<p>Un jour, une \u0153uvre<\/p>\n<p class=\" wall-content\">Influenc\u00e9 par C\u00e9zanne, Picasso, Braque, mais aussi Robert Delaunay et Marc Chagall, Fernand L\u00e9ger d\u00e9veloppe un style singulier o\u00f9 se m\u00ealent formes g\u00e9om\u00e9triques et couleurs \u00e9clatantes.\u00a0Apr\u00e8s la Premi\u00e8re Guerre mondiale, il revient \u00e0 la figure humaine avec des s\u00e9ries embl\u00e9matiques comme\u00a0Les deux femmes debout (1922). Son \u0153uvre explore sans cesse l\u2019\u00e9quilibre entre lignes, formes et couleurs.<\/p>\n<p class=\" wall-content\">Cette escale cergyssoise s\u2019inscrit dans le cadre du programme Un jour, une \u0153uvre d\u00e9ploy\u00e9 en Ile-de-France depuis dix ans par le Centre Pompidou afin de faire d\u00e9couvrir l\u2019art en dehors des mus\u00e9es. Un avant-go\u00fbt du partenariat in\u00e9dit que la Ville de Cergy vient de nouer avec le Louvre et la pr\u00e9fecture de r\u00e9gion Ile-de-France. Pendant trois ans, Cergy va accueillir le dispositif Le Louvre chez vous. Objectif : donner \u00e0 admirer les \u0153uvres du mus\u00e9e parisien aux Cergyssois qui en sont \u00e9loign\u00e9s. Une centaine de reproductions investiront\u00a0ainsi la ville et plus particuli\u00e8rement les quartiers prioritaires : Axe-Majeur-Horloge, Linandes et Bontemps-Terroir. La Joconde, Les Noces de Cana, la Libert\u00e9 guidant le peuple\u2026 au pied des immeubles.<\/p>\n<p class=\" wall-content\">Expositions bien s\u00fbr mais aussi activit\u00e9s, ateliers, jeux\u2026 \u00c9paul\u00e9s par des m\u00e9diateurs exp\u00e9riment\u00e9s du Louvre, des ambassadeurs recrut\u00e9s par la Ville sont charg\u00e9s de d\u00e9finir les contours de cette diffusion de culture au gr\u00e9 d\u2019une trentaine de projets qui viseront en priorit\u00e9 les jeunes de 16 \u00e0 30 ans \u00ab en difficult\u00e9 d\u2019insertion \u00bb.<\/p>\n<p>De 10h \u00e0 17h15 : acc\u00e8s libre \u00e0 l\u2019\u0153uvre dans l\u2019espace d\u2019exposition. \u00c0 15h : atelier cr\u00e9atif autour du tableau. Inscriptions en ligne via www.cergy.fr. \u00c0 16h : conf\u00e9rence autour de l\u2019\u0153uvre anim\u00e9e par Ariane Coulondre la conservatrice du Centre Pompidou. Inscriptions en ligne via www.cergy.fr. Mercredi 12\u00a0novembre de 10h \u00e0 17h15, m\u00e9diath\u00e8que Horloge \u2013 49, rue de l\u2019Abondance. Gratuit et ouvert \u00e0 tous.<\/p>\n<p class=\" wall-content\">Personnalisez votre actualit\u00e9 en ajoutant vos villes et m\u00e9dias en favori avec <a href=\"https:\/\/moncompte.actu.fr\" title=\"D\u00e9couvez Mon Actu\" rel=\"nofollow noopener\" data-trk=\"{&quot;cta&quot;:{&quot;action&quot;:&quot;https:\\\/\\\/moncompte.actu.fr&quot;,&quot;category&quot;:&quot;mon compte&quot;,&quot;from&quot;:&quot;article footer&quot;,&quot;name&quot;:&quot;Mon actu&quot;,&quot;type&quot;:&quot;cta&quot;}}\" target=\"_blank\">Mon Actu<\/a>.<\/p>\n","protected":false},"excerpt":{"rendered":"Par J\u00e9r\u00f4me Cavaretta Publi\u00e9 le 10 nov. 2025 \u00e0 11h30 Le Centre Pompidou d\u00e9barque \u00e0 Cergy. Le mercredi&hellip;\n","protected":false},"author":2,"featured_media":526414,"comment_status":"","ping_status":"","sticky":false,"template":"","format":"standard","meta":{"footnotes":""},"categories":[1358],"tags":[8428,1348,1384,1385,1386,58,59,1011,27,104],"class_list":{"0":"post-526413","1":"post","2":"type-post","3":"status-publish","4":"format-standard","5":"has-post-thumbnail","7":"category-arts-et-design","8":"tag-agglomeration-de-cergy-pontoise","9":"tag-arts","10":"tag-arts-and-design","11":"tag-arts-et-design","12":"tag-design","13":"tag-divertissement","14":"tag-entertainment","15":"tag-fr","16":"tag-france","17":"tag-societe"},"share_on_mastodon":{"url":"https:\/\/pubeurope.com\/@fr\/115529275307911708","error":""},"_links":{"self":[{"href":"https:\/\/www.europesays.com\/fr\/wp-json\/wp\/v2\/posts\/526413","targetHints":{"allow":["GET"]}}],"collection":[{"href":"https:\/\/www.europesays.com\/fr\/wp-json\/wp\/v2\/posts"}],"about":[{"href":"https:\/\/www.europesays.com\/fr\/wp-json\/wp\/v2\/types\/post"}],"author":[{"embeddable":true,"href":"https:\/\/www.europesays.com\/fr\/wp-json\/wp\/v2\/users\/2"}],"replies":[{"embeddable":true,"href":"https:\/\/www.europesays.com\/fr\/wp-json\/wp\/v2\/comments?post=526413"}],"version-history":[{"count":0,"href":"https:\/\/www.europesays.com\/fr\/wp-json\/wp\/v2\/posts\/526413\/revisions"}],"wp:featuredmedia":[{"embeddable":true,"href":"https:\/\/www.europesays.com\/fr\/wp-json\/wp\/v2\/media\/526414"}],"wp:attachment":[{"href":"https:\/\/www.europesays.com\/fr\/wp-json\/wp\/v2\/media?parent=526413"}],"wp:term":[{"taxonomy":"category","embeddable":true,"href":"https:\/\/www.europesays.com\/fr\/wp-json\/wp\/v2\/categories?post=526413"},{"taxonomy":"post_tag","embeddable":true,"href":"https:\/\/www.europesays.com\/fr\/wp-json\/wp\/v2\/tags?post=526413"}],"curies":[{"name":"wp","href":"https:\/\/api.w.org\/{rel}","templated":true}]}}