{"id":526430,"date":"2025-11-11T05:03:10","date_gmt":"2025-11-11T05:03:10","guid":{"rendered":"https:\/\/www.europesays.com\/fr\/526430\/"},"modified":"2025-11-11T05:03:10","modified_gmt":"2025-11-11T05:03:10","slug":"nicolas-sarkozy-le-cauchemar-de-linjustice","status":"publish","type":"post","link":"https:\/\/www.europesays.com\/fr\/526430\/","title":{"rendered":"\u00abNicolas Sarkozy, le \u201ccauchemar\u201d de l\u2019injustice\u00bb"},"content":{"rendered":"<p>\n    Au-del\u00e0 de la lib\u00e9ration ce mercredi de l\u2019ex-pr\u00e9sident de la R\u00e9publique, les Fran\u00e7ais n\u2019ont aujourd\u2019hui plus confiance dans l\u2019autorit\u00e9 judiciaire, et ce qu\u2019ils craignent, c\u2019est l\u2019arbitraire.<\/p>\n<p class=\"fig-paragraph\">Dans La vie est un songe, la pi\u00e8ce de Calderon, Sigismond voit son destin osciller entre la gloire du pouvoir et la nuit de la prison. Pour Nicolas Sarkozy, il ne s\u2019agit pas de litt\u00e9rature, ni d\u2019un songe, mais d\u2019<a href=\"http:\/\/www.lefigaro.fr\/actualite-france\/tres-dur-ereintant-pour-nicolas-sarkozy-la-prison-est-un-cauchemar-20251110\" data-fig-type=\"NewsFlash\" data-gtm-custom-categorie=\"navigation\" data-gtm-custom-action=\"crossclick\" data-gtm-custom-label=\"Contextuel\" data-gtm-event=\"customEventSPE\" data-fig-domain=\"LEFIGARO\" target=\"_blank\" rel=\"noopener\">une r\u00e9alit\u00e9 \u00e9prouv\u00e9e<\/a>\u00a0: un \u00ab\u200acauchemar\u00a0\u00bb. Depuis sa cellule, ce n\u2019est pas un ancien pr\u00e9sident, mais le citoyen qui, une fois encore, a clam\u00e9 son innocence. Mais un homme politique, surtout quand il est depuis des d\u00e9cennies au premier rang de la vie publique, ne s\u2019appartient plus.\u00a0<a href=\"http:\/\/www.lefigaro.fr\/actualite-france\/a-la-prison-de-la-sante-nicolas-sarkozy-submerge-par-un-flot-de-courriers-et-de-soutiens-20251106\" data-fig-type=\"NewsFlash\" data-gtm-custom-categorie=\"navigation\" data-gtm-custom-action=\"crossclick\" data-gtm-custom-label=\"Contextuel\" data-gtm-event=\"customEventSPE\" data-fig-domain=\"LEFIGARO\" target=\"_blank\" rel=\"noopener\">Le soutien populaire aussi spectaculaire que spontan\u00e9<\/a>\u00a0pour l\u2019ancien chef de l\u2019\u00c9tat en t\u00e9moigne. Par \u00e9cran interpos\u00e9, c\u2019est autant le successeur de Mitterrand et de Chirac que le p\u00e8re de famille qui a d\u00fb expliquer pourquoi il fallait mettre fin \u00e0 cette incroyable injustice. On se choquera avec lui d\u2019une d\u00e9cision qui reposait sur du sable puisque la cour a consid\u00e9r\u00e9 que la \u00ab\u200ad\u00e9tention provisoire n\u2019\u00e9tait pas justifi\u00e9e\u00a0\u00bb. Pourquoi, alors, l\u2019\u00e9tait-elle il y a trois semaines\u00a0? Comment ne pas\u2026<\/p>\n<p class=\"fig-premium-paywall__infos\">\n        Cet article est r\u00e9serv\u00e9 aux abonn\u00e9s.        Il vous reste 57% \u00e0 d\u00e9couvrir.\n    <\/p>\n<p>                <img  data- alt=\"Le Figaro\" class=\"fig-img--complete fig-img\"\/><\/p>\n<p class=\"fig-premium-paywall__title\">Black Friday<\/p>\n<p class=\"fig-premium-paywall__subtitle\">-70% sur l&rsquo;abonnement num\u00e9rique<\/p>\n<p class=\"fig-premium-paywall__connect\">\n                D\u00e9j\u00e0 abonn\u00e9\u00a0?                <a class=\"fig-premium-paywall__connect-link\" href=\"https:\/\/connect.lefigaro.fr\/login?client=horizon_web&amp;type=main&amp;redirect_uri=https%3A%2F%2Fwww.lefigaro.fr%2Fvox%2Fpolitique%2Fl-editorial-de-vincent-tremolet-de-villers-nicolas-sarkozy-le-cauchemar-de-l-injustice-20251110\" data-js-gtm=\"{&quot;customCategorie&quot;: &quot;conversion&quot;, &quot;customAction&quot;: &quot;before_Landing_Connexion_paywall_auto&quot;, &quot;customLabel&quot;: &quot;bGVmaWdhcm8uZnJfXzFmMGJlNWY3LTkzZTgtNjAwOC05OWFjLTdmZWI5NzQxNzJhNV9fQXJ0aWNsZQ==_L\u2019\u00e9ditorial de Vincent Tr\u00e9molet de Villers: \u00abNicolas Sarkozy, le \u201ccauchemar\u201d de l\u2019injustice\u00bb_1000&quot;, &quot;customIDSPE&quot;: &quot;bGVmaWdhcm8uZnJfXzFmMGJlNWY3LTkzZTgtNjAwOC05OWFjLTdmZWI5NzQxNzJhNV9fQXJ0aWNsZQ==&quot;, &quot;event&quot;: &quot;customEventSPE&quot;}\" target=\"_blank\" rel=\"noopener\"><br \/>\n                    Connectez-vous<br \/>\n                <\/a>\n            <\/p>\n","protected":false},"excerpt":{"rendered":"Au-del\u00e0 de la lib\u00e9ration ce mercredi de l\u2019ex-pr\u00e9sident de la R\u00e9publique, les Fran\u00e7ais n\u2019ont aujourd\u2019hui plus confiance dans&hellip;\n","protected":false},"author":2,"featured_media":526431,"comment_status":"","ping_status":"","sticky":false,"template":"","format":"standard","meta":{"footnotes":""},"categories":[4],"tags":[11,8425,1011,27,12,3091,316,25],"class_list":{"0":"post-526430","1":"post","2":"type-post","3":"status-publish","4":"format-standard","5":"has-post-thumbnail","7":"category-france","8":"tag-actualites","9":"tag-editorial-figaro","10":"tag-fr","11":"tag-france","12":"tag-news","13":"tag-nicolas-sarkozy","14":"tag-politique","15":"tag-republique-francaise"},"share_on_mastodon":{"url":"https:\/\/pubeurope.com\/@fr\/115529319002551949","error":""},"_links":{"self":[{"href":"https:\/\/www.europesays.com\/fr\/wp-json\/wp\/v2\/posts\/526430","targetHints":{"allow":["GET"]}}],"collection":[{"href":"https:\/\/www.europesays.com\/fr\/wp-json\/wp\/v2\/posts"}],"about":[{"href":"https:\/\/www.europesays.com\/fr\/wp-json\/wp\/v2\/types\/post"}],"author":[{"embeddable":true,"href":"https:\/\/www.europesays.com\/fr\/wp-json\/wp\/v2\/users\/2"}],"replies":[{"embeddable":true,"href":"https:\/\/www.europesays.com\/fr\/wp-json\/wp\/v2\/comments?post=526430"}],"version-history":[{"count":0,"href":"https:\/\/www.europesays.com\/fr\/wp-json\/wp\/v2\/posts\/526430\/revisions"}],"wp:featuredmedia":[{"embeddable":true,"href":"https:\/\/www.europesays.com\/fr\/wp-json\/wp\/v2\/media\/526431"}],"wp:attachment":[{"href":"https:\/\/www.europesays.com\/fr\/wp-json\/wp\/v2\/media?parent=526430"}],"wp:term":[{"taxonomy":"category","embeddable":true,"href":"https:\/\/www.europesays.com\/fr\/wp-json\/wp\/v2\/categories?post=526430"},{"taxonomy":"post_tag","embeddable":true,"href":"https:\/\/www.europesays.com\/fr\/wp-json\/wp\/v2\/tags?post=526430"}],"curies":[{"name":"wp","href":"https:\/\/api.w.org\/{rel}","templated":true}]}}