{"id":526434,"date":"2025-11-11T05:05:14","date_gmt":"2025-11-11T05:05:14","guid":{"rendered":"https:\/\/www.europesays.com\/fr\/526434\/"},"modified":"2025-11-11T05:05:14","modified_gmt":"2025-11-11T05:05:14","slug":"saint-etienne-des-salaries-de-sfi-reprennent-leur-entreprise-specialisee-dans-la-creation-de-sites-e-commerce","status":"publish","type":"post","link":"https:\/\/www.europesays.com\/fr\/526434\/","title":{"rendered":"Saint-\u00c9tienne. Des salari\u00e9s de SFI reprennent leur entreprise sp\u00e9cialis\u00e9e dans la cr\u00e9ation de sites e-commerce"},"content":{"rendered":"<p>Elle est en retraite progressive depuis le d\u00e9but de l\u2019ann\u00e9e et elle ne partira vraiment qu\u2019en mars prochain mais sa succession \u00e0 la t\u00eate de SFI, cette entreprise qu\u2019elle avait fond\u00e9e en 1995 et sp\u00e9cialis\u00e9e dans la cr\u00e9ation de sites e-commerce, Catherine Bocquet la pr\u00e9pare depuis plusieurs ann\u00e9es.<\/p>\n<p>Depuis 2017 exactement, \u00e0 un moment o\u00f9 elle avait pris conscience qu\u2019elle devait s\u2019assurer (avant m\u00eame le moment de la retraite) qu\u2019il serait plus prudent que l\u2019avenir de son entreprise (sa \u00ab fille\u00a0\u00bb comme elle la d\u00e9signe elle-m\u00eame) ne repose pas uniquement sur ses \u00e9paules<\/p>\n<p>  \u00ab\u00a0Aujourd\u2019hui, je d\u00e9tiens 62\u00a0% des parts de l\u2019entreprise\u00a0\u00bb<\/p>\n<p>La dirigeante avait alors cr\u00e9\u00e9 un comit\u00e9 de pilotage compos\u00e9 d\u2019un petit groupe de salari\u00e9s impliqu\u00e9s dans les diff\u00e9rentes fonctions de l\u2019entreprise. Comit\u00e9 de pilotage \u00e0 qui, depuis deux ans, elle d\u00e9l\u00e8gue de plus en plus.<\/p>\n<p>C\u2019est en effet ce m\u00eame comit\u00e9 de pilotage qui, en mars prochain, rach\u00e8tera SFI \u00e0 Catherine Bocquet. Il est compos\u00e9 de G\u00e9rard Fayolle, actuel directeur technique et salari\u00e9 de la PME st\u00e9phanoise depuis trente ans, d\u2019Agn\u00e8s Gernez (cheffe de projet, 27 ans d\u2019anciennet\u00e9), Habiba Laaouichi (DAF, 24 ans d\u2019anciennet\u00e9), Florent Berquet (directeur de l\u2019agence de Montpellier, 18 ans d\u2019anciennet\u00e9), Patrice Torti (directeur technique adjoint, 8 ans d\u2019anciennet\u00e9), Guillaume Sautron (directeur commercial, 4 ans d\u2019anciennet\u00e9) et Arnaud Raoult (chef de projet, 8 ans d\u2019anciennet\u00e9).<\/p>\n<p>\u00ab Aujourd\u2019hui, je d\u00e9tiens 62\u00a0% des parts de l\u2019entreprise, le reste a d\u00e9j\u00e0 \u00e9t\u00e9 distribu\u00e9 au fil des ann\u00e9es en actions gratuites aux collaborateurs\u00a0\u00bb, pr\u00e9cise Catherine Bocquet. \u00ab\u00a0La cession se fera dans la foul\u00e9e de mon d\u00e9part \u00e0 la retraite\u00a0\u00bb.<\/p>\n<p>  \u00ab\u00a0Gr\u00e2ce \u00e0 toute cette pr\u00e9paration, je pense que nous sommes pr\u00eats\u00a0\u00bb<\/p>\n<p>L\u2019\u00e9quipe sera alors dirig\u00e9e par G\u00e9rard Fayolle. \u00ab Au d\u00e9part, quand Catherine a commenc\u00e9 \u00e0 \u00e9voquer sa succession, je reconnais que cela m\u2019a fait un peu peur\u00a0\u00bb dit le futur dirigeant de SFI. \u00ab\u00a0Mais avec le comit\u00e9 de pilotage, je me suis plong\u00e9 au fil du temps dans la gestion, dans les chiffres et finalement cela m\u2019a beaucoup plu\u2026 Gr\u00e2ce \u00e0 toute cette pr\u00e9paration, je pense que nous sommes pr\u00eats\u00a0\u00bb.<\/p>\n<p>Pr\u00eats pour continuer \u00e0 d\u00e9velopper une des plus anciennes ESN st\u00e9phanoises (Entreprise de services num\u00e9riques). Bas\u00e9e au Technopole, elle emploie aujourd\u2019hui 22 salari\u00e9s pour un chiffre d\u2019affaires de 1,5\u00a0million d\u2019euros. Plus de la moiti\u00e9 de son activit\u00e9 concerne le d\u00e9veloppement de sites e-commerces. Elle avait \u00e9galement lanc\u00e9 en 2012 un CRM (N.D.L.R.\u00a0: syst\u00e8me de gestion des relations clients), dont elle propose actuellement la troisi\u00e8me version.<\/p>\n","protected":false},"excerpt":{"rendered":"Elle est en retraite progressive depuis le d\u00e9but de l\u2019ann\u00e9e et elle ne partira vraiment qu\u2019en mars prochain&hellip;\n","protected":false},"author":2,"featured_media":526435,"comment_status":"","ping_status":"","sticky":false,"template":"","format":"standard","meta":{"footnotes":""},"categories":[9653],"tags":[1111,11,2430,33,7539,1777,674,1011,27,3367,12,25,4001,7538,216],"class_list":{"0":"post-526434","1":"post","2":"type-post","3":"status-publish","4":"format-standard","5":"has-post-thumbnail","7":"category-saint-etienne","8":"tag-actu","9":"tag-actualites","10":"tag-auvergne-rhone-alpes","11":"tag-economie","12":"tag-edition-loire-sud","13":"tag-eu","14":"tag-europe","15":"tag-fr","16":"tag-france","17":"tag-loire","18":"tag-news","19":"tag-republique-francaise","20":"tag-saint-etienne","21":"tag-saint-etienne-ville","22":"tag-vie-des-entreprises"},"share_on_mastodon":{"url":"https:\/\/pubeurope.com\/@fr\/115529326826796514","error":""},"_links":{"self":[{"href":"https:\/\/www.europesays.com\/fr\/wp-json\/wp\/v2\/posts\/526434","targetHints":{"allow":["GET"]}}],"collection":[{"href":"https:\/\/www.europesays.com\/fr\/wp-json\/wp\/v2\/posts"}],"about":[{"href":"https:\/\/www.europesays.com\/fr\/wp-json\/wp\/v2\/types\/post"}],"author":[{"embeddable":true,"href":"https:\/\/www.europesays.com\/fr\/wp-json\/wp\/v2\/users\/2"}],"replies":[{"embeddable":true,"href":"https:\/\/www.europesays.com\/fr\/wp-json\/wp\/v2\/comments?post=526434"}],"version-history":[{"count":0,"href":"https:\/\/www.europesays.com\/fr\/wp-json\/wp\/v2\/posts\/526434\/revisions"}],"wp:featuredmedia":[{"embeddable":true,"href":"https:\/\/www.europesays.com\/fr\/wp-json\/wp\/v2\/media\/526435"}],"wp:attachment":[{"href":"https:\/\/www.europesays.com\/fr\/wp-json\/wp\/v2\/media?parent=526434"}],"wp:term":[{"taxonomy":"category","embeddable":true,"href":"https:\/\/www.europesays.com\/fr\/wp-json\/wp\/v2\/categories?post=526434"},{"taxonomy":"post_tag","embeddable":true,"href":"https:\/\/www.europesays.com\/fr\/wp-json\/wp\/v2\/tags?post=526434"}],"curies":[{"name":"wp","href":"https:\/\/api.w.org\/{rel}","templated":true}]}}