{"id":526436,"date":"2025-11-11T05:06:20","date_gmt":"2025-11-11T05:06:20","guid":{"rendered":"https:\/\/www.europesays.com\/fr\/526436\/"},"modified":"2025-11-11T05:06:20","modified_gmt":"2025-11-11T05:06:20","slug":"un-client-tabasse-le-patron","status":"publish","type":"post","link":"https:\/\/www.europesays.com\/fr\/526436\/","title":{"rendered":"un client tabasse le patron"},"content":{"rendered":"<p>D\u2019un c\u00f4t\u00e9 la photo du g\u00e9rant de l\u2019h\u00f4tel, pr\u00e9sent\u00e9e par le pr\u00e9sident du tribunal\u00a0: face tum\u00e9fi\u00e9e, plaies saignantes, \u00e9norme \u0153il au beurre noir. De l\u2019autre, le pr\u00e9venu dans le box. Le bas de son polo blanc porte encore des traces de sang. Les violences ont \u00e9t\u00e9 cons\u00e9quentes dans un h\u00f4tel du quartier de Carnot, \u00e0 Saint-Etienne.<\/p>\n<p>Halil (pr\u00e9nom d\u2019emprunt), un Bulgare de 18 ans, se retrouve dans une sale histoire. Le samedi 8\u00a0novembre au petit matin, le g\u00e9rant de l\u2019\u00e9tablissement alerte la police. Un client&#8230;<\/p>\n","protected":false},"excerpt":{"rendered":"D\u2019un c\u00f4t\u00e9 la photo du g\u00e9rant de l\u2019h\u00f4tel, pr\u00e9sent\u00e9e par le pr\u00e9sident du tribunal\u00a0: face tum\u00e9fi\u00e9e, plaies saignantes,&hellip;\n","protected":false},"author":2,"featured_media":526437,"comment_status":"","ping_status":"","sticky":false,"template":"","format":"standard","meta":{"footnotes":""},"categories":[9653],"tags":[1111,11,2430,271,272,7539,1777,674,274,107,1011,27,3367,12,25,4001,7538],"class_list":{"0":"post-526436","1":"post","2":"type-post","3":"status-publish","4":"format-standard","5":"has-post-thumbnail","7":"category-saint-etienne","8":"tag-actu","9":"tag-actualites","10":"tag-auvergne-rhone-alpes","11":"tag-crime","12":"tag-delit-et-contravention","13":"tag-edition-loire-sud","14":"tag-eu","15":"tag-europe","16":"tag-faits-divers-justice","17":"tag-fil-info","18":"tag-fr","19":"tag-france","20":"tag-loire","21":"tag-news","22":"tag-republique-francaise","23":"tag-saint-etienne","24":"tag-saint-etienne-ville"},"share_on_mastodon":{"url":"https:\/\/pubeurope.com\/@fr\/115529330392305696","error":""},"_links":{"self":[{"href":"https:\/\/www.europesays.com\/fr\/wp-json\/wp\/v2\/posts\/526436","targetHints":{"allow":["GET"]}}],"collection":[{"href":"https:\/\/www.europesays.com\/fr\/wp-json\/wp\/v2\/posts"}],"about":[{"href":"https:\/\/www.europesays.com\/fr\/wp-json\/wp\/v2\/types\/post"}],"author":[{"embeddable":true,"href":"https:\/\/www.europesays.com\/fr\/wp-json\/wp\/v2\/users\/2"}],"replies":[{"embeddable":true,"href":"https:\/\/www.europesays.com\/fr\/wp-json\/wp\/v2\/comments?post=526436"}],"version-history":[{"count":0,"href":"https:\/\/www.europesays.com\/fr\/wp-json\/wp\/v2\/posts\/526436\/revisions"}],"wp:featuredmedia":[{"embeddable":true,"href":"https:\/\/www.europesays.com\/fr\/wp-json\/wp\/v2\/media\/526437"}],"wp:attachment":[{"href":"https:\/\/www.europesays.com\/fr\/wp-json\/wp\/v2\/media?parent=526436"}],"wp:term":[{"taxonomy":"category","embeddable":true,"href":"https:\/\/www.europesays.com\/fr\/wp-json\/wp\/v2\/categories?post=526436"},{"taxonomy":"post_tag","embeddable":true,"href":"https:\/\/www.europesays.com\/fr\/wp-json\/wp\/v2\/tags?post=526436"}],"curies":[{"name":"wp","href":"https:\/\/api.w.org\/{rel}","templated":true}]}}