{"id":526450,"date":"2025-11-11T05:19:10","date_gmt":"2025-11-11T05:19:10","guid":{"rendered":"https:\/\/www.europesays.com\/fr\/526450\/"},"modified":"2025-11-11T05:19:10","modified_gmt":"2025-11-11T05:19:10","slug":"ou-et-quand-assister-a-la-ceremonie","status":"publish","type":"post","link":"https:\/\/www.europesays.com\/fr\/526450\/","title":{"rendered":"o\u00f9 et quand assister \u00e0 la c\u00e9r\u00e9monie"},"content":{"rendered":"<p>            Par<br \/>\n        <strong><br \/>\n            <a href=\"https:\/\/actu.fr\/auteur\/clemence-pays02-actu-fr\" title=\"Consulter tous les articles de Cl\u00e9mence Pays\" target=\"_blank\" rel=\"noopener\">Cl\u00e9mence Pays<\/a><br \/>\n        <\/strong><\/p>\n<p>        Publi\u00e9 le<\/p>\n<p>            11 nov. 2025 \u00e0 6h02        <\/p>\n<p>Ce mardi 11\u00a0novembre marque la comm\u00e9moration de <strong>l\u2019armistice de 1918.<\/strong> \u00c0 cette occasion, une c\u00e9r\u00e9monie est organis\u00e9e \u00e0 <a href=\"https:\/\/actu.fr\/rennes\/\" target=\"_blank\" rel=\"noopener\">Rennes<\/a> et se d\u00e9roulera en pr\u00e9sence de <a href=\"https:\/\/actu.fr\/bretagne\/dinard_35093\/a-dinard-la-ministre-defend-un-projet-qui-renforcerait-les-missions-des-policiers-municipaux_63410349.html\" target=\"_blank\" rel=\"noopener\">Marie-Pierre Vedrenne<\/a>, ministre d\u00e9l\u00e9gu\u00e9e aupr\u00e8s du ministre de l\u2019Int\u00e9rieur\u2009; d\u2019<a href=\"https:\/\/actu.fr\/bretagne\/rennes_35238\/qui-est-amaury-de-saint-quentin-le-nouveau-prefet-de-bretagne-et-d-ille-et-vilaine_61721038.html\" target=\"_blank\" rel=\"noopener\">Amaury de Saint-Quentin<\/a>, pr\u00e9fet de Bretagne, d\u2019Ille-et-Vilaine et de la zone de d\u00e9fense et de s\u00e9curit\u00e9 Ouest\u2009; de <a href=\"https:\/\/actu.fr\/tag\/nathalie-appere\" target=\"_blank\" rel=\"noopener\">Nathalie App\u00e9r\u00e9<\/a>, maire de Rennes\u2009; et du <strong>g\u00e9n\u00e9ral Patrick Steiger,<\/strong> officier g\u00e9n\u00e9ral de la zone de d\u00e9fense et de s\u00e9curit\u00e9 Ouest.<\/p>\n<blockquote class=\"ac-article-quote wall-content\">\n<p>Les citoyens sont invit\u00e9s \u00e0 participer \u00e0 ce temps de comm\u00e9moration.<\/p>\n<p>    <strong>Pr\u00e9fecture d&rsquo;Ille-et-Vilaine<\/strong>\n            <\/p><\/blockquote>\n<p>Une d\u00e9ambulation chant\u00e9e<\/p>\n<p class=\" wall-content\">\u00c0 10h40 d\u00e9butera une <strong>d\u00e9ambulation chant\u00e9e<\/strong> des \u00e9l\u00e8ves de l\u2019\u00e9cole des transmissions, du num\u00e9rique et du cyber (ETNC) et de l\u2019\u00e9cole sp\u00e9ciale militaire Saint-Cyr, acad\u00e9mie militaire de Saint-Cyr Co\u00ebtquidan (EMIA-AMSCC).<\/p>\n<p class=\" wall-content\">Le d\u00e9part se fera depuis la <strong>place du Parlement<\/strong> jusqu\u2019\u00e0 la place de la Mairie pour la mise en place des troupes.<\/p>\n<p class=\" wall-content\">\u00c0 11h, un d\u00e9p\u00f4t de gerbes et le <strong>ravivage de la flamme<\/strong> au Panth\u00e9on rennais sont pr\u00e9vus. Suivra un hommage aux morts pour la France.<\/p>\n<p>Prise d\u2019armes et remise de d\u00e9corations<\/p>\n<p class=\" wall-content\">La suite de la comm\u00e9moration consistera en une <strong>prise d\u2019armes<\/strong> place de l\u2019H\u00f4tel de Ville, \u00e0 11h15\u2009:<\/p>\n<ul class=\" wall-content\">\n<li>revue des troupes par l\u2019Officier g\u00e9n\u00e9ral de d\u00e9fense et de s\u00e9curit\u00e9 Ouest (OGZDS-O)\u2009;<\/li>\n<li>lecture des messages de l\u2019Union fran\u00e7aise des associations de combattants (Ufac) et de l\u2019Onac-VG\u2009;<\/li>\n<li>lecture du message minist\u00e9riel par la ministre d\u00e9l\u00e9gu\u00e9e\u2009;<\/li>\n<li>hommage aux Morts\u2009;<\/li>\n<li>remise de d\u00e9corations par le g\u00e9n\u00e9ral Steiger (OGZDS-O) et le g\u00e9n\u00e9ral \u00c9ric Chuberre, adjoint du commandant de la R\u00e9gion Gendarmerie de Bretagne et de la zone de d\u00e9fense du grand Ouest\u2009;<\/li>\n<li>honneurs aux embl\u00e8mes\u2009;<\/li>\n<li>aubade de la musique de l\u2019\u00e9cole des Transmissions.<\/li>\n<\/ul>\n<p class=\" wall-content\">Personnalisez votre actualit\u00e9 en ajoutant vos villes et m\u00e9dias en favori avec <a href=\"https:\/\/moncompte.actu.fr\" title=\"D\u00e9couvez Mon Actu\" rel=\"nofollow noopener\" data-trk=\"{&quot;cta&quot;:{&quot;action&quot;:&quot;https:\\\/\\\/moncompte.actu.fr&quot;,&quot;category&quot;:&quot;mon compte&quot;,&quot;from&quot;:&quot;article footer&quot;,&quot;name&quot;:&quot;Mon actu&quot;,&quot;type&quot;:&quot;cta&quot;}}\" target=\"_blank\">Mon Actu<\/a>.<\/p>\n","protected":false},"excerpt":{"rendered":"Par Cl\u00e9mence Pays Publi\u00e9 le 11 nov. 2025 \u00e0 6h02 Ce mardi 11\u00a0novembre marque la comm\u00e9moration de l\u2019armistice&hellip;\n","protected":false},"author":2,"featured_media":526451,"comment_status":"","ping_status":"","sticky":false,"template":"","format":"standard","meta":{"footnotes":""},"categories":[2821],"tags":[1111,11,829,1777,674,1011,27,12,2384,584,25,104],"class_list":{"0":"post-526450","1":"post","2":"type-post","3":"status-publish","4":"format-standard","5":"has-post-thumbnail","7":"category-rennes","8":"tag-actu","9":"tag-actualites","10":"tag-bretagne","11":"tag-eu","12":"tag-europe","13":"tag-fr","14":"tag-france","15":"tag-news","16":"tag-premiere-guerre-mondiale","17":"tag-rennes","18":"tag-republique-francaise","19":"tag-societe"},"share_on_mastodon":{"url":"https:\/\/pubeurope.com\/@fr\/115529381689803400","error":""},"_links":{"self":[{"href":"https:\/\/www.europesays.com\/fr\/wp-json\/wp\/v2\/posts\/526450","targetHints":{"allow":["GET"]}}],"collection":[{"href":"https:\/\/www.europesays.com\/fr\/wp-json\/wp\/v2\/posts"}],"about":[{"href":"https:\/\/www.europesays.com\/fr\/wp-json\/wp\/v2\/types\/post"}],"author":[{"embeddable":true,"href":"https:\/\/www.europesays.com\/fr\/wp-json\/wp\/v2\/users\/2"}],"replies":[{"embeddable":true,"href":"https:\/\/www.europesays.com\/fr\/wp-json\/wp\/v2\/comments?post=526450"}],"version-history":[{"count":0,"href":"https:\/\/www.europesays.com\/fr\/wp-json\/wp\/v2\/posts\/526450\/revisions"}],"wp:featuredmedia":[{"embeddable":true,"href":"https:\/\/www.europesays.com\/fr\/wp-json\/wp\/v2\/media\/526451"}],"wp:attachment":[{"href":"https:\/\/www.europesays.com\/fr\/wp-json\/wp\/v2\/media?parent=526450"}],"wp:term":[{"taxonomy":"category","embeddable":true,"href":"https:\/\/www.europesays.com\/fr\/wp-json\/wp\/v2\/categories?post=526450"},{"taxonomy":"post_tag","embeddable":true,"href":"https:\/\/www.europesays.com\/fr\/wp-json\/wp\/v2\/tags?post=526450"}],"curies":[{"name":"wp","href":"https:\/\/api.w.org\/{rel}","templated":true}]}}