{"id":526456,"date":"2025-11-11T05:22:15","date_gmt":"2025-11-11T05:22:15","guid":{"rendered":"https:\/\/www.europesays.com\/fr\/526456\/"},"modified":"2025-11-11T05:22:15","modified_gmt":"2025-11-11T05:22:15","slug":"strasbourg-rencontre-au-cafe-avec-jean-paul-klee-lunaire-poete-alsacien","status":"publish","type":"post","link":"https:\/\/www.europesays.com\/fr\/526456\/","title":{"rendered":"Strasbourg. Rencontre au caf\u00e9 avec Jean-Paul Kl\u00e9e, lunaire po\u00e8te alsacien"},"content":{"rendered":"<p>Jean-Paul Kl\u00e9e ne pense qu\u2019\u00e0 \u00e9crire. Il remplit des pages et des pages au stylo, sur tous les sujets, ainsi, r\u00e9cemment, un vibrant hommage au philosophe Jean-Paul Sorg disparu ce mois d\u2019octobre et qui fut son ami. En prose ou en po\u00e9sie, tout y passe, l\u2019actualit\u00e9, l\u2019air du temps, la musique. Il tient un \u00ab\u00a0Tagebuch\u00a0\u00bb, un journal intime, dans des cahiers. Des passages ont d\u00e9j\u00e0 \u00e9t\u00e9 publi\u00e9s et il a par&#8230;<\/p>\n","protected":false},"excerpt":{"rendered":"Jean-Paul Kl\u00e9e ne pense qu\u2019\u00e0 \u00e9crire. Il remplit des pages et des pages au stylo, sur tous les&hellip;\n","protected":false},"author":2,"featured_media":526457,"comment_status":"","ping_status":"","sticky":false,"template":"","format":"standard","meta":{"footnotes":""},"categories":[2820],"tags":[1111,11,2389,1687,2880,1777,674,107,1011,27,775,2410,12,25,640,2879],"class_list":{"0":"post-526456","1":"post","2":"type-post","3":"status-publish","4":"format-standard","5":"has-post-thumbnail","7":"category-strasbourg","8":"tag-actu","9":"tag-actualites","10":"tag-alsace","11":"tag-culture-loisirs","12":"tag-edition-strasbourg","13":"tag-eu","14":"tag-europe","15":"tag-fil-info","16":"tag-fr","17":"tag-france","18":"tag-grand-est","19":"tag-livres-bd","20":"tag-news","21":"tag-republique-francaise","22":"tag-strasbourg","23":"tag-strasbourg-ville"},"share_on_mastodon":{"url":"https:\/\/pubeurope.com\/@fr\/115529393389549172","error":""},"_links":{"self":[{"href":"https:\/\/www.europesays.com\/fr\/wp-json\/wp\/v2\/posts\/526456","targetHints":{"allow":["GET"]}}],"collection":[{"href":"https:\/\/www.europesays.com\/fr\/wp-json\/wp\/v2\/posts"}],"about":[{"href":"https:\/\/www.europesays.com\/fr\/wp-json\/wp\/v2\/types\/post"}],"author":[{"embeddable":true,"href":"https:\/\/www.europesays.com\/fr\/wp-json\/wp\/v2\/users\/2"}],"replies":[{"embeddable":true,"href":"https:\/\/www.europesays.com\/fr\/wp-json\/wp\/v2\/comments?post=526456"}],"version-history":[{"count":0,"href":"https:\/\/www.europesays.com\/fr\/wp-json\/wp\/v2\/posts\/526456\/revisions"}],"wp:featuredmedia":[{"embeddable":true,"href":"https:\/\/www.europesays.com\/fr\/wp-json\/wp\/v2\/media\/526457"}],"wp:attachment":[{"href":"https:\/\/www.europesays.com\/fr\/wp-json\/wp\/v2\/media?parent=526456"}],"wp:term":[{"taxonomy":"category","embeddable":true,"href":"https:\/\/www.europesays.com\/fr\/wp-json\/wp\/v2\/categories?post=526456"},{"taxonomy":"post_tag","embeddable":true,"href":"https:\/\/www.europesays.com\/fr\/wp-json\/wp\/v2\/tags?post=526456"}],"curies":[{"name":"wp","href":"https:\/\/api.w.org\/{rel}","templated":true}]}}