{"id":526462,"date":"2025-11-11T05:25:45","date_gmt":"2025-11-11T05:25:45","guid":{"rendered":"https:\/\/www.europesays.com\/fr\/526462\/"},"modified":"2025-11-11T05:25:45","modified_gmt":"2025-11-11T05:25:45","slug":"a-nantes-la-musique-baroque-sinspire-de-la-nature","status":"publish","type":"post","link":"https:\/\/www.europesays.com\/fr\/526462\/","title":{"rendered":"\u00c0 Nantes, la musique baroque s\u2019inspire de la nature"},"content":{"rendered":"<p>Chants d\u2019oiseaux, portraits d\u2019animaux, tremblements de terre, temp\u00eates, orages et autres manifestations de la nature inspirent les compositeurs. Ces \u00e9vocations passionnent musiciens et auditeurs de l\u2019\u00e9poque baroque.<\/p>\n<p>La quatri\u00e8me saison des Apart\u00e9s, \u00e0 Nantes, d\u00e9bute par un quintette des musiciens de <a href=\"https:\/\/nantes.maville.com\/actu\/actudet_-coupes-budgetaires-stradivaria-l-orchestre-baroque-de-nantes-fetera-t-il-ses-40-ans-_52716-6725373_actu.Htm\" target=\"_blank\" rel=\"noopener\">l\u2019ensemble baroque local Stradivaria<\/a>. Quoi de mieux que l\u2019\u00e9clairage \u00e0 la bougie pour nous plonger dans les for\u00eats enchant\u00e9es de Purcell et Geminiani et leurs peuples de cr\u00e9atures magiques\u00a0?<\/p>\n<p>L\u2019harmonie de l\u2019art des jardins d\u00e9crit un \u00e9quilibre propre \u00e0 la m\u00e9ditation, \u00e0 la promenade ch\u00e8re \u00e0 Rousseau. En parcourant l\u2019Europe des XVIIe et XVIIIe\u00a0si\u00e8cles, les interpr\u00e8tes passent de Telemann \u00e0 Oswald et Rameau, juxtaposant ces deux mondes.<\/p>\n<p>Des \u00e9tudiants du conservatoire de Nantes introduisent ce concert floral en premi\u00e8re partie.<\/p>\n<p><strong>Lundi 10\u00a0novembre,<\/strong> \u00e0 20\u00a0h\u00a030, \u00e0 la chapelle de l\u2019Immacul\u00e9e-Conception, rue Malherbe, \u00e0 Nantes, de 3\u00a0\u20ac \u00e0 20\u00a0\u20ac (gratuit moins de 18\u00a0ans et \u00e9l\u00e8ves du conservatoire de Nantes)\u00a0; abonnement \u00e0 trois\u00a0concerts, 30\u00a0\u20ac et\u00a050\u00a0\u20ac, ou \u00e0 cinq\u00a0concerts, 48\u00a0\u20ac et 80\u00a0\u20ac, t\u00e9l.\u00a002\u00a052\u00a010\u00a016\u00a021, stradivaria.org\/les-apartes.<\/p>\n<p>\u00a0<\/p>\n","protected":false},"excerpt":{"rendered":"Chants d\u2019oiseaux, portraits d\u2019animaux, tremblements de terre, temp\u00eates, orages et autres manifestations de la nature inspirent les compositeurs.&hellip;\n","protected":false},"author":2,"featured_media":526463,"comment_status":"","ping_status":"","sticky":false,"template":"","format":"standard","meta":{"footnotes":""},"categories":[2818],"tags":[1111,11,9730,1777,674,1011,27,42142,873,766,2742,12,2636,25],"class_list":{"0":"post-526462","1":"post","2":"type-post","3":"status-publish","4":"format-standard","5":"has-post-thumbnail","7":"category-nantes","8":"tag-actu","9":"tag-actualites","10":"tag-baroque","11":"tag-eu","12":"tag-europe","13":"tag-fr","14":"tag-france","15":"tag-inspire","16":"tag-musique","17":"tag-nantes","18":"tag-nature","19":"tag-news","20":"tag-pays-de-la-loire","21":"tag-republique-francaise"},"share_on_mastodon":{"url":"https:\/\/pubeurope.com\/@fr\/115529405157893088","error":""},"_links":{"self":[{"href":"https:\/\/www.europesays.com\/fr\/wp-json\/wp\/v2\/posts\/526462","targetHints":{"allow":["GET"]}}],"collection":[{"href":"https:\/\/www.europesays.com\/fr\/wp-json\/wp\/v2\/posts"}],"about":[{"href":"https:\/\/www.europesays.com\/fr\/wp-json\/wp\/v2\/types\/post"}],"author":[{"embeddable":true,"href":"https:\/\/www.europesays.com\/fr\/wp-json\/wp\/v2\/users\/2"}],"replies":[{"embeddable":true,"href":"https:\/\/www.europesays.com\/fr\/wp-json\/wp\/v2\/comments?post=526462"}],"version-history":[{"count":0,"href":"https:\/\/www.europesays.com\/fr\/wp-json\/wp\/v2\/posts\/526462\/revisions"}],"wp:featuredmedia":[{"embeddable":true,"href":"https:\/\/www.europesays.com\/fr\/wp-json\/wp\/v2\/media\/526463"}],"wp:attachment":[{"href":"https:\/\/www.europesays.com\/fr\/wp-json\/wp\/v2\/media?parent=526462"}],"wp:term":[{"taxonomy":"category","embeddable":true,"href":"https:\/\/www.europesays.com\/fr\/wp-json\/wp\/v2\/categories?post=526462"},{"taxonomy":"post_tag","embeddable":true,"href":"https:\/\/www.europesays.com\/fr\/wp-json\/wp\/v2\/tags?post=526462"}],"curies":[{"name":"wp","href":"https:\/\/api.w.org\/{rel}","templated":true}]}}