{"id":526473,"date":"2025-11-11T05:33:11","date_gmt":"2025-11-11T05:33:11","guid":{"rendered":"https:\/\/www.europesays.com\/fr\/526473\/"},"modified":"2025-11-11T05:33:11","modified_gmt":"2025-11-11T05:33:11","slug":"kiabi-lance-son-festival-de-la-seconde-main-avec-de-tout-petits-prix","status":"publish","type":"post","link":"https:\/\/www.europesays.com\/fr\/526473\/","title":{"rendered":"Kiabi lance son festival de la seconde main avec de tout petits prix"},"content":{"rendered":"<p>            Par<br \/>\n        <strong><br \/>\n            <a href=\"https:\/\/actu.fr\/auteur\/nicolas-demollien\" title=\"Consulter tous les articles de Nicolas Demollien\" target=\"_blank\" rel=\"noopener\">Nicolas Demollien<\/a><br \/>\n        <\/strong><\/p>\n<p>        Publi\u00e9 le<\/p>\n<p>            11 nov. 2025 \u00e0 6h04        <\/p>\n<p>Voil\u00e0 qui promet de <b>tr\u00e8s belles affaires<\/b> ! Vendredi 14 et samedi 15 novembre 2025, le <b>Kiabi Village<\/b> de <a href=\"https:\/\/actu.fr\/hauts-de-france\/lezennes_59346\" target=\"_blank\" rel=\"noopener\">Lezennes<\/a> (2, avenue de l\u2019Avenir), \u00e0 deux pas de <a href=\"https:\/\/actu.fr\/hauts-de-france\/lille_59350\" target=\"_blank\" rel=\"noopener\">Lille<\/a> (Nord), organise un <b>grand festival<\/b> de la <a href=\"https:\/\/actu.fr\/tag\/seconde-main\" target=\"_blank\" rel=\"noopener\">seconde main<\/a>. Les organisateurs promettent \u00ab\u00a0deux jours d\u00e9di\u00e9s \u00e0 la <b>mode responsable<\/b>, aux <b>bons plans<\/b> et aux <b>trouvailles uniques<\/b>\u00ab\u00a0. Le tout \u00e0 <b>petits prix<\/b> !<\/p>\n<p>Bon plan pr\u00e8s de Lille : un festival de la seconde main chez Kiabi Village<\/p>\n<p class=\" wall-content\">L\u2019\u00e9v\u00e9nement se tiendra de 11h \u00e0 18h durant les deux jours. Le concept est simple : une <b>grande vente de v\u00eatements<\/b> au prix de seulement <b>5\u20ac le kilo<\/b> avec des pi\u00e8ces pour toute la famille : \u00ab\u00a0b\u00e9b\u00e9, enfant, femme, homme, chaussure enfant\u00a0\u00bb, promettent les organisateurs.<\/p>\n<p class=\" wall-content\">Et ce n\u2019est pas tout puisque vous trouverez \u00e9galement sur place <b>cinq\u00a0stands de particuliers par jour<\/b>, avec paiement direct entre particuliers.<\/p>\n<p class=\" wall-content\">Enfin, pour que la f\u00eate soit compl\u00e8te, vous pourrez \u00e9galement profiter d\u2019<b>animations et activit\u00e9s <\/b>pour petits et grands : atelier de customisation, bar \u00e0 paillettes, foodtruck, \u00ab\u00a0et d\u2019autres surprises \u00e0 d\u00e9couvrir sur place\u00a0\u00bb, promet-on encore du c\u00f4t\u00e9 de <a href=\"https:\/\/actu.fr\/hauts-de-france\/lezennes_59346\/lezennes-le-kiabi-village-bien-plus-quun-magasin-2_61694874.html\" target=\"_blank\" rel=\"noopener\">Kiabi Village<\/a>.<br \/>A ne pas rater !<\/p>\n<p>    <a href=\"https:\/\/www.facebook.com\/plugins\/post.php?href=https%3A%2F%2Fwww.facebook.com%2Fpermalink.php%3Fstory_fbid%3Dpfbid02TaWPNLadAJsZo5zvE2JtY7cUEE6Ko6kNpLNKkKkTQ14avWHZC4WQ3BA8vJs5QgUql%26id%3D61570916384869&amp;show_text=true&amp;width=350\" title=\"Ouvrie le lien\" target=\"_blank\" rel=\"noopener\">Cliquez ici pour visualiser le contenu<\/a><\/p>\n<p class=\" wall-content\">Plus d\u2019infos sur le magasin sur le site <a href=\"https:\/\/www.kiabi.com\/magasin\/kiabi-VILLAGE_FMVILL2\" target=\"_blank\" rel=\"noopener\">kiabi.com<\/a><\/p>\n<p class=\" wall-content\">Personnalisez votre actualit\u00e9 en ajoutant vos villes et m\u00e9dias en favori avec <a href=\"https:\/\/moncompte.actu.fr\" title=\"D\u00e9couvez Mon Actu\" rel=\"nofollow noopener\" data-trk=\"{&quot;cta&quot;:{&quot;action&quot;:&quot;https:\\\/\\\/moncompte.actu.fr&quot;,&quot;category&quot;:&quot;mon compte&quot;,&quot;from&quot;:&quot;article footer&quot;,&quot;name&quot;:&quot;Mon actu&quot;,&quot;type&quot;:&quot;cta&quot;}}\" target=\"_blank\">Mon Actu<\/a>.<\/p>\n","protected":false},"excerpt":{"rendered":"Par Nicolas Demollien Publi\u00e9 le 11 nov. 2025 \u00e0 6h04 Voil\u00e0 qui promet de tr\u00e8s belles affaires !&hellip;\n","protected":false},"author":2,"featured_media":526474,"comment_status":"","ping_status":"","sticky":false,"template":"","format":"standard","meta":{"footnotes":""},"categories":[2815],"tags":[1111,11,6557,1777,674,1011,27,811,1307,1652,12,25,7167],"class_list":{"0":"post-526473","1":"post","2":"type-post","3":"status-publish","4":"format-standard","5":"has-post-thumbnail","7":"category-lille","8":"tag-actu","9":"tag-actualites","10":"tag-bon-plan-a-lille","11":"tag-eu","12":"tag-europe","13":"tag-fr","14":"tag-france","15":"tag-hauts-de-france","16":"tag-lille","17":"tag-loisirs-culture","18":"tag-news","19":"tag-republique-francaise","20":"tag-seconde-main"},"share_on_mastodon":{"url":"https:\/\/pubeurope.com\/@fr\/115529436809026989","error":""},"_links":{"self":[{"href":"https:\/\/www.europesays.com\/fr\/wp-json\/wp\/v2\/posts\/526473","targetHints":{"allow":["GET"]}}],"collection":[{"href":"https:\/\/www.europesays.com\/fr\/wp-json\/wp\/v2\/posts"}],"about":[{"href":"https:\/\/www.europesays.com\/fr\/wp-json\/wp\/v2\/types\/post"}],"author":[{"embeddable":true,"href":"https:\/\/www.europesays.com\/fr\/wp-json\/wp\/v2\/users\/2"}],"replies":[{"embeddable":true,"href":"https:\/\/www.europesays.com\/fr\/wp-json\/wp\/v2\/comments?post=526473"}],"version-history":[{"count":0,"href":"https:\/\/www.europesays.com\/fr\/wp-json\/wp\/v2\/posts\/526473\/revisions"}],"wp:featuredmedia":[{"embeddable":true,"href":"https:\/\/www.europesays.com\/fr\/wp-json\/wp\/v2\/media\/526474"}],"wp:attachment":[{"href":"https:\/\/www.europesays.com\/fr\/wp-json\/wp\/v2\/media?parent=526473"}],"wp:term":[{"taxonomy":"category","embeddable":true,"href":"https:\/\/www.europesays.com\/fr\/wp-json\/wp\/v2\/categories?post=526473"},{"taxonomy":"post_tag","embeddable":true,"href":"https:\/\/www.europesays.com\/fr\/wp-json\/wp\/v2\/tags?post=526473"}],"curies":[{"name":"wp","href":"https:\/\/api.w.org\/{rel}","templated":true}]}}