{"id":526492,"date":"2025-11-11T05:45:25","date_gmt":"2025-11-11T05:45:25","guid":{"rendered":"https:\/\/www.europesays.com\/fr\/526492\/"},"modified":"2025-11-11T05:45:25","modified_gmt":"2025-11-11T05:45:25","slug":"cest-quoi-cette-coupe-du-monde-de-foot-unifie-que-paris-va-accueillir-en-2026","status":"publish","type":"post","link":"https:\/\/www.europesays.com\/fr\/526492\/","title":{"rendered":"c&rsquo;est quoi cette coupe du monde de \u00ab\u00a0foot unifi\u00e9\u00a0\u00bb que Paris va accueillir en 2026\u00a0?"},"content":{"rendered":"<p>            Par<br \/>\n        <strong><br \/>\n            <a href=\"https:\/\/actu.fr\/auteur\/glenn-gillet\" title=\"Consulter tous les articles de Glenn Gillet\" rel=\"nofollow noopener\" target=\"_blank\">Glenn Gillet<\/a><br \/>\n        <\/strong><\/p>\n<p>        Publi\u00e9 le<\/p>\n<p>            11 nov. 2025 \u00e0 6h26        <\/p>\n<p>\u00ab\u2009Une occasion unique de promouvoir le <strong>pouvoir inclusif<\/strong> du <a href=\"https:\/\/actu.fr\/ile-de-france\/paris_75056\/il-ne-cherchait-pas-la-lumiere-a-paris-vif-emoi-dans-le-club-de-foot-de-l-ado-tue-devant-le-lycee-rodin_62035162.html\" rel=\"nofollow noopener\" target=\"_blank\">football<\/a>\u2009\u00bb. La Ville de Paris a annonc\u00e9 mercredi 5\u00a0novembre 2025 que la capitale a \u00e9t\u00e9 retenue pour accueillir en <strong>juillet\u00a02026<\/strong> une comp\u00e9tition <a href=\"https:\/\/actu.fr\/sports\" rel=\"nofollow noopener\" target=\"_blank\">sportive<\/a> qui n\u2019a encore jamais eu lieu en Europe\u2009: la <a href=\"https:\/\/actu.fr\/tag\/coupe-du-monde\" rel=\"nofollow noopener\" target=\"_blank\">Coupe du monde<\/a> de <strong>football unifi\u00e9<\/strong>. Mais de quoi s\u2019agit-il concr\u00e8tement\u2009? On fait le point.<\/p>\n<p>324\u00a0joueuses et joueurs, 24\u00a0\u00e9quipes\u2026<\/p>\n<p class=\" wall-content\">L\u2019id\u00e9e du sport \u00ab\u2009unifi\u00e9\u2009\u00bb est n\u00e9 aux \u00c9tats-Unis et vise \u00e0 faire concourir des sportifs atteints de <strong>d\u00e9ficiences mentales<\/strong> et de sportif valides. Le principe se retrouve dans cette Coupe du monde de football d\u2019un nouveau genre, qui ne comptait jusqu\u2019ici que deux seules \u00e9ditions qui s\u2019\u00e9taient toutes deux d\u00e9roul\u00e9es aux \u00c9tats-Unis (\u00e0 Chicago en 2018 et Detroit en 2022).<\/p>\n<p class=\" wall-content\">L\u2019\u00e9v\u00e9nement se d\u00e9roulera du 2 au 12\u00a0juillet 2026 au <strong>Stade Charl\u00e9ty<\/strong> (13e arrondissement) et r\u00e9unira 324\u00a0joueurs et joueuses r\u00e9parties dans 24\u00a0\u00e9quipes nationales (12\u00a0\u00e9quipes f\u00e9minines et 12\u00a0\u00e9quipes masculines) accompagn\u00e9es chacune de deux entra\u00eeneurs. \u00ab\u2009Sans oublier 500 membres des familles d\u2019athl\u00e8tes et plus de 450\u00a0b\u00e9n\u00e9voles\u2009\u00bb, indique la Ville de Paris.<\/p>\n<p class=\" wall-content\">\u00ab\u2009Apr\u00e8s les Jeux olympiques et paralympiques de 2024, Paris deviendra ainsi la capitale mondiale du football inclusif en juillet\u00a02026 en accueillant cette Coupe du monde\u2009\u00bb, revendique la mairie.<\/p>\n<p class=\" wall-content\">En 2022, c\u2019\u00e9tait la Jama\u00efque qui avait remport\u00e9 la comp\u00e9tition chez les hommes et le Guatemala chez les femmes. La France \u00e9tait quant \u00e0 elle sortie <strong>victorieuse de la premi\u00e8re \u00e9dition en 2018<\/strong> dans la comp\u00e9tition masculine.<\/p>\n<p class=\" wall-content\">Personnalisez votre actualit\u00e9 en ajoutant vos villes et m\u00e9dias en favori avec <a href=\"https:\/\/moncompte.actu.fr\" title=\"D\u00e9couvez Mon Actu\" rel=\"nofollow noopener\" data-trk=\"{&quot;cta&quot;:{&quot;action&quot;:&quot;https:\\\/\\\/moncompte.actu.fr&quot;,&quot;category&quot;:&quot;mon compte&quot;,&quot;from&quot;:&quot;article footer&quot;,&quot;name&quot;:&quot;Mon actu&quot;,&quot;type&quot;:&quot;cta&quot;}}\" target=\"_blank\">Mon Actu<\/a>.<\/p>\n","protected":false},"excerpt":{"rendered":"Par Glenn Gillet Publi\u00e9 le 11 nov. 2025 \u00e0 6h26 \u00ab\u2009Une occasion unique de promouvoir le pouvoir inclusif&hellip;\n","protected":false},"author":2,"featured_media":526493,"comment_status":"","ping_status":"","sticky":false,"template":"","format":"standard","meta":{"footnotes":""},"categories":[1888],"tags":[11,451,1777,674,63,1011,27,1943,12,626,25,517,60],"class_list":{"0":"post-526492","1":"post","2":"type-post","3":"status-publish","4":"format-standard","5":"has-post-thumbnail","7":"category-paris","8":"tag-actualites","9":"tag-coupe-du-monde","10":"tag-eu","11":"tag-europe","12":"tag-football","13":"tag-fr","14":"tag-france","15":"tag-handicap","16":"tag-news","17":"tag-paris","18":"tag-republique-francaise","19":"tag-sport","20":"tag-sports"},"share_on_mastodon":{"url":"https:\/\/pubeurope.com\/@fr\/115529483884565452","error":""},"_links":{"self":[{"href":"https:\/\/www.europesays.com\/fr\/wp-json\/wp\/v2\/posts\/526492","targetHints":{"allow":["GET"]}}],"collection":[{"href":"https:\/\/www.europesays.com\/fr\/wp-json\/wp\/v2\/posts"}],"about":[{"href":"https:\/\/www.europesays.com\/fr\/wp-json\/wp\/v2\/types\/post"}],"author":[{"embeddable":true,"href":"https:\/\/www.europesays.com\/fr\/wp-json\/wp\/v2\/users\/2"}],"replies":[{"embeddable":true,"href":"https:\/\/www.europesays.com\/fr\/wp-json\/wp\/v2\/comments?post=526492"}],"version-history":[{"count":0,"href":"https:\/\/www.europesays.com\/fr\/wp-json\/wp\/v2\/posts\/526492\/revisions"}],"wp:featuredmedia":[{"embeddable":true,"href":"https:\/\/www.europesays.com\/fr\/wp-json\/wp\/v2\/media\/526493"}],"wp:attachment":[{"href":"https:\/\/www.europesays.com\/fr\/wp-json\/wp\/v2\/media?parent=526492"}],"wp:term":[{"taxonomy":"category","embeddable":true,"href":"https:\/\/www.europesays.com\/fr\/wp-json\/wp\/v2\/categories?post=526492"},{"taxonomy":"post_tag","embeddable":true,"href":"https:\/\/www.europesays.com\/fr\/wp-json\/wp\/v2\/tags?post=526492"}],"curies":[{"name":"wp","href":"https:\/\/api.w.org\/{rel}","templated":true}]}}