{"id":526494,"date":"2025-11-11T05:46:22","date_gmt":"2025-11-11T05:46:22","guid":{"rendered":"https:\/\/www.europesays.com\/fr\/526494\/"},"modified":"2025-11-11T05:46:22","modified_gmt":"2025-11-11T05:46:22","slug":"le-resultat-des-investigations-sur-le-sabotage-de-nordstream-pourrait-causer-du-tort-a-lukraine","status":"publish","type":"post","link":"https:\/\/www.europesays.com\/fr\/526494\/","title":{"rendered":"Le r\u00e9sultat des investigations sur le sabotage de NordStream pourrait causer du tort \u00e0 l\u2019Ukraine"},"content":{"rendered":"<p>La guerre avait d\u00e9but\u00e9 six mois auparavant. Les combats, d\u00e9j\u00e0, faisaient rage entre l\u2019Ukraine et la Russie. Le 26 septembre 2022, le <a href=\"https:\/\/www.geo.fr\/geopolitique\/guerre-en-ukraine-les-gazoducs-meilleurs-allies-des-forces-russes-face-a-kiev-228733\" target=\"_blank\" rel=\"noopener\">gazoduc russe<\/a> NordStream 2 a \u00e9t\u00e9 sabot\u00e9, occasionnant de tr\u00e8s grandes fuites de gaz et des <a href=\"https:\/\/www.geo.fr\/environnement\/nos-emissions-de-co2-mettent-en-peril-les-satellites-d-apres-des-scientifiques-du-mit-225038\" target=\"_blank\" rel=\"noopener\">\u00e9missions de CO2 <\/a>\u00e9quivalentes \u00e0 celles du Danemark sur une ann\u00e9e enti\u00e8re. Depuis plus de trois ans, des enqu\u00eateurs allemands, bas\u00e9s \u00e0 Potsdam, tentent de comprendre qui est derri\u00e8re ce sabotage. Ils sont parvenus \u00e0 la conclusion qu\u2019il s\u2019agissait d\u2019une action ukrainienne. Et cela pourrait remettre en question l\u2019aide apport\u00e9e \u00e0 Kiev par l\u2019Europe, rapporte le<a href=\"https:\/\/www.wsj.com\/world\/europe\/the-nord-stream-investigation-thats-splintering-europe-over-ukraine-1735a7d9?mod=mhp\" target=\"_blank\" rel=\"noopener\"> Wall Street Journal.<\/a><\/p>\n<p>Les enqu\u00eateurs ont identifi\u00e9 deux suspects potentiels. Tous deux sont Ukrainiens. L\u2019un est actuellement en Pologne, l\u2019autre en Italie. Pour le moment, les deux pays ont refus\u00e9 de les extrader vers l\u2019Allemagne pour entamer des proc\u00e9dures judiciaires. En Pologne, le suspect est prot\u00e9g\u00e9 par le pouvoir. Le Premier ministre Donald Tusk a fait savoir qu\u2019il \u00e9tait contre les investigations autour du sabotage. Le probl\u00e8me, dit-il, n\u2019est pas que le gazoduc ait \u00e9t\u00e9 d\u00e9truit, \u00ab\u00a0le probl\u00e8me c\u2019est qu\u2019il ait \u00e9t\u00e9 construit\u00a0\u00bb.<\/p>\n<p>Un sabotage qui a entra\u00een\u00e9 une crise en Europe<\/p>\n<p>Si l\u2019Allemagne est particuli\u00e8rement engag\u00e9e dans cette enqu\u00eate, c\u2019est parce que NordStream 2 lui permettait d\u2019acqu\u00e9rir une large partie de son gaz naturel avant 2022. Avec ses quelque 1 220 kilom\u00e8tres de tuyaux sous la mer Baltique, le gazoduc fournissait une grande partie de l\u2019Europe en \u00e9nergie, Berlin en premier lieu. D\u00e8s<a href=\"https:\/\/www.geo.fr\/geopolitique\/guerre-en-ukraine-la-russie-prepare-une-deuxieme-vague-d-invasion-derriere-le-front-227974\" target=\"_blank\" rel=\"noopener\"> l\u2019invasion de l\u2019Ukraine par la Russie<\/a>, en f\u00e9vrier 2022, l\u2019Union europ\u00e9enne s\u2019est interrog\u00e9e sur la place \u00e0 laisser \u00e0 ce gazoduc et au pouvoir qu\u2019il conf\u00e9rait \u00e0 Moscou. Le sabotage de septembre 2022 a clos le d\u00e9bat.<\/p>\n<p>Lors du sabotage, quelques voix se sont \u00e9lev\u00e9es pour accuser la Russie. Le Kremlin, lui, a point\u00e9 du doigt les \u00c9tats-Unis et le Royaume-Uni. Mais l\u2019enqu\u00eate allemande semble laisser peu de doutes sur les v\u00e9ritables responsables. Pour les inspecteurs, une<a href=\"https:\/\/www.geo.fr\/geopolitique\/un-recit-captivant-une-unite-elite-ukrainienne-relate-la-capture-incroyable-soldat-nord-coreen-allie-russes-224289\" target=\"_blank\" rel=\"noopener\"> unit\u00e9 d\u2019\u00e9lite ukrainienne<\/a>, alors dirig\u00e9e par le commandant g\u00e9n\u00e9ral Valeriy Zaluzhniy, est derri\u00e8re le sabotage.<\/p>\n<p>Comment les Allemands vont-ils accueillir les r\u00e9sultats de l\u2019enqu\u00eate ?<\/p>\n<p>Pour remonter sur la piste des saboteurs pr\u00e9sum\u00e9s, les enqu\u00eateurs allemands ont traqu\u00e9 les plaques d\u2019immatriculation des bateaux utilis\u00e9s lors de l\u2019attaque et, gr\u00e2ce \u00e0 des logiciels de reconnaissance faciale, r\u00e9ussi \u00e0 retrouver certains plongeurs. L\u2019un d\u2019eux, lorsque les Allemands se sont fait trop proches de la v\u00e9rit\u00e9, a \u00e9t\u00e9 conduit en Pologne. Il y est encore aujourd\u2019hui.<\/p>\n<p>Quant au chef de l\u2019op\u00e9ration, selon l\u2019enqu\u00eate, il a \u00e9t\u00e9 traqu\u00e9 pendant de nombreux mois \u2013 les policiers ne connaissaient que son visage mais pas son vrai nom \u2013 avant d\u2019\u00eatre reconnu par la police aux fronti\u00e8res et d\u2019\u00eatre arr\u00eat\u00e9 en Italie, alors qu\u2019il \u00e9tait en vacances avec sa femme.<\/p>\n<p>Cet homme, Serhii K., 46 ans, qui clame son innocence, doit passer devant un tribunal italien en d\u00e9cembre, qui d\u00e9cidera ou non de son extradition vers l\u2019Allemagne. Si elle est accord\u00e9e, cela aura peut-\u00eatre des r\u00e9percussions sur le niveau d\u2019acceptation de la population allemande autour de l\u2019aide \u00e0 l\u2019Ukraine. Berlin est aujourd\u2019hui le plus gros contributeur europ\u00e9en \u00e0 cette aide. S\u2019il s\u2019av\u00e9rait que le sabotage de NordStream 2, qui a entra\u00een\u00e9 une crise \u00e9nerg\u00e9tique en Allemagne, a \u00e9t\u00e9 commandit\u00e9 par Kiev, la pilule pourrait avoir du mal \u00e0 passer.<\/p>\n","protected":false},"excerpt":{"rendered":"La guerre avait d\u00e9but\u00e9 six mois auparavant. Les combats, d\u00e9j\u00e0, faisaient rage entre l\u2019Ukraine et la Russie. Le&hellip;\n","protected":false},"author":2,"featured_media":526495,"comment_status":"","ping_status":"","sticky":false,"template":"","format":"standard","meta":{"footnotes":""},"categories":[1591],"tags":[10714,10715,11,1887,843,12,1885,1886,132,2475],"class_list":{"0":"post-526494","1":"post","2":"type-post","3":"status-publish","4":"format-standard","5":"has-post-thumbnail","7":"category-russie","8":"tag-actu-russie","9":"tag-actu-ukraine","10":"tag-actualites","11":"tag-federation-de-russie","12":"tag-gaz","13":"tag-news","14":"tag-russia","15":"tag-russian-federation","16":"tag-russie","17":"tag-union-europu00e9enne"},"share_on_mastodon":{"url":"https:\/\/pubeurope.com\/@fr\/115529487726308865","error":""},"_links":{"self":[{"href":"https:\/\/www.europesays.com\/fr\/wp-json\/wp\/v2\/posts\/526494","targetHints":{"allow":["GET"]}}],"collection":[{"href":"https:\/\/www.europesays.com\/fr\/wp-json\/wp\/v2\/posts"}],"about":[{"href":"https:\/\/www.europesays.com\/fr\/wp-json\/wp\/v2\/types\/post"}],"author":[{"embeddable":true,"href":"https:\/\/www.europesays.com\/fr\/wp-json\/wp\/v2\/users\/2"}],"replies":[{"embeddable":true,"href":"https:\/\/www.europesays.com\/fr\/wp-json\/wp\/v2\/comments?post=526494"}],"version-history":[{"count":0,"href":"https:\/\/www.europesays.com\/fr\/wp-json\/wp\/v2\/posts\/526494\/revisions"}],"wp:featuredmedia":[{"embeddable":true,"href":"https:\/\/www.europesays.com\/fr\/wp-json\/wp\/v2\/media\/526495"}],"wp:attachment":[{"href":"https:\/\/www.europesays.com\/fr\/wp-json\/wp\/v2\/media?parent=526494"}],"wp:term":[{"taxonomy":"category","embeddable":true,"href":"https:\/\/www.europesays.com\/fr\/wp-json\/wp\/v2\/categories?post=526494"},{"taxonomy":"post_tag","embeddable":true,"href":"https:\/\/www.europesays.com\/fr\/wp-json\/wp\/v2\/tags?post=526494"}],"curies":[{"name":"wp","href":"https:\/\/api.w.org\/{rel}","templated":true}]}}