{"id":526500,"date":"2025-11-11T05:49:31","date_gmt":"2025-11-11T05:49:31","guid":{"rendered":"https:\/\/www.europesays.com\/fr\/526500\/"},"modified":"2025-11-11T05:49:31","modified_gmt":"2025-11-11T05:49:31","slug":"royaume-uni-donald-trump-menace-la-bbc-dune-action-en-justice-et-dune-plainte-a-1-milliard-de-dollars-actualites","status":"publish","type":"post","link":"https:\/\/www.europesays.com\/fr\/526500\/","title":{"rendered":"Royaume-Uni : Donald Trump menace la BBC d&rsquo;une action en justice et d&rsquo;une plainte \u00e0 1 milliard de dollars : Actualit\u00e9s"},"content":{"rendered":"<p class=\"lead \"><strong>Malgr\u00e9 plusieurs d\u00e9missions \u00e0 la BBC, Donald Trump n&rsquo;en a pas fini avec son nouvel ennemi. Il menace la grande cha\u00eene britannique d&rsquo;une action en justice et pourrait lui r\u00e9clamer un milliard de dollars de dommages et int\u00e9r\u00eats avant le 14 novembre.<\/strong><\/p>\n<p class=\"lead \">Donald Trump s&rsquo;est fait des ennemis chez les m\u00e9dias d&rsquo;opposition, o\u00f9 certains journalistes, chroniqueurs ou encore humoristes am\u00e9ricains <a href=\"https:\/\/actu.orange.fr\/economie\/les-geants-des-medias-cedent-aux-pressions-de-trump-par-calcul-economique-CNT000002kKKnx.html\" rel=\"nofollow noopener\" target=\"_blank\">ont \u00e9t\u00e9 pris pour cibles<\/a>. Le pr\u00e9sident des \u00c9tats-Unis en a aussi de l&rsquo;autre c\u00f4t\u00e9 de l&rsquo;Atlantique. <a href=\"https:\/\/www.tf1info.fr\/international\/royaume-uni-donald-trump-menace-desormais-la-bbc-d-une-plainte-a-1-milliard-de-dollars-2405899.html\" target=\"_blank\" rel=\"nofollow noopener\">Comme l&rsquo;indique TF1<\/a>, il menace la BBC d&rsquo;une action en justice. Et s&rsquo;il n&rsquo;obtient pas satisfaction d&rsquo;ici vendredi 14 novembre, le R\u00e9publicain r\u00e9clamera un milliard de dollars de dommages et int\u00e9r\u00eats.<\/p>\n<p class=\"lead \">Dans son collimateur, un documentaire diffus\u00e9 par la cha\u00eene en octobre 2024, soit quelques semaines avant la pr\u00e9sidentielle aux \u00c9tats-Unis. Et plus pr\u00e9cis\u00e9ment un passage, un discours \u2013 au montage qu&rsquo;il estime trompeur \u2013 du 6 janvier 2021 dans lequel il semble inciter ses partisans \u00e0 se \u00ab\u00a0battre comme des diables\u00a0\u00bb dans l&rsquo;assaut du Capitole \u00e0 Washington.<\/p>\n<p>                                                                                                Des figures de la cha\u00eene ont courb\u00e9 l&rsquo;\u00e9chine<\/p>\n<p class=\"lead \">Et m\u00eame avant toute poursuite, les menaces de Donald Trump n&rsquo;ont pas \u00e9t\u00e9 sans cons\u00e9quence. Le pr\u00e9sident du groupe audiovisuel public Samir Shah s&rsquo;est excus\u00e9. Puis, la pol\u00e9mique grandissant, son directeur g\u00e9n\u00e9ral, Tim Davie, et la patronne de la cha\u00eene d&rsquo;information du groupe BBC News, Deborah Turness, <a href=\"https:\/\/actu.orange.fr\/monde\/montage-truque-d-un-discours-de-trump-des-cadres-de-la-bbc-pousses-a-la-demission-magic-CNT000002lEoVs.html\" rel=\"nofollow noopener\" target=\"_blank\">ont annonc\u00e9  leur d\u00e9mission<\/a> dimanche 9 novembre.<\/p>\n<p class=\"lead \">\u00c0 travers une lettre consult\u00e9e par la cha\u00eene pro-Trump Fox News, le pr\u00e9sident des \u00c9tats-Unis exige une r\u00e9tractation des \u00ab\u00a0propos faux, diffamatoires, d\u00e9nigrants et incendiaires\u00a0\u00bb. \u00ab\u00a0Nous allons examiner la lettre et y r\u00e9pondre directement en temps voulu\u00a0\u00bb, a indiqu\u00e9 un porte-parole de la BBC.<\/p>\n<p class=\"small font-weight-bold text-gray3 \"> publi\u00e9 le 10 novembre \u00e0 21h15, Emilien Decelle, 6Medias<\/p>\n<p>                             Partager<\/p>\n","protected":false},"excerpt":{"rendered":"Malgr\u00e9 plusieurs d\u00e9missions \u00e0 la BBC, Donald Trump n&rsquo;en a pas fini avec son nouvel ennemi. Il menace&hellip;\n","protected":false},"author":2,"featured_media":526501,"comment_status":"","ping_status":"","sticky":false,"template":"","format":"standard","meta":{"footnotes":""},"categories":[1588],"tags":[11,1777,674,12,473,1853,1851,1850,1852],"class_list":{"0":"post-526500","1":"post","2":"type-post","3":"status-publish","4":"format-standard","5":"has-post-thumbnail","7":"category-royaume-uni","8":"tag-actualites","9":"tag-eu","10":"tag-europe","11":"tag-news","12":"tag-royaume-uni","13":"tag-royaume-uni-de-grande-bretagne-et-dirlande-du-nord","14":"tag-uk","15":"tag-united-kingdom","16":"tag-united-kingdom-of-great-britain-and-northern-ireland"},"share_on_mastodon":{"url":"https:\/\/pubeurope.com\/@fr\/115529499602671272","error":""},"_links":{"self":[{"href":"https:\/\/www.europesays.com\/fr\/wp-json\/wp\/v2\/posts\/526500","targetHints":{"allow":["GET"]}}],"collection":[{"href":"https:\/\/www.europesays.com\/fr\/wp-json\/wp\/v2\/posts"}],"about":[{"href":"https:\/\/www.europesays.com\/fr\/wp-json\/wp\/v2\/types\/post"}],"author":[{"embeddable":true,"href":"https:\/\/www.europesays.com\/fr\/wp-json\/wp\/v2\/users\/2"}],"replies":[{"embeddable":true,"href":"https:\/\/www.europesays.com\/fr\/wp-json\/wp\/v2\/comments?post=526500"}],"version-history":[{"count":0,"href":"https:\/\/www.europesays.com\/fr\/wp-json\/wp\/v2\/posts\/526500\/revisions"}],"wp:featuredmedia":[{"embeddable":true,"href":"https:\/\/www.europesays.com\/fr\/wp-json\/wp\/v2\/media\/526501"}],"wp:attachment":[{"href":"https:\/\/www.europesays.com\/fr\/wp-json\/wp\/v2\/media?parent=526500"}],"wp:term":[{"taxonomy":"category","embeddable":true,"href":"https:\/\/www.europesays.com\/fr\/wp-json\/wp\/v2\/categories?post=526500"},{"taxonomy":"post_tag","embeddable":true,"href":"https:\/\/www.europesays.com\/fr\/wp-json\/wp\/v2\/tags?post=526500"}],"curies":[{"name":"wp","href":"https:\/\/api.w.org\/{rel}","templated":true}]}}