{"id":526502,"date":"2025-11-11T05:50:26","date_gmt":"2025-11-11T05:50:26","guid":{"rendered":"https:\/\/www.europesays.com\/fr\/526502\/"},"modified":"2025-11-11T05:50:26","modified_gmt":"2025-11-11T05:50:26","slug":"lallemagne-a-besoin-de-democrates-engages-selon-steinmeier","status":"publish","type":"post","link":"https:\/\/www.europesays.com\/fr\/526502\/","title":{"rendered":"L&rsquo;Allemagne a besoin de \u201cd\u00e9mocrates engag\u00e9s\u201d, selon Steinmeier"},"content":{"rendered":"<p class=\"mb-4 text-lg md:leading-8 break-words\">Les mots utilis\u00e9s par le pr\u00e9sident f\u00e9d\u00e9ral allemand Frank-Walter Steinmeier dimanche (09.11.25) au palais de Bellevue \u00e0 Berlin en Allemagne \u00e9taient exceptionnellement clairs et tranch\u00e9s : prononcer un discours le 9 novembre est certainement l&rsquo;une des t\u00e2ches les plus difficiles pour un chef d&rsquo;Etat allemand.<\/p>\n<p class=\"mb-4 text-lg md:leading-8 break-words\">Le 9 novembre marque \u00e0 trois reprises le destin de l&rsquo;Allemagne, pour le meilleur et pour le pire : le 9 novembre 1918, le social-d\u00e9mocrate Philipp Scheidemann proclame la R\u00e9publique depuis le Reichstag, une r\u00e9publique qui sera ensuite an\u00e9antie par les nationaux-socialistes \u00e0 partir de 1933. Dans la nuit du 9 au 10 novembre 1938, les nazis et leurs collaborateurs se livrent \u00e0 des violences ouvertes contre les citoyens juifs ; des synagogues sont incendi\u00e9es \u00e0 travers l&rsquo;Allemagne. Enfin le 9 novembre 1989, les dirigeants est-allemands, presque par inadvertance, ouvrent les fronti\u00e8res avec l&rsquo;Allemagne de l&rsquo;Ouest apr\u00e8s des mois de manifestations de masse. Le mur de Berlin tombe.<\/p>\n<p class=\"mb-4 text-lg md:leading-8 break-words\">Le 9 novembre est donc toujours synonyme de d\u00e9mocratie en Allemagne, de qu\u00eate de libert\u00e9 et de dangers auxquels elle est expos\u00e9e. Et aujourd&rsquo;hui, elle est de nouveau menac\u00e9e. Le pr\u00e9sident Frank-Walter Steinmeier, qui reste en fonction jusqu&rsquo;en mars 2027, ne l&rsquo;a pas cach\u00e9. Il a d\u00e9clar\u00e9 que la menace qui p\u00e8se sur la d\u00e9mocratie provient principalement de l&rsquo;extr\u00e9misme de droite et, au niveau des partis politiques, plus particuli\u00e8rement de l&rsquo;Alternative pour l&rsquo;Allemagne (AfD), qui est d&rsquo;extr\u00eame droite. Le pr\u00e9sident f\u00e9d\u00e9ral l&rsquo;a clairement exprim\u00e9 sans nommer le parti. Cependant, il \u00e9tait \u00e9vident qu&rsquo;il le visait.<\/p>\n<p><img alt=\"Le 9 novembre le plus sombre de l'histoire allemande : en 1938, des synagogues ont br\u00fbl\u00e9 dans tout le pays&lt;span class=&quot;copyright&quot;&gt;akg-images\/picture alliance&lt;\/span&gt;\" loading=\"lazy\" width=\"960\" height=\"540\" decoding=\"async\" data-nimg=\"1\" class=\"rounded-lg\" style=\"color:transparent\" src=\"https:\/\/www.europesays.com\/fr\/wp-content\/uploads\/2025\/11\/4a521f3358548465bfd486a9d2fae37f.jpeg\"\/><\/p>\n<p>Le 9 novembre le plus sombre de l&rsquo;histoire allemande : en 1938, des synagogues ont br\u00fbl\u00e9 dans tout le paysakg-images\/picture alliance<\/p>\n<p>\u00ab\u00a0Ils profitent de la peur\u00a0\u00bb<\/p>\n<p class=\"mb-4 text-lg md:leading-8 break-words\">Pour Frank-Walter Steinmeier, \u00ab\u00a0la d\u00e9fense de la d\u00e9mocratie est l\u2019enjeu de notre \u00e9poque\u00a0\u00bb. Selon le pr\u00e9sident allemand, la d\u00e9mocratie est soumise \u00e0 une pression sans pr\u00e9c\u00e9dent depuis la fin de la Seconde Guerre mondiale : \u00ab\u00a0Les populistes et les extr\u00e9mistes se moquent des institutions d\u00e9mocratiques, pervertissent nos d\u00e9bats et profitent de la peur. Le tabou qui emp\u00eachait d\u2019afficher ouvertement un tel radicalisme n\u2019est plus d\u2019actualit\u00e9 pour beaucoup.\u00a0\u00bb Il explique que l\u2019antis\u00e9mitisme a fortement progress\u00e9 en Allemagne ces derniers temps, notamment depuis l\u2019attaque perp\u00e9tr\u00e9e contre Isra\u00ebl par le mouvement islamiste Hamas le 7 octobre 2023. L\u2019Allemagne, poursuit, son pr\u00e9sident f\u00e9d\u00e9ral, est menac\u00e9e par un agresseur russe qui souhaite d\u00e9truire l\u2019ordre de paix en place. Et, une fois de plus, par des forces d\u2019extr\u00eame droite \u00ab\u00a0qui s\u2019attaquent \u00e0 notre d\u00e9mocratie et gagnent le soutien de l\u2019opinion publique\u00a0\u00bb.<\/p>\n<p class=\"mb-4 text-lg md:leading-8 break-words\">Le pr\u00e9sident f\u00e9d\u00e9ral est-il autoris\u00e9 \u00e0 s&rsquo;exprimer aussi ouvertement ? Apr\u00e8s tout, l&rsquo;Alternative pour l&rsquo;Allemagne (AfD) a \u00e9t\u00e9 d\u00e9mocratiquement \u00e9lue,<a href=\"https:\/\/www.dw.com\/fr\/elections-en-allemagne-un-\u00e9lecteur-sur-cinq-a-vot\u00e9-afd\/a-71734818\" rel=\"nofollow noopener\" target=\"_blank\" data-ylk=\"slk:notamment lors des \u00e9lections f\u00e9d\u00e9rales de f\u00e9vrier dernier dernier o\u00f9 elle a obtenu 20,8 % des voix;elm:context_link;itc:0;sec:content-canvas\" class=\"link \">notamment lors des \u00e9lections f\u00e9d\u00e9rales de f\u00e9vrier dernier dernier o\u00f9 elle a obtenu 20,8 % des voix<\/a>. Le parti pourrait m\u00eame atteindre un score plus \u00e9lev\u00e9, jusqu&rsquo;\u00e0 40 %, selon les sondages actuels, lors des deux \u00e9lections r\u00e9gionales pr\u00e9vues l&rsquo;ann\u00e9e prochaine en Allemagne de l&rsquo;Est.<\/p>\n<p class=\"mb-4 text-lg md:leading-8 break-words\">Les r\u00e9actions ont \u00e9t\u00e9 v\u00e9h\u00e9mentes lundi, notamment du c\u00f4t\u00e9 de l&rsquo;AfD. \u00ab\u00a0Jamais un pr\u00e9sident f\u00e9d\u00e9ral n&rsquo;a abus\u00e9 de ses fonctions de cette mani\u00e8re\u00a0\u00bb, a d\u00e9clar\u00e9 Bernd Baumann, chef du groupe parlementaire de l&rsquo;AfD au parlement allemand, au journal Handelsblatt. En d\u00e9clarant que les Allemands doivent agir, Frank-Walter Steinmeier appellerait, selon cet \u00e9lu, la Cour constitutionnelle f\u00e9d\u00e9rale \u00e0 interdire l&rsquo;AfD. Le chef de l&rsquo;Etat voudrait, poursuit-il, emp\u00eacher toute \u00ab\u00a0coop\u00e9ration avec la force politique la plus importante d&rsquo;Allemagne selon les sondages\u00a0\u00bb et, \u00e0 l&rsquo;occasion de l&rsquo;anniversaire du 9 novembre, la placerait \u00ab\u00a0au m\u00eame rang que les meurtriers nazis\u00a0\u00bb.<\/p>\n<p class=\"mb-4 text-lg md:leading-8 break-words\">Bien que les conservateurs de la CDU\/CSU devancent l\u00e9g\u00e8rement l&rsquo;AfD dans le dernier sondage ARD-Deutschlandtrend, plusieurs sondages r\u00e9cents ont en r\u00e9alit\u00e9 montr\u00e9 que l&rsquo;AfD \u00e9tait en t\u00eate.<\/p>\n<p>L&rsquo;interdiction d&rsquo;un parti comme un dernier recours<\/p>\n<p class=\"mb-4 text-lg md:leading-8 break-words\">De fait, dans son discours, Frank-Walter Steinmeier a \u00e9galement \u00e9voqu\u00e9 la possibilit\u00e9 d&rsquo;interdire les partis d&rsquo;extr\u00eame droite, sans toutefois mentionner l&rsquo;AfD. Il a soulign\u00e9 que les obstacles \u00e0 une telle interdiction sont, \u00e0 juste titre, tr\u00e8s importants, m\u00eame si certains responsables politiques au pouvoir et dans l\u2019opposition y sont favorables. Pour le pr\u00e9sident allemand, \u00ab\u00a0l&rsquo;interdiction d&rsquo;un parti est l&rsquo;ultime rempart d&rsquo;une d\u00e9mocratie r\u00e9siliente. Mais je mets en garde contre l&rsquo;id\u00e9e qu&rsquo;il s&rsquo;agisse de la question cruciale. Quand \u2013 et si \u2013 cette mesure est appropri\u00e9e, si elle deviendra in\u00e9vitable, ce d\u00e9bat politique doit avoir lieu, et il a lieu\u00a0\u00bb. Le pr\u00e9sident f\u00e9d\u00e9ral estime que l&rsquo;extr\u00e9misme ne peut \u00eatre combattu qu&rsquo;au c\u0153ur de la soci\u00e9t\u00e9 : \u00ab\u00a0Ce dont nous avons besoin maintenant, ce sont des d\u00e9mocrates engag\u00e9s qui prennent la parole \u2013 au Parlement, dans les stades, au pub du coin, \u00e0 l&rsquo;\u00e9cole, \u00e0 l&rsquo;arr\u00eat de bus et au travail.\u00a0\u00bb Le discours de Frank-Walter Steinmeier a \u00e9t\u00e9 accueilli par des applaudissements enthousiastes de la part du public du palais de Bellevue.<\/p>\n<p class=\"mb-4 text-lg md:leading-8 break-words\">A plusieurs reprises, le pr\u00e9sident allemand, dont la fonction est honorifique en Allemagne, avait exprim\u00e9 sa profonde inqui\u00e9tude face aux tendances extr\u00e9mistes de droite en Allemagne. Mais en exprimant aussi ouvertement son opinion sur un parti allemand, m\u00eame sans le nommer, le pr\u00e9sident f\u00e9d\u00e9ral innove assur\u00e9ment et repousse les limites de sa fonction.<\/p>\n","protected":false},"excerpt":{"rendered":"Les mots utilis\u00e9s par le pr\u00e9sident f\u00e9d\u00e9ral allemand Frank-Walter Steinmeier dimanche (09.11.25) au palais de Bellevue \u00e0 Berlin&hellip;\n","protected":false},"author":2,"featured_media":526503,"comment_status":"","ping_status":"","sticky":false,"template":"","format":"standard","meta":{"footnotes":""},"categories":[1587],"tags":[11,672,1804,1805,1803,1777,674,32897,1801,41132,12,64591,32898,1802],"class_list":{"0":"post-526502","1":"post","2":"type-post","3":"status-publish","4":"format-standard","5":"has-post-thumbnail","7":"category-allemagne","8":"tag-actualites","9":"tag-allemagne","10":"tag-bundesrepublik-deutschland","11":"tag-de","12":"tag-deutschland","13":"tag-eu","14":"tag-europe","15":"tag-frank-walter-steinmeier","16":"tag-germany","17":"tag-l39allemagne","18":"tag-news","19":"tag-palais-de-bellevue","20":"tag-president-federal","21":"tag-republique-federale-dallemagne"},"share_on_mastodon":{"url":"https:\/\/pubeurope.com\/@fr\/115529504203981318","error":""},"_links":{"self":[{"href":"https:\/\/www.europesays.com\/fr\/wp-json\/wp\/v2\/posts\/526502","targetHints":{"allow":["GET"]}}],"collection":[{"href":"https:\/\/www.europesays.com\/fr\/wp-json\/wp\/v2\/posts"}],"about":[{"href":"https:\/\/www.europesays.com\/fr\/wp-json\/wp\/v2\/types\/post"}],"author":[{"embeddable":true,"href":"https:\/\/www.europesays.com\/fr\/wp-json\/wp\/v2\/users\/2"}],"replies":[{"embeddable":true,"href":"https:\/\/www.europesays.com\/fr\/wp-json\/wp\/v2\/comments?post=526502"}],"version-history":[{"count":0,"href":"https:\/\/www.europesays.com\/fr\/wp-json\/wp\/v2\/posts\/526502\/revisions"}],"wp:featuredmedia":[{"embeddable":true,"href":"https:\/\/www.europesays.com\/fr\/wp-json\/wp\/v2\/media\/526503"}],"wp:attachment":[{"href":"https:\/\/www.europesays.com\/fr\/wp-json\/wp\/v2\/media?parent=526502"}],"wp:term":[{"taxonomy":"category","embeddable":true,"href":"https:\/\/www.europesays.com\/fr\/wp-json\/wp\/v2\/categories?post=526502"},{"taxonomy":"post_tag","embeddable":true,"href":"https:\/\/www.europesays.com\/fr\/wp-json\/wp\/v2\/tags?post=526502"}],"curies":[{"name":"wp","href":"https:\/\/api.w.org\/{rel}","templated":true}]}}