{"id":526516,"date":"2025-11-11T05:59:17","date_gmt":"2025-11-11T05:59:17","guid":{"rendered":"https:\/\/www.europesays.com\/fr\/526516\/"},"modified":"2025-11-11T05:59:17","modified_gmt":"2025-11-11T05:59:17","slug":"pourquoi-serena-williams-porte-t-elle-un-patch-blanc-a-larriere-du-bras","status":"publish","type":"post","link":"https:\/\/www.europesays.com\/fr\/526516\/","title":{"rendered":"Pourquoi Serena Williams porte-t-elle un patch blanc \u00e0 l\u2019arri\u00e8re du bras ?"},"content":{"rendered":"<p>\n    Ce samedi 8 novembre, \u00e0 Los Angeles, la championne de tennis s\u2019est pr\u00e9sent\u00e9e au gala annuel de l\u2019organisation Baby2Baby avec un d\u00e9tail qui n\u2019a pas manqu\u00e9 d\u2019alerter.<\/p>\n<p class=\"fig-paragraph\">\u00ab\u00cates-vous diab\u00e9tique\u00a0?\u00bb, voici l\u2019un des nombreux commentaires laiss\u00e9s sous la publication Instagram de<a href=\"http:\/\/madame.lefigaro.fr\/celebrites\/chez-gucci-serena-williams-affiche-une-silhouette-tres-amincie-20250924\" target=\"_blank\" data-fig-type=\"Article\" rel=\"noopener nofollow\" data-gtm-custom-categorie=\"navigation\" data-gtm-custom-action=\"crossclick\" data-gtm-custom-label=\"Contextuel\" data-gtm-event=\"customEventSPE\" data-fig-domain=\"MADAME\">\u00a0Serena Williams\u00a0<\/a>post\u00e9e ce dimanche 9 novembre. Sur cette derni\u00e8re, l\u2019ancienne num\u00e9ro 1 mondiale du tennis f\u00e9minin prend la pose au photocall du gala Baby2Baby, une organisation nationale \u00e0 but non lucratif qui \u0153uvre aupr\u00e8s des m\u00e8res et des enfants dans le besoin. Si cette question est souvent revenue, c\u2019est en raison du patch rond plac\u00e9 \u00e0 l\u2019arri\u00e8re du bras de l\u2019ex championne, tr\u00e8s similaire \u00e0 un capteur de glyc\u00e9mie, un dispositif m\u00e9dical install\u00e9 dans le bras des personnes atteintes de diab\u00e8te.<\/p>\n<p class=\"fig-paragraph\">Serena Williams est en effet apparue \u00e0 l\u2019\u00e9v\u00e9nement californien dans une longue robe noire et blanche au col bardot, laissant apercevoir ce patch blanc et mettant en valeur sa silhouette tr\u00e8s amincie. Une perte de poids li\u00e9e \u00e0 son dernier\u00a0<a href=\"http:\/\/madame.lefigaro.fr\/beaute\/serena-williams-revele-avoir-pris-un-medicament-antidiabetique-decrie-pour-perdre-ses-kilos-de-grossesse-20250822\" target=\"_blank\" data-fig-type=\"Article\" rel=\"noopener nofollow\" data-gtm-custom-categorie=\"navigation\" data-gtm-custom-action=\"crossclick\" data-gtm-custom-label=\"Contextuel\" data-gtm-event=\"customEventSPE\" data-fig-domain=\"MADAME\">traitement \u00e0 base de GLP-1<\/a>, un m\u00e9dicament initialement con\u00e7u pour traiter le diab\u00e8te de type 2, dont elle avait fait la promotion. Allant jusqu\u2019\u00e0 devenir ambassadrice de la marque \u00abRo.co\u00bb, la laur\u00e9ate de 23 tournois du Grand Chelem fut la cible de nombreuses critiques du public, d\u00e9non\u00e7ant un virage commercial et non-\u00e9thique.<\/p>\n<p>                                    <a class=\"fig-a11y-skip a11y-hidden\" href=\"#fig-a11y-skip-main-inarticle\"><br \/>\n        Passer la publicit\u00e9<br \/>\n    <\/a><\/p>\n<p class=\"fig-paragraph\">Dans une interview accord\u00e9e au m\u00e9dia Today, elle expliquait\u00a0: \u00abEn tant qu\u2019athl\u00e8te et personne ayant tout essay\u00e9, je n\u2019arrivais tout simplement pas \u00e0 atteindre le poids id\u00e9al pour une sant\u00e9 optimale et croyez-moi, je ne prends pas de raccourcis\u00bb. Au-del\u00e0 de l\u2019aspect esth\u00e9tique, Serena Williams assurait aussi avoir \u00e9t\u00e9 motiv\u00e9e par une question de sant\u00e9, puisque le diab\u00e8te de type 2 a \u00e9t\u00e9 diagnostiqu\u00e9 dans sa famille. Ce patch rond serait donc un capteur de glyc\u00e9mie, qui permet de suivre son taux de sucre.<\/p>\n<p>Une pluie de c\u00e9l\u00e9brit\u00e9s<\/p>\n<p class=\"fig-paragraph\">Cette ann\u00e9e, Serena Williams recevait \u00e9galement le prix Giving Tree lors de la c\u00e9r\u00e9monie de Baby2Baby, l\u2019occasion pour elle de prononcer un discours devant l\u2019assembl\u00e9e. \u00abLorsque j\u2019ai accouch\u00e9 de ma fille Olivia et que j\u2019ai \u00e9t\u00e9 confront\u00e9e \u00e0 des complications graves, j\u2019avais acc\u00e8s aux soins et j\u2019\u00e9tais privil\u00e9gi\u00e9e, mais on ne m\u2019a pas \u00e9cout\u00e9e\u00bb, a-t-elle d\u00e9clar\u00e9. \u00abOn ne m\u2019a pas crue et j\u2019ai failli tout perdre. Les m\u00e8res font face \u00e0 ces dangers chaque jour, souvent en silence et, malheureusement, souvent invisibles. Trop d\u2019entre elles sont ignor\u00e9es lorsqu\u2019elles expriment leurs craintes. Trop d\u2019entre elles sont laiss\u00e9es sans soins, sans dignit\u00e9, sans le soutien qu\u2019elles m\u00e9ritent. C\u2019est pourquoi les actions de Baby2Baby en faveur de la sant\u00e9 maternelle, en plus de celles men\u00e9es aupr\u00e8s des b\u00e9b\u00e9s, me tiennent particuli\u00e8rement \u00e0 c\u0153ur\u00bb. Face \u00e0 elle, un parterre de c\u00e9l\u00e9brit\u00e9s assistait \u00e0 l\u2019\u00e9v\u00e9nement, \u00e0 l\u2019instar du\u00a0<a href=\"http:\/\/madame.lefigaro.fr\/royaute\/meghan-markle-et-le-prince-harry-s-offrent-une-sortie-en-amoureux-lors-d-un-match-de-base-ball-a-los-angeles-20251029\" target=\"_blank\" data-fig-type=\"Article\" rel=\"noopener nofollow\" data-gtm-custom-categorie=\"navigation\" data-gtm-custom-action=\"crossclick\" data-gtm-custom-label=\"Contextuel\" data-gtm-event=\"customEventSPE\" data-fig-domain=\"MADAME\">prince Harry et de Meghan Markle<\/a>, Alicia Keys, Paris Hilton, Sofia Richie Grainge ou encore Jessica Alba et Nicole Richie, pr\u00e9sentes chaque ann\u00e9e, entre autres. Et cette fois, l\u2019\u00e9v\u00e9nement, plac\u00e9 sous le signe du smoking, a atteint des sommets et a permis de r\u00e9colter la somme record de 18,5 millions de dollars.<\/p>\n","protected":false},"excerpt":{"rendered":"Ce samedi 8 novembre, \u00e0 Los Angeles, la championne de tennis s\u2019est pr\u00e9sent\u00e9e au gala annuel de l\u2019organisation&hellip;\n","protected":false},"author":2,"featured_media":526517,"comment_status":"","ping_status":"","sticky":false,"template":"","format":"standard","meta":{"footnotes":""},"categories":[1415],"tags":[1011,27,6116,15761,571,2201,60,1467],"class_list":{"0":"post-526516","1":"post","2":"type-post","3":"status-publish","4":"format-standard","5":"has-post-thumbnail","7":"category-tennis","8":"tag-fr","9":"tag-france","10":"tag-los-angeles","11":"tag-maternite","12":"tag-regime","13":"tag-serena-williams","14":"tag-sports","15":"tag-tennis"},"share_on_mastodon":{"url":"https:\/\/pubeurope.com\/@fr\/115529538838119160","error":""},"_links":{"self":[{"href":"https:\/\/www.europesays.com\/fr\/wp-json\/wp\/v2\/posts\/526516","targetHints":{"allow":["GET"]}}],"collection":[{"href":"https:\/\/www.europesays.com\/fr\/wp-json\/wp\/v2\/posts"}],"about":[{"href":"https:\/\/www.europesays.com\/fr\/wp-json\/wp\/v2\/types\/post"}],"author":[{"embeddable":true,"href":"https:\/\/www.europesays.com\/fr\/wp-json\/wp\/v2\/users\/2"}],"replies":[{"embeddable":true,"href":"https:\/\/www.europesays.com\/fr\/wp-json\/wp\/v2\/comments?post=526516"}],"version-history":[{"count":0,"href":"https:\/\/www.europesays.com\/fr\/wp-json\/wp\/v2\/posts\/526516\/revisions"}],"wp:featuredmedia":[{"embeddable":true,"href":"https:\/\/www.europesays.com\/fr\/wp-json\/wp\/v2\/media\/526517"}],"wp:attachment":[{"href":"https:\/\/www.europesays.com\/fr\/wp-json\/wp\/v2\/media?parent=526516"}],"wp:term":[{"taxonomy":"category","embeddable":true,"href":"https:\/\/www.europesays.com\/fr\/wp-json\/wp\/v2\/categories?post=526516"},{"taxonomy":"post_tag","embeddable":true,"href":"https:\/\/www.europesays.com\/fr\/wp-json\/wp\/v2\/tags?post=526516"}],"curies":[{"name":"wp","href":"https:\/\/api.w.org\/{rel}","templated":true}]}}