{"id":526522,"date":"2025-11-11T06:05:15","date_gmt":"2025-11-11T06:05:15","guid":{"rendered":"https:\/\/www.europesays.com\/fr\/526522\/"},"modified":"2025-11-11T06:05:15","modified_gmt":"2025-11-11T06:05:15","slug":"bien-sur-quel-coming-out","status":"publish","type":"post","link":"https:\/\/www.europesays.com\/fr\/526522\/","title":{"rendered":"\u201cBien s\u00fbr, quel coming out !\u201d"},"content":{"rendered":"<p><strong>Carla Bruni<\/strong> est une ancienne gloire de la mode.<br \/>\nElle a d\u00e9fil\u00e9 pour les plus grandes marques de luxe, a pos\u00e9 pour<br \/>\nles photographes les plus renomm\u00e9s au monde. Puis, celle-ci a pris<br \/>\nun tournant assez inattendu dans sa carri\u00e8re, se reconvertissant<br \/>\n-plut\u00f4t avec succ\u00e8s- dans la chanson. <strong>Milieu des ann\u00e9es<br \/>\n2010, elle s\u2019entiche de Nicolas Sarkozy, alors pr\u00e9sident de la<br \/>\nR\u00e9publique.<\/strong> Le couple donne naissance \u00e0 une fille,<br \/>\n<strong>Giulia<\/strong>, \u00e0 la m\u00eame \u00e9poque. <strong>2025, Sarkozy a<br \/>\n\u00e9t\u00e9 condamn\u00e9 par la justice.<\/strong> Son \u00e9pouse, Carla, reste une<br \/>\nalli\u00e9e fid\u00e8le. La bonnette du micro de <strong>Mediapart<\/strong><br \/>\npeut en t\u00e9moigner !<\/p>\n<p>Ex-mannequin, Carla Bruni conna\u00eet un nouveau souffle dans la<br \/>\nchanson<\/p>\n<p><strong>Au d\u00e9part, Carla Bruni, durant une d\u00e9cennie, entre 1987<br \/>\net 1997, devient mannequin-star.<\/strong> Sorte de <strong>Kate<br \/>\nMoss<\/strong> \u00e0 la fran\u00e7aise, \u00e0 19 ans, elle arr\u00eate ses \u00e9tudes<br \/>\nd\u2019archi pour les podiums de beaut\u00e9 et autres catwalks.<br \/>\nElle d\u00e9file notamment pour <strong>Christian Lacroix<\/strong>,<br \/>\n<strong>Chanel<\/strong>, <strong>Dior<\/strong>, <strong>John<br \/>\nGalliano<\/strong>, <strong>Versace<\/strong> ou encore<br \/>\n<strong>Guess<\/strong>. Sa notori\u00e9t\u00e9 explose, d\u00e9passe les<br \/>\nfronti\u00e8res. La top mod\u00e8le devient aussi <strong>\u00e9g\u00e9rie<\/strong> de<br \/>\nla marque de lingerie <strong>Victoria\u2019s Secret<\/strong>\u2026<\/p>\n<p><strong>Comme souvent, dans la mode, le succ\u00e8s est<br \/>\n\u00e9ph\u00e9m\u00e8re.<\/strong> Toutefois, cela n\u2019effraie pas du tout Carla<br \/>\nBruni. Elle a une botte secr\u00e8te : <strong>la chanson<\/strong>. Sa<br \/>\ndeuxi\u00e8me passion. En 2000, elle collabore avec un taulier du genre,<br \/>\n<strong>Julien Clerc<\/strong>. Peu apr\u00e8s, elle est prise sous<br \/>\nl\u2019aile protectrice de <strong>Louis Bertignac<\/strong>, ex-membre<br \/>\ndu groupe de rock culte <strong>T\u00e9l\u00e9phone<\/strong>. Il chapeaute le<br \/>\npremier album de celle-ci, Quelqu\u2019un m\u2019a dit. <strong>La<br \/>\nmod\u00e8le devient alors chanteuse.<\/strong><\/p>\n<p>Son couple tr\u00e8s bling-bling avec Nicolas Sarkozy a fait couler<br \/>\nde l\u00a0\u00bbencre<\/p>\n<p>Les ann\u00e9es 2000 r\u00e9servent encore leur lot de surprises \u00e0 Carla<br \/>\nBruni. \u00c0 c\u00f4t\u00e9 de la chanson, celle-ci va faire une rencontre<br \/>\nimportante. Durant une soir\u00e9e priv\u00e9e, organis\u00e9e par <strong>Jacques<br \/>\nS\u00e9gu\u00e9la<\/strong>, celle-ci est pr\u00e9sent\u00e9e \u00e0 Nicolas Sarkozy.<br \/>\n<strong>Au d\u00e9part, elle est plut\u00f4t r\u00e9ticente, ne souhaitant pas<br \/>\nfricoter avec un homme politique, de droite qui plus est si l\u2019on en<br \/>\ncroit S\u00e9gu\u00e9la.<\/strong> Hors, celui-ci qui est pr\u00e9sident, entre<br \/>\n2007 et 2012, tire son \u00e9pingle du jeu.<\/p>\n<p><a href=\"https:\/\/www.melty.fr\/people\/revancharde-cecilia-attias-balance-sur-son-ex-mari-nicolas-sarkozy-il-etait-juste-2267940.html\" target=\"_blank\" rel=\"noopener\"><br \/>\nApr\u00e8s sa s\u00e9paration tr\u00e8s m\u00e9diatis\u00e9e avec <strong>C\u00e9cilia<br \/>\nAttias<\/strong><\/a>, sa seconde \u00e9pouse, m\u00e8re d\u2019un de ses fils,<br \/>\n<strong>Louis<\/strong>, Sarkozy jette son d\u00e9volu sur Carla Bruni.<br \/>\n<strong>C\u2019est le coup de foudre.<\/strong> Le couple se marie<br \/>\nquasiment dans la foul\u00e9e. En 2011, ils donnent naissance \u00e0 Giulia,<br \/>\nleur fille. En 2025, l\u2019adolescente, bien malgr\u00e9 elle, est devenue<br \/>\nune star des <strong>r\u00e9seaux sociaux<\/strong> \u00e0 cause de quelques<br \/>\nbourdes en ligne. <strong>Le couple tr\u00e8s bling-bling, lui, a fait<br \/>\ncouler beaucoup d\u2019encre.<\/strong><\/p>\n<p>Carla Bruni : cette r\u00e9v\u00e9lation<br \/>\ncroustillante sur son \u2018crush\u2019 pour une femme<\/p>\n<p>\u00c0 l\u2019image de la politique-spectacle ostentatoire des deux<br \/>\namoureux lors d\u2019un mandat pr\u00e9sidentiel qui change la donne dans la<br \/>\npresse people. <strong>Sarkozy fait son jogging, s&rsquo;exhibe avec<br \/>\nCarla, fricote -d\u2019une autre mani\u00e8re-, <a href=\"https:\/\/www.melty.fr\/people\/giulia-sarkozy-ce-nest-pas-moi-la-fille-de-nicolas-sarkozy-et-carla-bruni-hurle-son-innocence-2264156.html\" target=\"_blank\" rel=\"noopener\"><br \/>\navec le dictateur libyen Mouammar Kadhafi<\/a>.<\/strong> Pour le<br \/>\nmeilleur et pour le pire, puisque l\u2019ex-pr\u00e9sident a \u00e9t\u00e9 condamn\u00e9 par<br \/>\nla justice en 2025. <strong>En cause, justement, le fameux<br \/>\nfinancement libyen de sa campagne \u00e9lectorale de 2007.<\/strong><br \/>\nMalgr\u00e9 la temp\u00eate, pour ne pas dire le tsunami, Carla Bruni reste<br \/>\naux c\u00f4t\u00e9s de \u00e9poux.<\/p>\n<p><strong>Flashback : nous sommes en 2020 dans l\u2019\u00e9mission Clique<br \/>\nsur Canal+.<\/strong> Carla Bruni se plie au jeu de l&rsquo;interview<br \/>\n\u2018<strong>Dos \u00e0 dos<\/strong>\u2019, de <strong>Catherine Ceylac<\/strong>,<br \/>\ncomme dans son \u00e9mission culte <strong>Th\u00e9 ou caf\u00e9<\/strong>. L\u00e0,<br \/>\nl\u2019\u00e9pouse de Nicolas Sarkozy et ex-Premi\u00e8re dame de France fait une<br \/>\nr\u00e9v\u00e9lation croustillante. \u201c<strong>Avez-vous d\u00e9j\u00e0 \u00e9t\u00e9 attir\u00e9e<br \/>\nphysiquement par une femme ?<\/strong>\u201d, demande l\u2019animatrice \u00e0<br \/>\nCarla Bruni. R\u00e9ponse cash de l\u2019int\u00e9ress\u00e9e en riant franchement :<br \/>\n\u201c<strong>Bien s\u00fbr ! Catherine\u2026 A\u00efe, a\u00efe, a\u00efe\u2026 Quel coming out<br \/>\n!<\/strong>\u201d Et si, le titre pol\u00e9mique, Tu es ma came,<br \/>\nsur son troisi\u00e8me album, Comme si de rien n\u2019\u00e9tait, sorti<br \/>\nsous le mandat de Sarkozy, ne lui \u00e9tait pas destin\u00e9e ? Faites vos<br \/>\njeux, rien ne va plus !<\/p>\n","protected":false},"excerpt":{"rendered":"Carla Bruni est une ancienne gloire de la mode. Elle a d\u00e9fil\u00e9 pour les plus grandes marques de&hellip;\n","protected":false},"author":2,"featured_media":526523,"comment_status":"","ping_status":"","sticky":false,"template":"","format":"standard","meta":{"footnotes":""},"categories":[1359],"tags":[905,12667,58,59,1011,27,61777,3091,973,729],"class_list":{"0":"post-526522","1":"post","2":"type-post","3":"status-publish","4":"format-standard","5":"has-post-thumbnail","7":"category-people","8":"tag-a-la-une-melty","9":"tag-carla-bruni","10":"tag-divertissement","11":"tag-entertainment","12":"tag-fr","13":"tag-france","14":"tag-has_video","15":"tag-nicolas-sarkozy","16":"tag-people","17":"tag-yout_video"},"share_on_mastodon":{"url":"https:\/\/pubeurope.com\/@fr\/115529562475120268","error":""},"_links":{"self":[{"href":"https:\/\/www.europesays.com\/fr\/wp-json\/wp\/v2\/posts\/526522","targetHints":{"allow":["GET"]}}],"collection":[{"href":"https:\/\/www.europesays.com\/fr\/wp-json\/wp\/v2\/posts"}],"about":[{"href":"https:\/\/www.europesays.com\/fr\/wp-json\/wp\/v2\/types\/post"}],"author":[{"embeddable":true,"href":"https:\/\/www.europesays.com\/fr\/wp-json\/wp\/v2\/users\/2"}],"replies":[{"embeddable":true,"href":"https:\/\/www.europesays.com\/fr\/wp-json\/wp\/v2\/comments?post=526522"}],"version-history":[{"count":0,"href":"https:\/\/www.europesays.com\/fr\/wp-json\/wp\/v2\/posts\/526522\/revisions"}],"wp:featuredmedia":[{"embeddable":true,"href":"https:\/\/www.europesays.com\/fr\/wp-json\/wp\/v2\/media\/526523"}],"wp:attachment":[{"href":"https:\/\/www.europesays.com\/fr\/wp-json\/wp\/v2\/media?parent=526522"}],"wp:term":[{"taxonomy":"category","embeddable":true,"href":"https:\/\/www.europesays.com\/fr\/wp-json\/wp\/v2\/categories?post=526522"},{"taxonomy":"post_tag","embeddable":true,"href":"https:\/\/www.europesays.com\/fr\/wp-json\/wp\/v2\/tags?post=526522"}],"curies":[{"name":"wp","href":"https:\/\/api.w.org\/{rel}","templated":true}]}}