{"id":526532,"date":"2025-11-11T06:11:19","date_gmt":"2025-11-11T06:11:19","guid":{"rendered":"https:\/\/www.europesays.com\/fr\/526532\/"},"modified":"2025-11-11T06:11:19","modified_gmt":"2025-11-11T06:11:19","slug":"les-pediatres-sonnent-lalerte-pour-la-vaccination-des-bebes-de-moins-dun-an","status":"publish","type":"post","link":"https:\/\/www.europesays.com\/fr\/526532\/","title":{"rendered":"les p\u00e9diatres sonnent l\u2019alerte pour la vaccination des b\u00e9b\u00e9s de moins d\u2019un an"},"content":{"rendered":"<p>        <img decoding=\"async\" loading=\"lazy\" src=\"https:\/\/www.europesays.com\/fr\/wp-content\/uploads\/2025\/11\/71d0755_1658615028887-5df0fc7d250000af61d2fd24.jpeg\"  width=\"728\" height=\"410\" alt=\"La bronchiolite est une maladie respiratoire fr\u00e9quente, qui touche 30% des b\u00e9b\u00e9s de moins de deux ans chaque hiver.\"\/>  <\/p>\n<p>paulaphoto via Getty Images<\/p>\n<p>La bronchiolite est une maladie respiratoire fr\u00e9quente, qui touche 30% des b\u00e9b\u00e9s de moins de deux ans chaque hiver.<\/p>\n<p class=\"asset asset-text\">SANT\u00c9 &#8211; La porte-parole de la Soci\u00e9t\u00e9 fran\u00e7aise de p\u00e9diatrie lance l\u2019alerte sur la bronchiolite ce lundi 10\u00a0novembre. Seulement 46\u00a0% des <a href=\"https:\/\/www.huffingtonpost.fr\/culture\/article\/colore-et-rigolo-ce-livre-remporte-le-premier-prix-litteraire-pour-les-bebes_256831.html\" target=\"_blank\" rel=\"noopener\">b\u00e9b\u00e9s<\/a> n\u00e9s entre f\u00e9vrier et ao\u00fbt\u00a02025 ont re\u00e7u un traitement pr\u00e9ventif pour le moment, une couverture \u00ab\u00a0insuffisante \u00e0 ce jour en (m\u00e9decine de) ville\u00a0\u00bb, annonce Christ\u00e8le Gras-Le Guen sur France Inter.<\/p>\n<p class=\"asset asset-text\">Dans les maternit\u00e9s depuis le 1er\u00a0septembre et le d\u00e9but de la campagne de <a href=\"https:\/\/www.huffingtonpost.fr\/france\/article\/le-rattrapage-du-vaccin-contre-le-papillomavirus-desormais-recommande-pour-tous-les-moins-de-26-ans_249957.html\" target=\"_blank\" rel=\"noopener\">vaccination<\/a> automnale, les b\u00e9b\u00e9s peuvent \u00eatre immunis\u00e9s d\u00e8s la naissance gr\u00e2ce au\u00a0Beyfortus, d\u00e9velopp\u00e9 par Sanofi et AstraZeneca. Mais pas ceux n\u00e9s plus t\u00f4t dans l\u2019ann\u00e9e, alors que la bronchiolite ne circulait pas encore.<\/p>\n<p class=\"asset asset-text\">\u00ab\u00a0Les p\u00e9diatres prescrivent sans aucune r\u00e9serve\u00a0\u00bb le Beyfortus, mais \u00ab\u00a0c\u2019est moins le cas de nos confr\u00e8res g\u00e9n\u00e9ralistes\u00a0\u00bb, constate la p\u00e9diatre, <a href=\"https:\/\/www.franceinfo.fr\/sante\/bronchiolite-seulement-46-des-bebes-nes-entre-fevrier-et-aout-dernier-ont-recu-un-traitement-preventif-alerte-la-societe-francaise-de-pediatrie_7607093.html\" target=\"_blank\" rel=\"noopener\" title=\"Nouvelle fen\u00eatre\">comme le rapporte franceinfo<\/a>. \u00ab\u00a0Il est encore temps\u00a0\u00bb de le faire, pr\u00e9vient-elle.<\/p>\n<p class=\"asset asset-text\">Chaque ann\u00e9e, au moment de l\u2019automne et de l\u2019hiver, la bronchiolite frappe de nombreux b\u00e9b\u00e9s en France, le plus souvent \u00e0 la suite d\u2019une infection au virus respiratoire syncytial (VRS) qui peut aussi menacer des personnes \u00e2g\u00e9es. Une campagne d\u2019immunisation est donc lanc\u00e9e tous les ans. Deux strat\u00e9gies sont possibles \u00e0 l\u2019aide de deux traitements distincts\u00a0: la vaccination de la femme enceinte par l\u2019Abrysvo de Pfizer, ou l\u2019immunisation des nourrissons par le Beyfortus de <a href=\"https:\/\/www.huffingtonpost.fr\/economie\/article\/le-doliprane-change-officiellement-de-nationalite_249470.html\" target=\"_blank\" rel=\"noopener\">Sanofi<\/a> et AstraZeneca.<\/p>\n<p>                     L\u2019\u00cele-de-France, premi\u00e8re r\u00e9gion touch\u00e9e    <\/p>\n<p class=\"asset asset-text\">Sur cette deuxi\u00e8me option, Christ\u00e8le Gras-Le Guen pr\u00e9cise que \u00ab\u00a0le principe de cet anticorps, c\u2019est qu\u2019il est efficace tout de suite\u00a0\u00bb.<\/p>\n<p class=\"asset asset-text\">Fin octobre, Sant\u00e9 publique France (SPF) annon\u00e7ait que l\u2019\u00e9pid\u00e9mie annuelle de bronchiolite avait d\u00e9sormais commenc\u00e9 en France, l\u2019\u00cele-de-France \u00e9tant la premi\u00e8re r\u00e9gion touch\u00e9e.<\/p>\n<p class=\"asset asset-text\">Comme chaque ann\u00e9e, les autres r\u00e9gions de m\u00e9tropole devraient \u00eatre gagn\u00e9es \u00e0 plus ou moins long terme par l\u2019\u00e9pid\u00e9mie, \u00e0 commencer par la Normandie qui restait \u00e0 fin octobre en phase \u00ab\u00a0pr\u00e9-\u00e9pid\u00e9mique\u00a0\u00bb. Reste que \u00ab\u00a0d\u2019autres virus susceptibles d\u2019induire des bronchiolites circulent dans l\u2019Hexagone, notamment les rhinovirus\u00a0\u00bb, pr\u00e9vient par ailleurs Sant\u00e9 publique France.<\/p>\n<p class=\"asset asset-text\">La bronchiolite reste g\u00e9n\u00e9ralement une maladie sans gravit\u00e9 mais susceptible de provoquer des complications chez les nourrissons et de les conduire \u00e0 l\u2019h\u00f4pital.<\/p>\n","protected":false},"excerpt":{"rendered":"paulaphoto via Getty Images La bronchiolite est une maladie respiratoire fr\u00e9quente, qui touche 30% des b\u00e9b\u00e9s de moins&hellip;\n","protected":false},"author":2,"featured_media":526533,"comment_status":"","ping_status":"","sticky":false,"template":"","format":"standard","meta":{"footnotes":""},"categories":[10],"tags":[3493,58155,1011,27,72,236,71,773,148],"class_list":{"0":"post-526532","1":"post","2":"type-post","3":"status-publish","4":"format-standard","5":"has-post-thumbnail","7":"category-sante","8":"tag-bebe","9":"tag-bronchiolite","10":"tag-fr","11":"tag-france","12":"tag-health","13":"tag-pediatrie","14":"tag-sante","15":"tag-vaccin","16":"tag-vaccination"},"share_on_mastodon":{"url":"https:\/\/pubeurope.com\/@fr\/115529586618770893","error":""},"_links":{"self":[{"href":"https:\/\/www.europesays.com\/fr\/wp-json\/wp\/v2\/posts\/526532","targetHints":{"allow":["GET"]}}],"collection":[{"href":"https:\/\/www.europesays.com\/fr\/wp-json\/wp\/v2\/posts"}],"about":[{"href":"https:\/\/www.europesays.com\/fr\/wp-json\/wp\/v2\/types\/post"}],"author":[{"embeddable":true,"href":"https:\/\/www.europesays.com\/fr\/wp-json\/wp\/v2\/users\/2"}],"replies":[{"embeddable":true,"href":"https:\/\/www.europesays.com\/fr\/wp-json\/wp\/v2\/comments?post=526532"}],"version-history":[{"count":0,"href":"https:\/\/www.europesays.com\/fr\/wp-json\/wp\/v2\/posts\/526532\/revisions"}],"wp:featuredmedia":[{"embeddable":true,"href":"https:\/\/www.europesays.com\/fr\/wp-json\/wp\/v2\/media\/526533"}],"wp:attachment":[{"href":"https:\/\/www.europesays.com\/fr\/wp-json\/wp\/v2\/media?parent=526532"}],"wp:term":[{"taxonomy":"category","embeddable":true,"href":"https:\/\/www.europesays.com\/fr\/wp-json\/wp\/v2\/categories?post=526532"},{"taxonomy":"post_tag","embeddable":true,"href":"https:\/\/www.europesays.com\/fr\/wp-json\/wp\/v2\/tags?post=526532"}],"curies":[{"name":"wp","href":"https:\/\/api.w.org\/{rel}","templated":true}]}}