{"id":526536,"date":"2025-11-11T06:13:25","date_gmt":"2025-11-11T06:13:25","guid":{"rendered":"https:\/\/www.europesays.com\/fr\/526536\/"},"modified":"2025-11-11T06:13:25","modified_gmt":"2025-11-11T06:13:25","slug":"patrick-sebastien-cinglant-avec-jean-luc-melenchon","status":"publish","type":"post","link":"https:\/\/www.europesays.com\/fr\/526536\/","title":{"rendered":"Patrick S\u00e9bastien cinglant avec Jean-Luc M\u00e9lenchon"},"content":{"rendered":"<p>    Patrick S\u00e9bastien et Jean-Luc M\u00e9lenchon<br \/>\n                ANDBZ\/ABACA \/ ANDBZ \/ Paoloni Jeremy\/ABACA \/ Paoloni Jeremy<\/p>\n<p>\n    L\u2019ancien animateur de France T\u00e9l\u00e9visions n\u2019a pas m\u00e2ch\u00e9 ses mots en donnant son avis sur le chef de file de La France insoumise. Ses propos ont \u00e9t\u00e9 jug\u00e9s probl\u00e9matiques par plusieurs internautes.<\/p>\n<p class=\"fig-paragraph\"><a href=\"https:\/\/www.lefigaro.fr\/tag\/patrick-sebastien\" target=\"_blank\" rel=\"noopener\" data-gtm-custom-categorie=\"navigation\" data-gtm-custom-action=\"crossclick\" data-gtm-custom-label=\"Contextuel\" data-gtm-event=\"customEventSPE\"><strong>Patrick S\u00e9bastien<\/strong><\/a> \u00a0n\u2019a pas sa langue dans sa poche. Si cette affirmation \u00e9tait d\u00e9j\u00e0 une v\u00e9rit\u00e9 bien connue de tous, elle s\u2019est confirm\u00e9e ce dimanche, \u00e0 l\u2019occasion d\u2019un entretien de l\u2019humoriste pour Le Crayon, sur Instagram. Une interview au concept original\u00a0: \u00abPeuple ou pas peuple\u00a0?\u00bb Pour chaque personnalit\u00e9 propos\u00e9e, l\u2019ancien animateur devait dire si elle faisait partie de l\u2019une ou de l\u2019autre cat\u00e9gorie.<\/p>\n<p class=\"fig-paragraph\">Pour\u00a0<a href=\"https:\/\/www.lefigaro.fr\/tag\/kylian-mbapp%C3%A9#:~:text=Avec%2062%20buts%20en%2073,sport%2C%20comme%20Alfredo%20Di%20St%C3%A9fano.\" target=\"_blank\" rel=\"noopener\" data-gtm-custom-categorie=\"navigation\" data-gtm-custom-action=\"crossclick\" data-gtm-custom-label=\"Contextuel\" data-gtm-event=\"customEventSPE\">Kylian Mbapp\u00e9<\/a>, le chanteur a r\u00e9pondu sans h\u00e9sitation\u00a0: \u00abOui, bien s\u00fbr\u00a0!\u00bb. Pour\u00a0<a href=\"https:\/\/www.lefigaro.fr\/tag\/emmanuel-macron\" target=\"_blank\" rel=\"noopener\" data-gtm-custom-categorie=\"navigation\" data-gtm-custom-action=\"crossclick\" data-gtm-custom-label=\"Contextuel\" data-gtm-event=\"customEventSPE\">Emmanuel Macron<\/a>, il a d\u00e9clar\u00e9\u00a0: \u00ab\u00c9lu par le peuple, rejet\u00e9 par le peuple\u00bb. Quand est apparue une photo de\u00a0<a href=\"https:\/\/www.lefigaro.fr\/tag\/lea-salame\" target=\"_blank\" rel=\"noopener\" data-gtm-custom-categorie=\"navigation\" data-gtm-custom-action=\"crossclick\" data-gtm-custom-label=\"Contextuel\" data-gtm-event=\"customEventSPE\">L\u00e9a Salam\u00e9<\/a>, le chanteur a pris quelques secondes de r\u00e9flexion avant de donner sa r\u00e9ponse concernant la nouvelle pr\u00e9sentatrice du \u00ab20 Heures\u00bb de\u00a0<a href=\"https:\/\/tvmag.lefigaro.fr\/programme-tv\/chaine\/4\/tous-les-programmes-de-france-2\" target=\"_blank\" rel=\"noopener\" data-gtm-custom-categorie=\"navigation\" data-gtm-custom-action=\"crossclick\" data-gtm-custom-label=\"Contextuel\" data-gtm-event=\"customEventSPE\">France 2<\/a>.<\/p>\n<p>                                    <a class=\"fig-a11y-skip a11y-hidden\" href=\"#fig-a11y-skip-main-inarticle\"><br \/>\n        Passer la publicit\u00e9<br \/>\n    <\/a><\/p>\n<p class=\"fig-paragraph\">\u00abTu m\u2019avais dit qu\u2019on ne dirait pas de gros mots\u00bb, a-t-il ironis\u00e9 avant de poursuivre\u00a0: \u00abNon, je n\u2019aime pas cette nana pour 1000 raisons. Je me suis retrouv\u00e9 en face d\u2019elle dans une \u00e9mission o\u00f9 elle avait pris mon bouquin en disant\u00a0: \u201cVous avez dit que toutes les femmes sont des salopes\u201d. Je lui ai dit\u00a0: \u201cAh bon\u00a0? Faites-moi voir \u00e0 quelle page, je n\u2019ai jamais \u00e9crit \u00e7a\u201d. Elle m\u2019a r\u00e9pondu\u00a0: \u201cJ\u2019ai oubli\u00e9 mon livre \u00e0 la maison\u201d\u00bb.<\/p>\n<p class=\"fig-body-link\">\n            \u00c0 lire aussi<br \/>\n        <a class=\"fig-body-link__link\" href=\"http:\/\/tvmag.lefigaro.fr\/programme-tv\/actu-tele\/mon-intime-conviction-c-est-qu-il-est-coupable-patrick-sebastien-s-exprime-sur-le-proces-de-cedric-jubillar-20251017\" target=\"_blank\" data-fig-type=\"Article\" rel=\"noopener\" data-gtm-custom-categorie=\"navigation\" data-gtm-custom-action=\"crossclick\" data-gtm-custom-label=\"Contextuel\" data-gtm-event=\"customEventSPE\" data-fig-domain=\"TVMAG\"><\/p>\n<p>        \u00abMon intime conviction, c\u2019est qu\u2019il est coupable\u00bb\u00a0: Patrick S\u00e9bastien s\u2019exprime sur le proc\u00e8s de C\u00e9dric Jubillar<br \/>\n    <\/a>\n<\/p>\n<p class=\"fig-paragraph\">En voyant le visage de\u00a0<a href=\"https:\/\/www.lefigaro.fr\/tag\/jean-marie-bigard\" target=\"_blank\" rel=\"noopener\" data-gtm-custom-categorie=\"navigation\" data-gtm-custom-action=\"crossclick\" data-gtm-custom-label=\"Contextuel\" data-gtm-event=\"customEventSPE\">Jean-Marie Bigard<\/a>, les yeux de Patrick S\u00e9bastien se sont cette fois illumin\u00e9s. \u00abC\u2019est un copain, peuple bien s\u00fbr\u00a0!\u00bb, s\u2019est-il exclam\u00e9. Seulement l\u2019ambiance a chang\u00e9 au moment de l\u2019\u00e9vocation de\u00a0<a href=\"https:\/\/www.lefigaro.fr\/tag\/jean-luc-melenchon\" target=\"_blank\" rel=\"noopener\" data-gtm-custom-categorie=\"navigation\" data-gtm-custom-action=\"crossclick\" data-gtm-custom-label=\"Contextuel\" data-gtm-event=\"customEventSPE\"><strong>Jean-Luc M\u00e9lenchon<\/strong><\/a> . \u00abAu d\u00e9part, peuple. Vraiment. Il a une partie de conviction, c\u2019est s\u00fbr\u00bb, a d\u2019abord conc\u00e9d\u00e9 l\u2019artiste avant de d\u00e9tailler davantage\u00a0: \u00abMais surtout, l\u00e0 il a trouv\u00e9 un r\u00e9servoir \u00e0 thunes avec les musulmans. Parce qu\u2019il faut savoir que, je le dis dans le bouquin, les partis politiques sont r\u00e9tribu\u00e9s par nous en fonction du nombre de voix. Et l\u00e0, tant qu\u2019il flatte les musulmans, il a toutes leurs voix, donc \u00e7a fait de la thune. Je ne dis pas que c\u2019est sa motivation premi\u00e8re, mais \u00e7a y fait beaucoup\u00bb.<\/p>\n<p class=\"fig-paragraph\">L\u2019occasion pour le chanteur de s\u2019\u00e9pancher d\u2019avantage sur le parti politique de Jean-Luc M\u00e9lenchon, \u00e0 savoir La France insoumise\u00a0: \u00abPuis, il y a un truc qui me g\u00eane chez les Insoumis, c\u2019est que, moi je suis un insoumis. Eux sont soumis \u00e0 leur chef. C\u2019est pour \u00e7a qu\u2019il y en a qui se sont barr\u00e9s\u00bb. Des paroles de la part du possible candidat \u00e0 l\u2019\u00e9lection pr\u00e9sidentielle de 2027 qui ont d\u00e9plu \u00e0 plusieurs internautes. Certains d\u00e9noncent notamment des \u00abpropos stigmatisants envers les musulmans\u00bb.<\/p>\n","protected":false},"excerpt":{"rendered":"Patrick S\u00e9bastien et Jean-Luc M\u00e9lenchon ANDBZ\/ABACA \/ ANDBZ \/ Paoloni Jeremy\/ABACA \/ Paoloni Jeremy L\u2019ancien animateur de France&hellip;\n","protected":false},"author":2,"featured_media":526537,"comment_status":"","ping_status":"","sticky":false,"template":"","format":"standard","meta":{"footnotes":""},"categories":[8],"tags":[58,59,1011,27,3081,3806,6097],"class_list":{"0":"post-526536","1":"post","2":"type-post","3":"status-publish","4":"format-standard","5":"has-post-thumbnail","7":"category-divertissement","8":"tag-divertissement","9":"tag-entertainment","10":"tag-fr","11":"tag-france","12":"tag-jean-luc-melenchon","13":"tag-lea-salame","14":"tag-patrick-sebastien"},"share_on_mastodon":{"url":"https:\/\/pubeurope.com\/@fr\/115529594043095617","error":""},"_links":{"self":[{"href":"https:\/\/www.europesays.com\/fr\/wp-json\/wp\/v2\/posts\/526536","targetHints":{"allow":["GET"]}}],"collection":[{"href":"https:\/\/www.europesays.com\/fr\/wp-json\/wp\/v2\/posts"}],"about":[{"href":"https:\/\/www.europesays.com\/fr\/wp-json\/wp\/v2\/types\/post"}],"author":[{"embeddable":true,"href":"https:\/\/www.europesays.com\/fr\/wp-json\/wp\/v2\/users\/2"}],"replies":[{"embeddable":true,"href":"https:\/\/www.europesays.com\/fr\/wp-json\/wp\/v2\/comments?post=526536"}],"version-history":[{"count":0,"href":"https:\/\/www.europesays.com\/fr\/wp-json\/wp\/v2\/posts\/526536\/revisions"}],"wp:featuredmedia":[{"embeddable":true,"href":"https:\/\/www.europesays.com\/fr\/wp-json\/wp\/v2\/media\/526537"}],"wp:attachment":[{"href":"https:\/\/www.europesays.com\/fr\/wp-json\/wp\/v2\/media?parent=526536"}],"wp:term":[{"taxonomy":"category","embeddable":true,"href":"https:\/\/www.europesays.com\/fr\/wp-json\/wp\/v2\/categories?post=526536"},{"taxonomy":"post_tag","embeddable":true,"href":"https:\/\/www.europesays.com\/fr\/wp-json\/wp\/v2\/tags?post=526536"}],"curies":[{"name":"wp","href":"https:\/\/api.w.org\/{rel}","templated":true}]}}