{"id":526542,"date":"2025-11-11T06:16:16","date_gmt":"2025-11-11T06:16:16","guid":{"rendered":"https:\/\/www.europesays.com\/fr\/526542\/"},"modified":"2025-11-11T06:16:16","modified_gmt":"2025-11-11T06:16:16","slug":"un-mercenaire-russe-abat-un-patron-de-bar-libanais-a-bamako-puis-nest-pas-inquiete","status":"publish","type":"post","link":"https:\/\/www.europesays.com\/fr\/526542\/","title":{"rendered":"Un mercenaire russe abat un patron de bar libanais \u00e0 Bamako puis n\u2019est pas inqui\u00e9t\u00e9"},"content":{"rendered":"<p>C\u2019est une affaire qui montre le sentiment d\u2019impunit\u00e9 des paramilitaires russes au <a href=\"https:\/\/www.20minutes.fr\/monde\/4184679-20251110-mali-objectif-djihadistes-chute-junte-patron-dgse\" target=\"_blank\" class=\"c-link c-link--is-underlined\" rel=\"noopener\">Mali<\/a>. Un patron de bar libanais \u00e0 Bamako a \u00e9t\u00e9 abattu par <a href=\"https:\/\/www.20minutes.fr\/monde\/russie\/4157602-20250609-mali-groupe-paramilitaire-wagner-quitte-pays-kremlin-reste-maitre-jeu\" target=\"_blank\" class=\"c-link c-link--is-underlined\" rel=\"noopener\">un mercenaire russe du groupe Africa Corps<\/a> la semaine derni\u00e8re.<\/p>\n<p>Le Russe avait pass\u00e9 la nuit du 5 au 6\u00a0novembre dans ce bar du quartier de Badalabougou dans la capitale, accompagn\u00e9 d\u2019autres mercenaires russes. Il avait \u00e9t\u00e9 somm\u00e9 de quitter les lieux quand il a tir\u00e9 trois coups de feu \u00e0 bout touchant sur le g\u00e9rant.<\/p>\n<p>La justice n\u2019aurait pas encore boug\u00e9<\/p>\n<p>\u00ab\u00a0Selon nos informations, la victime aurait simplement demand\u00e9 aux hommes blancs (les Russes) de quitter les lieux pour qu\u2019il ferme le bar, ce qui n\u2019a pas \u00e9t\u00e9 du go\u00fbt de ces derniers\u00a0\u00bb, raconte un membre de la protection civile parlant sous anonymat en raison du contexte s\u00e9curitaire. \u00ab\u00a0Lorsque nos \u00e9quipes arrivaient sur place, le bless\u00e9 avait d\u00e9j\u00e0 perdu beaucoup de sang\u00a0\u00bb, poursuit cette m\u00eame source. Il a ensuite \u00e9t\u00e9 transport\u00e9 \u00e0 l\u2019h\u00f4pital o\u00f9 il est d\u00e9c\u00e9d\u00e9 le 6\u00a0novembre. \u00ab\u00a0Il est mort finalement malgr\u00e9 la tentative de lui extraire les balles du cr\u00e2ne\u00a0\u00bb, indique une source hospitali\u00e8re.<\/p>\n<\/p>\n<p>A ce jour, aucune poursuite n\u2019a \u00e9t\u00e9 intent\u00e9e contre le paramilitaire russe, selon les informations recueillies par l\u2019AFP.<\/p>\n<p>Le Mali en froid avec la France<\/p>\n<p>Apr\u00e8s avoir tourn\u00e9 le dos \u00e0 <a href=\"https:\/\/www.20minutes.fr\/monde\/4184325-20251107-mali-paris-recommande-francais-quitter-temporairement-pays-violences-djihadistes-intensifient\" target=\"_blank\" class=\"c-link c-link--is-underlined\" rel=\"noopener\">la France<\/a>, l\u2019ex-puissance coloniale, les juntes sah\u00e9liennes se sont rapproch\u00e9es de la Russie et sa soci\u00e9t\u00e9 de s\u00e9curit\u00e9 priv\u00e9e Wagner, remplac\u00e9e par Africa Corps, qui les aide dans la lutte antijihadiste. L\u2019arm\u00e9e malienne et les mercenaires russes d\u2019Africa Corps sont r\u00e9guli\u00e8rement accus\u00e9s de commettre des exactions contre des civils.<\/p>\n<p><a href=\"https:\/\/www.20minutes.fr\/dossier\/mali\" target=\"_blank\" class=\"c-link c-btn c-btn--primary\" rel=\"noopener\">Notre dossier sur le Mali<\/a><\/p>\n<p>Un responsable de la communaut\u00e9 libanaise au Mali a affirm\u00e9 lundi que \u00ab\u00a0les autorit\u00e9s maliennes font tout pour \u00e9touffer l\u2019affaire\u00a0\u00bb. Selon lui, \u00ab\u00a0il ne se passe pas une semaine sans des exactions des (mercenaires) Russes. Deux jours avant, ils ont ferm\u00e9 un autre bar pour molester toute la client\u00e8le\u00a0\u00bb. \u00ab\u00a0Nous avons une rencontre mardi, si les autorit\u00e9s tentent d\u2019emp\u00eacher la plainte, nous allons ameuter toute l\u2019opinion nationale\u00a0\u00bb, a-t-il poursuivi.<\/p>\n","protected":false},"excerpt":{"rendered":"C\u2019est une affaire qui montre le sentiment d\u2019impunit\u00e9 des paramilitaires russes au Mali. Un patron de bar libanais&hellip;\n","protected":false},"author":2,"featured_media":526543,"comment_status":"","ping_status":"","sticky":false,"template":"","format":"standard","meta":{"footnotes":""},"categories":[5],"tags":[47,11,3196,1011,27,61090,14,303,1136,74,12,132,133,28],"class_list":{"0":"post-526542","1":"post","2":"type-post","3":"status-publish","4":"format-standard","5":"has-post-thumbnail","7":"category-international","8":"tag-actualite","9":"tag-actualites","10":"tag-bamako","11":"tag-fr","12":"tag-france","13":"tag-groupe-wagner","14":"tag-international","15":"tag-justice","16":"tag-mali","17":"tag-monde","18":"tag-news","19":"tag-russie","20":"tag-video","21":"tag-world"},"share_on_mastodon":{"url":"https:\/\/pubeurope.com\/@fr\/115529605679073422","error":""},"_links":{"self":[{"href":"https:\/\/www.europesays.com\/fr\/wp-json\/wp\/v2\/posts\/526542","targetHints":{"allow":["GET"]}}],"collection":[{"href":"https:\/\/www.europesays.com\/fr\/wp-json\/wp\/v2\/posts"}],"about":[{"href":"https:\/\/www.europesays.com\/fr\/wp-json\/wp\/v2\/types\/post"}],"author":[{"embeddable":true,"href":"https:\/\/www.europesays.com\/fr\/wp-json\/wp\/v2\/users\/2"}],"replies":[{"embeddable":true,"href":"https:\/\/www.europesays.com\/fr\/wp-json\/wp\/v2\/comments?post=526542"}],"version-history":[{"count":0,"href":"https:\/\/www.europesays.com\/fr\/wp-json\/wp\/v2\/posts\/526542\/revisions"}],"wp:featuredmedia":[{"embeddable":true,"href":"https:\/\/www.europesays.com\/fr\/wp-json\/wp\/v2\/media\/526543"}],"wp:attachment":[{"href":"https:\/\/www.europesays.com\/fr\/wp-json\/wp\/v2\/media?parent=526542"}],"wp:term":[{"taxonomy":"category","embeddable":true,"href":"https:\/\/www.europesays.com\/fr\/wp-json\/wp\/v2\/categories?post=526542"},{"taxonomy":"post_tag","embeddable":true,"href":"https:\/\/www.europesays.com\/fr\/wp-json\/wp\/v2\/tags?post=526542"}],"curies":[{"name":"wp","href":"https:\/\/api.w.org\/{rel}","templated":true}]}}