{"id":526550,"date":"2025-11-11T06:24:25","date_gmt":"2025-11-11T06:24:25","guid":{"rendered":"https:\/\/www.europesays.com\/fr\/526550\/"},"modified":"2025-11-11T06:24:25","modified_gmt":"2025-11-11T06:24:25","slug":"nancy-il-avait-brule-des-papiers-devant-le-mc-do-lors-de-la-manif-du-2-octobre-proces-a-nouveau-renvoye","status":"publish","type":"post","link":"https:\/\/www.europesays.com\/fr\/526550\/","title":{"rendered":"Nancy. Il avait br\u00fbl\u00e9 des papiers devant le Mc Do lors de la manif du 2 octobre : proc\u00e8s \u00e0 nouveau renvoy\u00e9"},"content":{"rendered":"<p>Interpell\u00e9s <a href=\"https:\/\/www.estrepublicain.fr\/faits-divers-justice\/2025\/10\/04\/manifestation-du-2-octobre-un-etudiant-interpelle-pour-incitation-a-la-haine\" target=\"_blank\" rel=\"noopener\">le 2 octobre dernier lors d\u2019une manifestation \u00e0 Nancy<\/a> , deux hommes \u00e2g\u00e9s de 18 et 68 ans avaient comparu quatre jours plus tard lors d\u2019une proc\u00e9dure de comparution imm\u00e9diate. Leur avocat ayant demand\u00e9 la copie des vid\u00e9os, le proc\u00e8s avait \u00e9t\u00e9 renvoy\u00e9 \u00e0 ce 10 novembre. En attendant, les pr\u00e9venus avaient \u00e9t\u00e9 plac\u00e9s sous contr\u00f4le judiciaire, avec interdiction de manifester. Ce lundi, Me Sgro n\u2019avait toujours pas re\u00e7u les fameuses images de la manif. Le tribunal a donc ordonn\u00e9 un nouveau renvoi, cette fois au 30 septembre 2026 !<\/p>\n<p>Sous curatelle renforc\u00e9e, Louis avait \u00e9t\u00e9 rep\u00e9r\u00e9 alors qu\u2019il venait de br\u00fbler un tas de papiers devant la porte du Mc Do, rue Saint-Dizier, \u00e0 Nancy, alors que des employ\u00e9s et des clients \u00e9taient \u00e0 l\u2019int\u00e9rieur. Un policier avait film\u00e9 le sexag\u00e9naire en pleine action.<\/p>\n<p>Responsable d\u2019un syndicat \u00e9tudiant, le jeune de 18 ans est, lui, soup\u00e7onn\u00e9 d\u2019avoir outrag\u00e9 et menac\u00e9 de mort plusieurs policiers mais \u00e9galement de s\u2019\u00eatre rebell\u00e9, alors qu\u2019il se trouvait place Saint-Epvre. M\u00e9gaphone en main, il aurait lanc\u00e9 des slogans anti-flics : \u00ab Un flic, une balle, justice sociale ! \u00bb ou \u00ab ACAB ! \u00bb (NDLR : all cops are bastards, tous les flics sont des b\u00e2tards, en fran\u00e7ais).<\/p>\n<p>Les deux pr\u00e9venus ont \u00e9t\u00e9 maintenus sous contr\u00f4le judiciaire mais l\u2019interdiction de manifester a \u00e9t\u00e9 lev\u00e9e pour le plus jeune.<\/p>\n","protected":false},"excerpt":{"rendered":"Interpell\u00e9s le 2 octobre dernier lors d\u2019une manifestation \u00e0 Nancy , deux hommes \u00e2g\u00e9s de 18 et 68&hellip;\n","protected":false},"author":2,"featured_media":526551,"comment_status":"","ping_status":"","sticky":false,"template":"","format":"standard","meta":{"footnotes":""},"categories":[9635],"tags":[1111,11,1704,1777,674,274,1011,27,775,1702,1703,12,25],"class_list":{"0":"post-526550","1":"post","2":"type-post","3":"status-publish","4":"format-standard","5":"has-post-thumbnail","7":"category-nancy","8":"tag-actu","9":"tag-actualites","10":"tag-edition-nancy-et-agglomeration","11":"tag-eu","12":"tag-europe","13":"tag-faits-divers-justice","14":"tag-fr","15":"tag-france","16":"tag-grand-est","17":"tag-nancy","18":"tag-nancy-ville-54b","19":"tag-news","20":"tag-republique-francaise"},"share_on_mastodon":{"url":"https:\/\/pubeurope.com\/@fr\/115529637147604991","error":""},"_links":{"self":[{"href":"https:\/\/www.europesays.com\/fr\/wp-json\/wp\/v2\/posts\/526550","targetHints":{"allow":["GET"]}}],"collection":[{"href":"https:\/\/www.europesays.com\/fr\/wp-json\/wp\/v2\/posts"}],"about":[{"href":"https:\/\/www.europesays.com\/fr\/wp-json\/wp\/v2\/types\/post"}],"author":[{"embeddable":true,"href":"https:\/\/www.europesays.com\/fr\/wp-json\/wp\/v2\/users\/2"}],"replies":[{"embeddable":true,"href":"https:\/\/www.europesays.com\/fr\/wp-json\/wp\/v2\/comments?post=526550"}],"version-history":[{"count":0,"href":"https:\/\/www.europesays.com\/fr\/wp-json\/wp\/v2\/posts\/526550\/revisions"}],"wp:featuredmedia":[{"embeddable":true,"href":"https:\/\/www.europesays.com\/fr\/wp-json\/wp\/v2\/media\/526551"}],"wp:attachment":[{"href":"https:\/\/www.europesays.com\/fr\/wp-json\/wp\/v2\/media?parent=526550"}],"wp:term":[{"taxonomy":"category","embeddable":true,"href":"https:\/\/www.europesays.com\/fr\/wp-json\/wp\/v2\/categories?post=526550"},{"taxonomy":"post_tag","embeddable":true,"href":"https:\/\/www.europesays.com\/fr\/wp-json\/wp\/v2\/tags?post=526550"}],"curies":[{"name":"wp","href":"https:\/\/api.w.org\/{rel}","templated":true}]}}