{"id":526560,"date":"2025-11-11T06:30:40","date_gmt":"2025-11-11T06:30:40","guid":{"rendered":"https:\/\/www.europesays.com\/fr\/526560\/"},"modified":"2025-11-11T06:30:40","modified_gmt":"2025-11-11T06:30:40","slug":"hockey-sur-glace-ligue-magnus-ilies-djemel-tout-le-monde-doit-se-remettre-en-question","status":"publish","type":"post","link":"https:\/\/www.europesays.com\/fr\/526560\/","title":{"rendered":"HOCKEY SUR GLACE (Ligue Magnus) &#8211; Ilies Djemel : \u00ab\u00a0Tout le monde doit se remettre en question\u00a0\u00bb"},"content":{"rendered":"<p>Face aux Dragons de Rouen, les Gothiques d\u2019Amiens ont conc\u00e9d\u00e9 leur dixi\u00e8me d\u00e9faite de la saison. C\u2019\u00e9tait aussi la deuxi\u00e8me fois cons\u00e9cutive qu\u2019ils encaissaient six buts. Kevin Bergin et ses joueurs en sont conscients, il va falloir changer drastiquement certaines choses pour sortir de cette spirale n\u00e9gative.<\/p>\n<p>Ce derby des Plaines, deuxi\u00e8me du nom cette saison, aurait pu signer le retour triomphant <a href=\"https:\/\/gazettesports.fr\/hockey\/hockey-sur-glace\/les-gothiques\/\" rel=\"nofollow noopener\" target=\"_blank\">des Gothiques d\u2019Amiens<\/a> apr\u00e8s une tr\u00eave bienvenue. Mais il n\u2019en a rien \u00e9t\u00e9. Comme face \u00e0 Anglet, et m\u00eame si le compteur n\u2019est pas mont\u00e9 aussi vite, <a href=\"https:\/\/gazettesports.fr\/2025\/11\/10\/hockey-sur-glace-ligue-magnus-lourd-revers-des-gothiques-face-aux-dragons\/\" rel=\"nofollow noopener\" target=\"_blank\">les Picards ont encaiss\u00e9 six buts pour seulement deux r\u00e9alisations<\/a> malgr\u00e9 26 tentatives aux cages. Cette situation n\u2019est pas tenable sur la dur\u00e9e et Kevin Bergin, l\u2019entra\u00eeneur ami\u00e9nois, a assur\u00e9 vouloir changer d\u2019approche sur les prochaines rencontres : \u00ab\u00a0On va trouver des solutions pour mieux d\u00e9fendre. Actuellement, on a de la difficult\u00e9 \u00e0 marquer des buts malgr\u00e9 le fait qu\u2019on se cr\u00e9e beaucoup de chances. Au lieu d\u2019essayer de gagner des matchs 4-2, 4-3, 5-4, <strong>il va falloir trouver une fa\u00e7on de gagner les matchs 1-0,<\/strong> parce qu\u2019on n\u2019en marque pas plus qu\u2019un ou deux.\u00a0\u00bb<\/p>\n<p><a href=\"https:\/\/citdessaint.com\/\" aria-label=\"publicite cit dessaint 2 gazette sports\" rel=\"nofollow noopener\" target=\"_blank\"><img loading=\"lazy\" decoding=\"async\" src=\"https:\/\/www.europesays.com\/fr\/wp-content\/uploads\/2025\/10\/1761480080_384_PUBLICITE-CIT-DESSAINT-2-GAZETTE-SPORTS.gif\" alt=\"publicite cit dessaint 2 gazette sports\" width=\"760\" height=\"90\"\/><\/a><\/p>\n<p><img loading=\"lazy\" decoding=\"async\" width=\"900\" height=\"600\" src=\"https:\/\/www.europesays.com\/fr\/wp-content\/uploads\/2025\/11\/hockey-sur-glace_ligue-magnus-j15_dragons-de-rouen-gothiques-amiens_gazette-sports_theo-begler_054.j.jpeg\" alt=\"hockey sur glace ligue magnus j15 dragons de rouen gothiques amiens gazette sports theo begler 054\" class=\"wp-image-513925\"  \/>Les supporters des Gothiques \u00e9taient nombreux \u00e0 avoir fait le d\u00e9placement \u00e0 Rouen mais leur soutien sans faille n\u2019aura pas suffit.<\/p>\n<p>Dans l\u2019attitude, le coach qu\u00e9b\u00e9cois n\u2019en voulait pas \u00e0 ses joueurs : \u00ab\u00a0\u00c0 Anglet, je n\u2019\u00e9tais vraiment pas content de l\u2019effort au premier tiers, mais l\u00e0, on a surtout pay\u00e9 cash des erreurs d\u00e9fensives. <strong>On a eu un effort, mais il y a des gars qui essaient d\u2019en faire trop<\/strong>.\u00a0\u00bb Plus imperm\u00e9ables derri\u00e8re, toujours pas efficaces devant, les Samariens ont sembl\u00e9 un peu perdus, incapables de cr\u00e9er du jeu et de g\u00e9n\u00e9rer de l\u2019incertitude chez l\u2019adversaire. Sur l\u2019\u00eele Lacroix, les Dragons ont presque jou\u00e9 une division au-dessus : \u00ab\u00a0Je pense que tout le monde doit se remettre en question, on va en parler avec toute l\u2019\u00e9quipe. <strong>On va essayer de trouver les solutions ensemble<\/strong>\u00ab\u00a0, insiste Ilies Djemel, attaquant des Gothiques. Se dire les choses et repartir sur les fondamentaux d\u00e9fensifs, c\u2019est ce que souhaite Kevin Bergin : \u00ab\u00a0On va s\u2019asseoir, on va regarder la vid\u00e9o, on va s\u2019assurer que les gars ont un focus d\u00e9fensif en premier, puis ensuite, on verra comment on se cr\u00e9e des chances.\u00a0\u00bb<\/p>\n<blockquote>\n<p>Certains doivent prendre le taureau par les cornes.<\/p>\n<p>Kevin Bergin, entra\u00eeneur des Gothiques d\u2019Amiens<\/p><\/blockquote>\n<p>Pourtant, malgr\u00e9 la lassitude et la d\u00e9ception affich\u00e9e, tout n\u2019est pas \u00e0 jeter dans ce match. <a href=\"https:\/\/gazettesports.fr\/2025\/10\/31\/hockey-sur-glace-ligue-magnus-amiens-sombre-a-anglet\/\" rel=\"nofollow noopener\" target=\"_blank\">Contrairement \u00e0 Anglet<\/a>, les Ami\u00e9nois ont rapidement \u00e9galis\u00e9 apr\u00e8s l\u2019ouverture du score, m\u00eame s\u2019ils ont ensuite c\u00e9d\u00e9. Dans le deuxi\u00e8me tiers, alors qu\u2019il n\u2019y avait encore que 3-1, les Samariens ont pouss\u00e9 pour r\u00e9duire la marque et commencer \u00e0 faire douter les Rouennais : \u00ab\u00a0Pendant cinq-six minutes, ils \u00e9taient dans notre zone, avec beaucoup de lancers au but, beaucoup de mises en jeu [\u2026] <strong>Ils ont eu des chances de marquer, le score est peut-\u00eatre un peu s\u00e9v\u00e8re<\/strong>, parce qu\u2019ils ont eu de belles occasions en deuxi\u00e8me p\u00e9riode\u00a0\u00bb, conc\u00e9dait Carl Mallette, le technicien des Dragons. \u00ab\u00a0Le score ne refl\u00e8te pas le match\u00a0\u00bb, confirmait Djemel, auteur du deuxi\u00e8me but ami\u00e9nois. Mais c\u2019est comme \u00e7a, c\u2019est le hockey, c\u2019est le sport le plus rapide du monde, <strong>\u00e7a peut \u00eatre un match serr\u00e9 comme un 6-2<\/strong>.\u00a0\u00bb Et \u00e0 force de ne pas concr\u00e9tiser, les Gothiques prenaient un quatri\u00e8me but qui allait \u00eatre fatal, sur l\u2019une des premi\u00e8res offensives normandes de la p\u00e9riode.<\/p>\n<p><img loading=\"lazy\" decoding=\"async\" width=\"900\" height=\"600\" src=\"https:\/\/www.europesays.com\/fr\/wp-content\/uploads\/2025\/11\/hockey-sur-glace_ligue-magnus-j15_dragons-de-rouen-gothiques-amiens_gazette-sports_theo-begler_053.j.jpeg\" alt=\"hockey sur glace ligue magnus j15 dragons de rouen gothiques amiens gazette sports theo begler 053\" class=\"wp-image-513924\"  \/>Ilies Djemel (\u00e0 droite) a inscrit le but de la consolation en toute fin de rencontre.<\/p>\n<p>Malgr\u00e9 ces deux derniers lourds revers, pas question de baisser la t\u00eate. <strong>\u00ab\u00a0C\u2019est un marathon, pas un sprint\u00a0\u00bb,<\/strong> s\u2019est permis de rappeler Bergin avant d\u2019insister sur la n\u00e9cessit\u00e9 de g\u00e9rer cette p\u00e9riode creuse avec lucidit\u00e9 : \u00ab\u00a0Dans une saison, tu vas avoir des hauts, il ne faut pas que tu montes trop haut, et tu vas avoir des bas. L\u00e0, il ne faut pas descendre trop bas. Quand tu es dans le dur, il faut que tu mettes tes bottes de travail, que tu sortes le caract\u00e8re, et <strong>il faut le faire ensemble parce que ce n\u2019est pas un joueur qui va sortir l\u2019\u00e9quipe de ces deux d\u00e9faites-l\u00e0<\/strong>. Certains doivent prendre le taureau par les cornes, d\u00e8s vendredi.\u00a0\u00bb Pour Ilies Djemel, cette d\u00e9faite est comme les autres et son \u00e9quipe traverse simplement une mauvaise passe. Lui aussi aura \u00e0 c\u0153ur de se rassurer, tout comme son \u00e9quipe et ses supporters d\u00e8s vendredi \u00e0 l\u2019occasion de la r\u00e9ception de Chamonix : \u00ab\u00a0On va travailler fort pour aller chercher les victoires qu\u2019on m\u00e9rite.\u00a0\u00bb Les Gothiques ont trois jours pour r\u00e9apprendre \u00e0 d\u00e9fendre, ou \u00e0 attaquer, voire les deux.<\/p>\n<p>Simon Vasseur<br \/>Cr\u00e9dit photo : Th\u00e9o B\u00e9gler \u2013 Gazettesports.fr<\/p>\n","protected":false},"excerpt":{"rendered":"Face aux Dragons de Rouen, les Gothiques d\u2019Amiens ont conc\u00e9d\u00e9 leur dixi\u00e8me d\u00e9faite de la saison. C\u2019\u00e9tait aussi&hellip;\n","protected":false},"author":2,"featured_media":526561,"comment_status":"","ping_status":"","sticky":false,"template":"","format":"standard","meta":{"footnotes":""},"categories":[9587],"tags":[1111,11,1777,674,1011,27,12,5161,25,9590],"class_list":{"0":"post-526560","1":"post","2":"type-post","3":"status-publish","4":"format-standard","5":"has-post-thumbnail","7":"category-rouen","8":"tag-actu","9":"tag-actualites","10":"tag-eu","11":"tag-europe","12":"tag-fr","13":"tag-france","14":"tag-news","15":"tag-normandie","16":"tag-republique-francaise","17":"tag-rouen"},"share_on_mastodon":{"url":"https:\/\/pubeurope.com\/@fr\/115529661374292063","error":""},"_links":{"self":[{"href":"https:\/\/www.europesays.com\/fr\/wp-json\/wp\/v2\/posts\/526560","targetHints":{"allow":["GET"]}}],"collection":[{"href":"https:\/\/www.europesays.com\/fr\/wp-json\/wp\/v2\/posts"}],"about":[{"href":"https:\/\/www.europesays.com\/fr\/wp-json\/wp\/v2\/types\/post"}],"author":[{"embeddable":true,"href":"https:\/\/www.europesays.com\/fr\/wp-json\/wp\/v2\/users\/2"}],"replies":[{"embeddable":true,"href":"https:\/\/www.europesays.com\/fr\/wp-json\/wp\/v2\/comments?post=526560"}],"version-history":[{"count":0,"href":"https:\/\/www.europesays.com\/fr\/wp-json\/wp\/v2\/posts\/526560\/revisions"}],"wp:featuredmedia":[{"embeddable":true,"href":"https:\/\/www.europesays.com\/fr\/wp-json\/wp\/v2\/media\/526561"}],"wp:attachment":[{"href":"https:\/\/www.europesays.com\/fr\/wp-json\/wp\/v2\/media?parent=526560"}],"wp:term":[{"taxonomy":"category","embeddable":true,"href":"https:\/\/www.europesays.com\/fr\/wp-json\/wp\/v2\/categories?post=526560"},{"taxonomy":"post_tag","embeddable":true,"href":"https:\/\/www.europesays.com\/fr\/wp-json\/wp\/v2\/tags?post=526560"}],"curies":[{"name":"wp","href":"https:\/\/api.w.org\/{rel}","templated":true}]}}