{"id":526564,"date":"2025-11-11T06:34:15","date_gmt":"2025-11-11T06:34:15","guid":{"rendered":"https:\/\/www.europesays.com\/fr\/526564\/"},"modified":"2025-11-11T06:34:15","modified_gmt":"2025-11-11T06:34:15","slug":"chef-dun-point-de-deal-a-16-ans-qui-est-le-tireur-qui-avait-grievement-blesse-un-enfant-de-5-ans-pres-de-rennes-lannee-derniere","status":"publish","type":"post","link":"https:\/\/www.europesays.com\/fr\/526564\/","title":{"rendered":"Chef d\u2019un point de deal \u00e0 16 ans : qui est le tireur qui avait gri\u00e8vement bless\u00e9 un enfant de 5 ans\u00a0pr\u00e8s de Rennes l\u2019ann\u00e9e derni\u00e8re ?"},"content":{"rendered":"<p>Il y a un an \u00e0 Maurepas, une guerre de territoire avait donn\u00e9 lieu \u00e0 une quinzaine de fusillades en quatre mois autour du point de deal de la Banane, all\u00e9e de Brno. Le 26 octobre 2024, une course-poursuite entre deux v\u00e9hicules s\u2019achevait par la tentative de meurtre d\u2019un p\u00e8re et de son enfant de 5 ans. Au rond-point du Ponant \u00e0 Pac\u00e9, le gar\u00e7onnet prenait deux balles dans la t\u00eate.<\/p>\n<p>Un tireur \u00e2g\u00e9 de 16 ans<\/p>\n<p>Un fait divers qui avait eu un retentissement national et provoqu\u00e9 le d\u00e9placement dans la capitale bretonne du ministre de l\u2019Int\u00e9rieur Bruno Retailleau. Le 16 d\u00e9cembre, la police interpellait le tireur pr\u00e9sum\u00e9 \u00e0 Rennes : un jeune homme de 16 ans.<\/p>\n<p>Pr\u00e9nomm\u00e9 R., ce dernier est connu dans le quartier de Maurepas o\u00f9 il a grandi. Issu d\u2019une famille Mahoraise, R. \u00e9tait connu pour trafic de stup\u00e9fiants. Cependant, les policiers ont \u00e9t\u00e9 surpris de d\u00e9couvrir que ce jeune homme \u00e9tait un des meneurs du point de deal de la Banane.<\/p>\n<p>Incarc\u00e9r\u00e9 \u00e0 Orvault<\/p>\n<p>Suite \u00e0 son arrestation pour avoir gri\u00e8vement bless\u00e9 un enfant, ce mineur de 16 ans a \u00e9t\u00e9 incarc\u00e9r\u00e9 \u00e0 la prison d\u2019Orvault (44). Une incarc\u00e9ration qui ne l\u2019a pas emp\u00each\u00e9 de continuer \u00e0 donner des ordres pour g\u00e9rer le point de deal de la Banane. Les \u00e9changes depuis la prison faisaient \u00e9tat d\u2019une scission dans le groupe de jeunes d\u2019origine mahoraise. En avril 2025, il a de nouveau \u00e9t\u00e9 extrait et poursuivi cette fois pour trafic de stup\u00e9fiants. <\/p>\n<p>\u00ab Entre les deux tentatives de meurtre sur le p\u00e8re et son fils et la mat\u00e9rialisation du pilotage du point de deal depuis la prison d\u2019Orvault, il ne sortira pas avant de longues ann\u00e9es \u00bb, souffle une source judiciaire. \u00ab Nous sommes all\u00e9s le voir \u00e0 la prison \u00bb, ajoute des travailleurs sociaux. \u00ab Malgr\u00e9 ses d\u00e9m\u00eal\u00e9s judiciaires, il n\u2019en reste pas moins un adolescent qui a besoin d\u2019\u00eatre soutenu. En continuant \u00e0 aller le voir, on soutient aussi sa famille : ses fr\u00e8res, s\u0153urs et sa m\u00e8re qui sont rest\u00e9s dans le quartier. Le lien ne s\u2019arr\u00eate pas avec une condamnation judiciaire. \u00bb<\/p>\n","protected":false},"excerpt":{"rendered":"Il y a un an \u00e0 Maurepas, une guerre de territoire avait donn\u00e9 lieu \u00e0 une quinzaine de&hellip;\n","protected":false},"author":2,"featured_media":526565,"comment_status":"","ping_status":"","sticky":false,"template":"","format":"standard","meta":{"footnotes":""},"categories":[2821],"tags":[1111,11,829,765,1777,674,118,3383,1011,27,12,584,25],"class_list":{"0":"post-526564","1":"post","2":"type-post","3":"status-publish","4":"format-standard","5":"has-post-thumbnail","7":"category-rennes","8":"tag-actu","9":"tag-actualites","10":"tag-bretagne","11":"tag-en-continu","12":"tag-eu","13":"tag-europe","14":"tag-faits-divers","15":"tag-faits-divers-a-rennes","16":"tag-fr","17":"tag-france","18":"tag-news","19":"tag-rennes","20":"tag-republique-francaise"},"share_on_mastodon":{"url":"https:\/\/pubeurope.com\/@fr\/115529676466834851","error":""},"_links":{"self":[{"href":"https:\/\/www.europesays.com\/fr\/wp-json\/wp\/v2\/posts\/526564","targetHints":{"allow":["GET"]}}],"collection":[{"href":"https:\/\/www.europesays.com\/fr\/wp-json\/wp\/v2\/posts"}],"about":[{"href":"https:\/\/www.europesays.com\/fr\/wp-json\/wp\/v2\/types\/post"}],"author":[{"embeddable":true,"href":"https:\/\/www.europesays.com\/fr\/wp-json\/wp\/v2\/users\/2"}],"replies":[{"embeddable":true,"href":"https:\/\/www.europesays.com\/fr\/wp-json\/wp\/v2\/comments?post=526564"}],"version-history":[{"count":0,"href":"https:\/\/www.europesays.com\/fr\/wp-json\/wp\/v2\/posts\/526564\/revisions"}],"wp:featuredmedia":[{"embeddable":true,"href":"https:\/\/www.europesays.com\/fr\/wp-json\/wp\/v2\/media\/526565"}],"wp:attachment":[{"href":"https:\/\/www.europesays.com\/fr\/wp-json\/wp\/v2\/media?parent=526564"}],"wp:term":[{"taxonomy":"category","embeddable":true,"href":"https:\/\/www.europesays.com\/fr\/wp-json\/wp\/v2\/categories?post=526564"},{"taxonomy":"post_tag","embeddable":true,"href":"https:\/\/www.europesays.com\/fr\/wp-json\/wp\/v2\/tags?post=526564"}],"curies":[{"name":"wp","href":"https:\/\/api.w.org\/{rel}","templated":true}]}}