{"id":526568,"date":"2025-11-11T06:36:13","date_gmt":"2025-11-11T06:36:13","guid":{"rendered":"https:\/\/www.europesays.com\/fr\/526568\/"},"modified":"2025-11-11T06:36:13","modified_gmt":"2025-11-11T06:36:13","slug":"redecouvrez-psychose-en-cine-concert-au-palais-des-fetes","status":"publish","type":"post","link":"https:\/\/www.europesays.com\/fr\/526568\/","title":{"rendered":"red\u00e9couvrez \u201cPsychose\u201d en cin\u00e9 concert au Palais des f\u00eates"},"content":{"rendered":"<p>Organis\u00e9 par l\u2019association Arts culture Alsace, en collaboration avec IMG Artists, le cin\u00e9-concert Psychose  promet une exp\u00e9rience sensorielle unique, o\u00f9 chaque image du film culte d\u2019Alfred Hitchcock dialoguera avec la puissance de la musique en live.<\/p>\n<p>Plac\u00e9 sous la direction du chef Anthony Gabriele, l\u2019Orchestre de chambre de Stuttgart donnera vie \u00e0 la partition r\u00e9volutionnaire du compositeur et chef d\u2019orchestre am\u00e9ricain Bernard Herrmann, compos\u00e9e uniquement pour cordes. Cette musique, indissociable du suspense du film, retrouvera toute son intensit\u00e9, pour plonger <a href=\"https:\/\/www.dna.fr\/culture-loisirs\/2024\/12\/06\/c-etait-le-haut-lieu-de-rejouissances-des-strasbourgeois-300-pages-sur-le-palais-des-fetes\" target=\"_blank\" rel=\"nofollow noopener\">le public du Palais des f\u00eates<\/a> dans l\u2019atmosph\u00e8re hypnotique du motel Bates\u2026 Frissons garantis !<\/p>\n<p>  Mobilisation tous azimuts<\/p>\n<p>Fond\u00e9e en 2023 \u00e0 Strasbourg, l\u2019association Arts culture Alsace est compos\u00e9e d\u2019\u00e9tudiants en musique, arts du spectacle et m\u00e9diation culturelle, rassembl\u00e9s autour d\u2019un objectif : \u00ab proposer des \u00e9v\u00e9nements artistiques ambitieux et accessibles \u00bb.<\/p>\n<p>Ce cin\u00e9-concert marque sa premi\u00e8re collaboration internationale. Un projet qui repr\u00e9sente un v\u00e9ritable d\u00e9fi organisationnel et artistique, et mobilise depuis plusieurs mois de nombreux \u00e9tudiants et jeunes professionnels, impliqu\u00e9s dans la coordination logistique, la communication, les partenariats, la m\u00e9diation culturelle et l\u2019accueil du public.<\/p>\n<p class=\"note\">Cin\u00e9-concert Psychose , le dimanche 16 novembre \u00e0 17 h dans la grande salle du Palais des f\u00eates, 5, rue Sell\u00e9nick \u00e0 Strasbourg. Tarifs : de 6 \u20ac (pour les \u00e9tudiants) \u00e0 82 \u20ac (plusieurs cat\u00e9gories de place disponibles). Ouverture des portes \u00e0 16 h avec une ambiance \u00ab Ann\u00e9es 60 \u00bb (espace photo, stands et buvette). Film projet\u00e9 en deux parties avec entracte. Billetterie : artsculturealsace.eu<\/p>\n","protected":false},"excerpt":{"rendered":"Organis\u00e9 par l\u2019association Arts culture Alsace, en collaboration avec IMG Artists, le cin\u00e9-concert Psychose promet une exp\u00e9rience sensorielle&hellip;\n","protected":false},"author":2,"featured_media":526569,"comment_status":"","ping_status":"","sticky":false,"template":"","format":"standard","meta":{"footnotes":""},"categories":[2820],"tags":[1111,11,650,1687,2880,1777,674,107,1011,27,775,873,12,25,640,2879],"class_list":{"0":"post-526568","1":"post","2":"type-post","3":"status-publish","4":"format-standard","5":"has-post-thumbnail","7":"category-strasbourg","8":"tag-actu","9":"tag-actualites","10":"tag-cinema","11":"tag-culture-loisirs","12":"tag-edition-strasbourg","13":"tag-eu","14":"tag-europe","15":"tag-fil-info","16":"tag-fr","17":"tag-france","18":"tag-grand-est","19":"tag-musique","20":"tag-news","21":"tag-republique-francaise","22":"tag-strasbourg","23":"tag-strasbourg-ville"},"share_on_mastodon":{"url":"https:\/\/pubeurope.com\/@fr\/115529684384936594","error":""},"_links":{"self":[{"href":"https:\/\/www.europesays.com\/fr\/wp-json\/wp\/v2\/posts\/526568","targetHints":{"allow":["GET"]}}],"collection":[{"href":"https:\/\/www.europesays.com\/fr\/wp-json\/wp\/v2\/posts"}],"about":[{"href":"https:\/\/www.europesays.com\/fr\/wp-json\/wp\/v2\/types\/post"}],"author":[{"embeddable":true,"href":"https:\/\/www.europesays.com\/fr\/wp-json\/wp\/v2\/users\/2"}],"replies":[{"embeddable":true,"href":"https:\/\/www.europesays.com\/fr\/wp-json\/wp\/v2\/comments?post=526568"}],"version-history":[{"count":0,"href":"https:\/\/www.europesays.com\/fr\/wp-json\/wp\/v2\/posts\/526568\/revisions"}],"wp:featuredmedia":[{"embeddable":true,"href":"https:\/\/www.europesays.com\/fr\/wp-json\/wp\/v2\/media\/526569"}],"wp:attachment":[{"href":"https:\/\/www.europesays.com\/fr\/wp-json\/wp\/v2\/media?parent=526568"}],"wp:term":[{"taxonomy":"category","embeddable":true,"href":"https:\/\/www.europesays.com\/fr\/wp-json\/wp\/v2\/categories?post=526568"},{"taxonomy":"post_tag","embeddable":true,"href":"https:\/\/www.europesays.com\/fr\/wp-json\/wp\/v2\/tags?post=526568"}],"curies":[{"name":"wp","href":"https:\/\/api.w.org\/{rel}","templated":true}]}}