{"id":526570,"date":"2025-11-11T06:37:13","date_gmt":"2025-11-11T06:37:13","guid":{"rendered":"https:\/\/www.europesays.com\/fr\/526570\/"},"modified":"2025-11-11T06:37:13","modified_gmt":"2025-11-11T06:37:13","slug":"voici-a-quelle-heure-se-derouleront-les-commemorations","status":"publish","type":"post","link":"https:\/\/www.europesays.com\/fr\/526570\/","title":{"rendered":"voici \u00e0 quelle heure se d\u00e9rouleront les comm\u00e9morations"},"content":{"rendered":"<p>            Par<br \/>\n        <strong><br \/>\n            <a href=\"https:\/\/actu.fr\/auteur\/thomas-blanc\" title=\"Consulter tous les articles de Thomas Blanc\" target=\"_blank\" rel=\"noopener\">Thomas Blanc<\/a><br \/>\n        <\/strong><\/p>\n<p>        Publi\u00e9 le<\/p>\n<p>            11 nov. 2025 \u00e0 7h02        <\/p>\n<p>Ce mardi <a href=\"https:\/\/actu.fr\/societe\/11-novembre-que-commemore-t-on-en-ce-jour-ferie_60319360.html\" target=\"_blank\" rel=\"noopener\">11\u00a0novembre<\/a> 2025, la France rend hommage aux soldats de la Premi\u00e8re Guerre mondiale\u00a0et c\u00e9l\u00e8bre <strong>l\u2019armistice de 1918<\/strong>. Dans le <a href=\"https:\/\/actu.fr\/grand-est\/bas-rhin_67\" target=\"_blank\" rel=\"noopener\">Bas-Rhin<\/a>, nombreuses <strong>c\u00e9r\u00e9monies comm\u00e9moratives<\/strong> rythment la journ\u00e9e. Voici ce qu\u2019il faut savoir pour celle de <a href=\"https:\/\/actu.fr\/strasbourg\/\" target=\"_blank\" rel=\"noopener\">Strasbourg<\/a>.<\/p>\n<p>La c\u00e9r\u00e9monie \u00e0 partir de 11h \u00e0 Strasbourg<\/p>\n<p class=\" wall-content\">Le 11-Novembre, de son nom complet, <strong>journ\u00e9e nationale de comm\u00e9moration de la victoire et de la paix<\/strong>, est le moment de nombreuses c\u00e9l\u00e9brations et <strong>hommages<\/strong> dans toute la France. \u00c0 Strasbourg, la c\u00e9r\u00e9monie se tiendra autour du monument aux morts de la <strong>place de la R\u00e9publique \u00e0 partir de 11h<\/strong>.<\/p>\n<p>    <a href=\"https:\/\/www.google.com\/maps\/embed?pb=!1m18!1m12!1m3!1d6277.152303904661!2d7.750751730005162!3d48.58653544025346!2m3!1f0!2f0!3f0!3m2!1i1024!2i768!4f13.1!3m3!1m2!1s0x4796c850cf2f7af1%3A0x635aaa5394f84ae5!2sMonument%20aux%20morts%20de%20Strasbourg!5e0!3m2!1sfr!2sfr!4v1762794275987!5m2!1sfr!2sfr\" title=\"Ouvrie le lien\" target=\"_blank\" rel=\"noopener\">Cliquez ici pour visualiser le contenu<\/a><\/p>\n<p class=\" wall-content\">C\u2019est <strong>Jacques Witkowski<\/strong>, pr\u00e9fet de la r\u00e9gion Grand Est et pr\u00e9fet du Bas-Rhin, qui pr\u00e9sidera la c\u00e9r\u00e9monie d\u2019hommage, sous l\u2019autorit\u00e9 du g\u00e9n\u00e9ral <strong>R\u00e9gis Anthonioz<\/strong>, gouverneur militaire de Strasbourg.<\/p>\n<p>La maire de Strasbourg \u00e9galement pr\u00e9sente<\/p>\n<p class=\" wall-content\">La maire de Strasbourg<strong> Jeanne Barseghian<\/strong> (Les \u00c9cologistes) sera \u00e9galement pr\u00e9sente accompagn\u00e9e d\u2019<strong>Anne Mistler<\/strong>, son adjointe en charge de la politique m\u00e9morielle et des anciens combattants.<\/p>\n<p class=\" wall-content\"><strong>Une gerbe sera d\u00e9pos\u00e9e devant la st\u00e8le<\/strong>. Les b\u00e2timents et \u00e9difices publics seront pavois\u00e9s aux couleurs nationales.<\/p>\n<p class=\" wall-content\">Personnalisez votre actualit\u00e9 en ajoutant vos villes et m\u00e9dias en favori avec <a href=\"https:\/\/moncompte.actu.fr\" title=\"D\u00e9couvez Mon Actu\" rel=\"nofollow noopener\" data-trk=\"{&quot;cta&quot;:{&quot;action&quot;:&quot;https:\\\/\\\/moncompte.actu.fr&quot;,&quot;category&quot;:&quot;mon compte&quot;,&quot;from&quot;:&quot;article footer&quot;,&quot;name&quot;:&quot;Mon actu&quot;,&quot;type&quot;:&quot;cta&quot;}}\" target=\"_blank\">Mon Actu<\/a>.<\/p>\n","protected":false},"excerpt":{"rendered":"Par Thomas Blanc Publi\u00e9 le 11 nov. 2025 \u00e0 7h02 Ce mardi 11\u00a0novembre 2025, la France rend hommage&hellip;\n","protected":false},"author":2,"featured_media":526571,"comment_status":"","ping_status":"","sticky":false,"template":"","format":"standard","meta":{"footnotes":""},"categories":[2820],"tags":[1111,11,1777,674,1011,27,775,12,2384,25,104,640],"class_list":{"0":"post-526570","1":"post","2":"type-post","3":"status-publish","4":"format-standard","5":"has-post-thumbnail","7":"category-strasbourg","8":"tag-actu","9":"tag-actualites","10":"tag-eu","11":"tag-europe","12":"tag-fr","13":"tag-france","14":"tag-grand-est","15":"tag-news","16":"tag-premiere-guerre-mondiale","17":"tag-republique-francaise","18":"tag-societe","19":"tag-strasbourg"},"share_on_mastodon":{"url":"https:\/\/pubeurope.com\/@fr\/115529688336400038","error":""},"_links":{"self":[{"href":"https:\/\/www.europesays.com\/fr\/wp-json\/wp\/v2\/posts\/526570","targetHints":{"allow":["GET"]}}],"collection":[{"href":"https:\/\/www.europesays.com\/fr\/wp-json\/wp\/v2\/posts"}],"about":[{"href":"https:\/\/www.europesays.com\/fr\/wp-json\/wp\/v2\/types\/post"}],"author":[{"embeddable":true,"href":"https:\/\/www.europesays.com\/fr\/wp-json\/wp\/v2\/users\/2"}],"replies":[{"embeddable":true,"href":"https:\/\/www.europesays.com\/fr\/wp-json\/wp\/v2\/comments?post=526570"}],"version-history":[{"count":0,"href":"https:\/\/www.europesays.com\/fr\/wp-json\/wp\/v2\/posts\/526570\/revisions"}],"wp:featuredmedia":[{"embeddable":true,"href":"https:\/\/www.europesays.com\/fr\/wp-json\/wp\/v2\/media\/526571"}],"wp:attachment":[{"href":"https:\/\/www.europesays.com\/fr\/wp-json\/wp\/v2\/media?parent=526570"}],"wp:term":[{"taxonomy":"category","embeddable":true,"href":"https:\/\/www.europesays.com\/fr\/wp-json\/wp\/v2\/categories?post=526570"},{"taxonomy":"post_tag","embeddable":true,"href":"https:\/\/www.europesays.com\/fr\/wp-json\/wp\/v2\/tags?post=526570"}],"curies":[{"name":"wp","href":"https:\/\/api.w.org\/{rel}","templated":true}]}}