{"id":526572,"date":"2025-11-11T06:38:12","date_gmt":"2025-11-11T06:38:12","guid":{"rendered":"https:\/\/www.europesays.com\/fr\/526572\/"},"modified":"2025-11-11T06:38:12","modified_gmt":"2025-11-11T06:38:12","slug":"nouvelle-defaite-pour-les-diables-rouges-de-briancon-a-nice-2-5","status":"publish","type":"post","link":"https:\/\/www.europesays.com\/fr\/526572\/","title":{"rendered":"Nouvelle d\u00e9faite pour les Diables Rouges de Brian\u00e7on \u00e0 Nice (2-5)"},"content":{"rendered":"<p>\t\t\t\t\t\t\t\t\t\t\t<img decoding=\"async\" src=\"https:\/\/www.europesays.com\/fr\/wp-content\/uploads\/2025\/11\/1280x720_nouvelle-defaite-pour-les-diables-rouges-de-briancon-a-nice-2-5_6912d812ab886.jpg\" alt=\"Nouvelle d\u00e9faite pour les Diables Rouges de Brian\u00e7on \u00e0 Nice (2-5)\" title=\"Nouvelle d\u00e9faite pour les Diables Rouges de Brian\u00e7on \u00e0 Nice (2-5)\" width=\"1280\" height=\"720\" class=\"img-fluid  mb-3\" loading=\"lazy\"\/>\t\t\t\t\t\t\t\t\t\t\t\t<\/p>\n<p>Nouvelle d\u00e9faite pour les Diables Rouges de Brian\u00e7on \u00e0 Nice (2-5) &#8211; DR<\/p>\n<p itemprop=\"description\"><strong>Face \u00e0 leur public, les Diables Rouges n&rsquo;ont pas enray\u00e9 leur spirale de d\u00e9faite lundi soir.<\/strong><\/p>\n<p>Pire, ils ont relanc\u00e9 Nice, qui restait sur 5 d\u00e9faites cons\u00e9cutives en Ligue Magnus.<\/p>\n<p>Sur sa glace de Ren\u00e9 Froger, Brian\u00e7on a d&rsquo;abord tenu t\u00eate aux Azur\u00e9ens, gr\u00e2ce \u00e0 William Persson, auteur d&rsquo;un but dans le 1er tiers (1-1).<\/p>\n<p>Mais les Haut-Alpins craquaient dans le 2e tiers, encaissant trois buts de Nice et n&rsquo;en marquant qu&rsquo;un seul par le jeune Hugo Cal (2-4).<\/p>\n<p>Sonn\u00e9s, les Diables Rouges encaissaient un ultime but et s&rsquo;inclinaient logiquement (2-5).<\/p>\n<blockquote class=\"twitter-tweet\"><p>&#13;<\/p>\n<p dir=\"ltr\" lang=\"fr\">\ud83e\udd85 Fin de la difficile s\u00e9rie pour <a href=\"https:\/\/twitter.com\/LesAiglesdeNice?ref_src=twsrc%5Etfw\" rel=\"nofollow noopener\" target=\"_blank\">@LesAiglesdeNice<\/a> qui restaient sur 5 d\u00e9faites de suite jusque-l\u00e0 ! <a href=\"https:\/\/twitter.com\/hashtag\/SLMHockey?src=hash&amp;ref_src=twsrc%5Etfw\" rel=\"nofollow noopener\" target=\"_blank\">#SLMHockey<\/a> <a href=\"https:\/\/twitter.com\/hashtag\/BRINIC?src=hash&amp;ref_src=twsrc%5Etfw\" rel=\"nofollow noopener\" target=\"_blank\">#BRINIC<\/a> <a href=\"https:\/\/t.co\/7QuUYDWR5l\" rel=\"nofollow\">pic.twitter.com\/7QuUYDWR5l<\/a><\/p>\n<p>&#13;<br \/>\n\u2014 Synerglace Ligue Magnus (@LigueMagnus) <a href=\"https:\/\/twitter.com\/LigueMagnus\/status\/1988011024411488602?ref_src=twsrc%5Etfw\" rel=\"nofollow noopener\" target=\"_blank\">November 10, 2025<\/a><\/p><\/blockquote>\n<p>Il va falloir encha\u00eener d\u00e8s vendredi \u00e0 Cergy-Pontoise face \u00e0 des Jokers, lanterne rouge du championnat. Une place \u00e0 laquelle Brian\u00e7on ne veut pas tomber, et pour cela il faudra absolument renouer avec la victoire.<\/p>\n<p>\t\t\t\t\t\t\t\t\t\t\t\t\t\t\t\t\t\t\t<script async src=\"https:\/\/platform.twitter.com\/widgets.js\" charset=\"utf-8\"><\/script><\/p>\n","protected":false},"excerpt":{"rendered":"Nouvelle d\u00e9faite pour les Diables Rouges de Brian\u00e7on \u00e0 Nice (2-5) &#8211; DR Face \u00e0 leur public, les&hellip;\n","protected":false},"author":2,"featured_media":526573,"comment_status":"","ping_status":"","sticky":false,"template":"","format":"standard","meta":{"footnotes":""},"categories":[2819],"tags":[1111,11,7733,8279,7736,650,7734,2889,2263,1777,674,1011,27,1085,8280,6417,1114,4662,12,2401,3725,882,1825,25,7053,7737],"class_list":{"0":"post-526572","1":"post","2":"type-post","3":"status-publish","4":"format-standard","5":"has-post-thumbnail","7":"category-nice","8":"tag-actu","9":"tag-actualites","10":"tag-alpes","11":"tag-alpes1","12":"tag-cds","13":"tag-cinema","14":"tag-ecoute","15":"tag-emission","16":"tag-equipe","17":"tag-eu","18":"tag-europe","19":"tag-fr","20":"tag-france","21":"tag-gap","22":"tag-haute","23":"tag-information","24":"tag-infos","25":"tag-journal","26":"tag-news","27":"tag-nice","28":"tag-podcast","29":"tag-provence-alpes-cote-dazur","30":"tag-radio","31":"tag-republique-francaise","32":"tag-sud","33":"tag-winamp"},"share_on_mastodon":{"url":"https:\/\/pubeurope.com\/@fr\/115529692799848546","error":""},"_links":{"self":[{"href":"https:\/\/www.europesays.com\/fr\/wp-json\/wp\/v2\/posts\/526572","targetHints":{"allow":["GET"]}}],"collection":[{"href":"https:\/\/www.europesays.com\/fr\/wp-json\/wp\/v2\/posts"}],"about":[{"href":"https:\/\/www.europesays.com\/fr\/wp-json\/wp\/v2\/types\/post"}],"author":[{"embeddable":true,"href":"https:\/\/www.europesays.com\/fr\/wp-json\/wp\/v2\/users\/2"}],"replies":[{"embeddable":true,"href":"https:\/\/www.europesays.com\/fr\/wp-json\/wp\/v2\/comments?post=526572"}],"version-history":[{"count":0,"href":"https:\/\/www.europesays.com\/fr\/wp-json\/wp\/v2\/posts\/526572\/revisions"}],"wp:featuredmedia":[{"embeddable":true,"href":"https:\/\/www.europesays.com\/fr\/wp-json\/wp\/v2\/media\/526573"}],"wp:attachment":[{"href":"https:\/\/www.europesays.com\/fr\/wp-json\/wp\/v2\/media?parent=526572"}],"wp:term":[{"taxonomy":"category","embeddable":true,"href":"https:\/\/www.europesays.com\/fr\/wp-json\/wp\/v2\/categories?post=526572"},{"taxonomy":"post_tag","embeddable":true,"href":"https:\/\/www.europesays.com\/fr\/wp-json\/wp\/v2\/tags?post=526572"}],"curies":[{"name":"wp","href":"https:\/\/api.w.org\/{rel}","templated":true}]}}