{"id":526574,"date":"2025-11-11T06:39:33","date_gmt":"2025-11-11T06:39:33","guid":{"rendered":"https:\/\/www.europesays.com\/fr\/526574\/"},"modified":"2025-11-11T06:39:33","modified_gmt":"2025-11-11T06:39:33","slug":"nice-trois-policiers-condamnes-pour-injures-racistes-lors-dune-arrestation","status":"publish","type":"post","link":"https:\/\/www.europesays.com\/fr\/526574\/","title":{"rendered":"Nice : trois policiers condamn\u00e9s pour injures racistes lors d\u2019une arrestation"},"content":{"rendered":"<p class=\"paragraph text_align_left lp-f-body-02\">Trois policiers, jug\u00e9s \u00e0 <a href=\"https:\/\/www.leparisien.fr\/alpes-maritimes-06\/nice-une-femme-tuee-dans-son-appartement-un-homme-interpelle-04-11-2025-2ENXLGAC6NC6RKRYGY3BUKEWVQ.php\" target=\"_blank\" rel=\"noreferrer nofollow noopener\">Nice<\/a> (Alpes-Maritimes) pour des injures racistes et des violences psychologiques \u00e0 l\u2019\u00e9gard de deux trafiquants de drogue tunisiens, ont \u00e9t\u00e9 condamn\u00e9s lundi \u00e0 douze mois de prison avec sursis et six mois d\u2019interdiction d\u2019exercer leurs fonctions.<\/p>\n<p class=\"paragraph text_align_left lp-f-body-02\">Deux autres policiers, \u00e9galement poursuivis devant le tribunal correctionnel, ont \u00e9t\u00e9 relax\u00e9s. Le parquet avait requis fin octobre 12 \u00e0 18 mois de prison et une interdiction d\u00e9finitive d\u2019exercer pour les cinq.<\/p>\n<p class=\"paragraph text_align_left lp-f-body-02\">Le 22 juillet, ces policiers avaient interpel\u00e9 deux jeunes hommes soup\u00e7onn\u00e9s de trafic de stup\u00e9fiants dans <a href=\"https:\/\/www.leparisien.fr\/faits-divers\/nice-trois-nouvelles-mises-en-examen-apres-la-fusillade-mortelle-des-moulins-22-10-2025-GVHVISRRMRGCFNVVNT3MBUQ534.php\" target=\"_blank\" rel=\"noreferrer nofollow noopener\">le quartier sensible des Moulins<\/a>, dans l\u2019ouest de Nice, et les avaient embarqu\u00e9s dans une fourgonnette \u00e0 destination d\u2019un commissariat.<\/p>\n<p>Le dictaphone discr\u00e8tement activ\u00e9<\/p>\n<p class=\"paragraph text_align_left lp-f-body-02\">Discr\u00e8tement, l\u2019un des jeunes avait activ\u00e9 le dictaphone de son t\u00e9l\u00e9phone, enregistrant pendant le trajet insultes, moqueries, violences et humiliations.<\/p>\n<p class=\"lp-card-podcast-highlighting__title  lp-f-subtitle-05\">[4\/4] L\u2019assassinat du PDG de Renault\u00a0: la sanglante \u00e9pop\u00e9e du groupe Action directe<\/p>\n<p class=\"lp-card-podcast-highlighting__description lp-f-ui-05\">Crime story raconte chaque semaine les grandes affaires criminelles.<\/p>\n<p><a class=\"lp-card-podcast-highlighting__call-to-action\" data-page-type=\"HP\" data-block-name=\"podcast-highlight\">\u00c9couter<\/a><\/p>\n<p class=\"paragraph text_align_left lp-f-body-02\">Sur l\u2019enregistrement de plus de 30 minutes, d\u00e9couvert par un enqu\u00eateur \u00e0 l\u2019arriv\u00e9e de l\u2019interpell\u00e9 au commissariat, transmis \u00e0 l\u2019IGPN, la police des polices, et diffus\u00e9 \u00e0 l\u2019audience, on pouvait entendre des cris, des pleurs, des bruits \u00e9voquant des coups et plusieurs insultes racistes.<\/p>\n<p class=\"paragraph text_align_left lp-f-body-02\">L\u2019un des trafiquants, \u00e2g\u00e9 de 18 ans et condamn\u00e9 depuis \u00e0 18 mois de prison pour vol en r\u00e9union, a accus\u00e9 les policiers d\u2019avoir arrach\u00e9 des pages d\u2019un Coran retrouv\u00e9 dans son sac et d\u2019en avoir fait des boulettes pour les lui fourrer dans la bouche.<\/p>\n<p class=\"paragraph text_align_left lp-f-body-02\">Tout en reconnaissant partiellement les injures, les trois policiers qui se trouvaient \u00e0 l\u2019arri\u00e8re de la fourgonnette ont assur\u00e9 qu\u2019il s\u2019agissait d\u2019un carnet trouv\u00e9 dans une poubelle et qu\u2019ils \u00e9taient \u00ab partis dans un d\u00e9lire \u00bb pour faire \u00ab une mauvaise blague \u00bb au jeune homme.<\/p>\n<p class=\"paragraph text_align_left lp-f-body-02\">Ils ont \u00e9t\u00e9 reconnu coupables d\u2019injures non publiques et violences psychologiques en r\u00e9union, exerc\u00e9es par une personne d\u00e9positaire de l\u2019autorit\u00e9 publique.<\/p>\n<p>Deux autres policiers relax\u00e9s<\/p>\n<p class=\"paragraph text_align_left lp-f-body-02\">Le tribunal n\u2019a pas retenu de violences physiques, dans la mesure o\u00f9, selon le certificat m\u00e9dical, les ecchymoses relev\u00e9es sur le jeune Tunisien pouvaient r\u00e9sulter d\u2019une chute pendant son interpellation ou d\u2019automutilations pendant sa garde \u00e0 vue, qu\u2019il a reconnues.<\/p>\n<p class=\"paragraph text_align_left lp-f-body-02\">Les deux policiers qui se trouvaient \u00e0 l\u2019avant de la fourgonnette et qui ne sont pas intervenus, assurant ne pas avoir eu conscience des agissements de leurs coll\u00e8gues, ont \u00e9t\u00e9 relax\u00e9s. \u00ab La coaction ne peut pas r\u00e9sulter d\u2019une simple abstention \u00bb, selon le tribunal.<\/p>\n<p class=\"paragraph text_align_left lp-f-body-02\">Les trois policiers condamn\u00e9s, \u00e2g\u00e9s de 30, 32 et 41 ans, devront payer chacun une amende de 500 euros et verser solidairement 1 000 euros de dommages au jeune homme, un euro symbolique \u00e0 la Ligue des droits de l\u2019Homme et \u00e0 la Licra, et 800 euros de frais de justice aux trois parties civiles. Le second interpell\u00e9 ne s\u2019\u00e9tait en revanche pas constitu\u00e9 partie civile.<\/p>\n","protected":false},"excerpt":{"rendered":"Trois policiers, jug\u00e9s \u00e0 Nice (Alpes-Maritimes) pour des injures racistes et des violences psychologiques \u00e0 l\u2019\u00e9gard de deux&hellip;\n","protected":false},"author":2,"featured_media":526575,"comment_status":"","ping_status":"","sticky":false,"template":"","format":"standard","meta":{"footnotes":""},"categories":[2819],"tags":[1111,11,459,1777,674,118,1011,27,12,2401,882,25],"class_list":{"0":"post-526574","1":"post","2":"type-post","3":"status-publish","4":"format-standard","5":"has-post-thumbnail","7":"category-nice","8":"tag-actu","9":"tag-actualites","10":"tag-departements-horsidfo","11":"tag-eu","12":"tag-europe","13":"tag-faits-divers","14":"tag-fr","15":"tag-france","16":"tag-news","17":"tag-nice","18":"tag-provence-alpes-cote-dazur","19":"tag-republique-francaise"},"share_on_mastodon":{"url":"https:\/\/pubeurope.com\/@fr\/115529696189768977","error":""},"_links":{"self":[{"href":"https:\/\/www.europesays.com\/fr\/wp-json\/wp\/v2\/posts\/526574","targetHints":{"allow":["GET"]}}],"collection":[{"href":"https:\/\/www.europesays.com\/fr\/wp-json\/wp\/v2\/posts"}],"about":[{"href":"https:\/\/www.europesays.com\/fr\/wp-json\/wp\/v2\/types\/post"}],"author":[{"embeddable":true,"href":"https:\/\/www.europesays.com\/fr\/wp-json\/wp\/v2\/users\/2"}],"replies":[{"embeddable":true,"href":"https:\/\/www.europesays.com\/fr\/wp-json\/wp\/v2\/comments?post=526574"}],"version-history":[{"count":0,"href":"https:\/\/www.europesays.com\/fr\/wp-json\/wp\/v2\/posts\/526574\/revisions"}],"wp:featuredmedia":[{"embeddable":true,"href":"https:\/\/www.europesays.com\/fr\/wp-json\/wp\/v2\/media\/526575"}],"wp:attachment":[{"href":"https:\/\/www.europesays.com\/fr\/wp-json\/wp\/v2\/media?parent=526574"}],"wp:term":[{"taxonomy":"category","embeddable":true,"href":"https:\/\/www.europesays.com\/fr\/wp-json\/wp\/v2\/categories?post=526574"},{"taxonomy":"post_tag","embeddable":true,"href":"https:\/\/www.europesays.com\/fr\/wp-json\/wp\/v2\/tags?post=526574"}],"curies":[{"name":"wp","href":"https:\/\/api.w.org\/{rel}","templated":true}]}}